{"id":127419,"date":"2021-03-22T18:01:05","date_gmt":"2021-03-22T21:01:05","guid":{"rendered":"https:\/\/www.novaconcursos.com.br\/portal\/?p=127419"},"modified":"2021-03-22T18:20:40","modified_gmt":"2021-03-22T21:20:40","slug":"concurso-agu-temporarios-previsto-para-este-ano","status":"publish","type":"post","link":"https:\/\/www.novaconcursos.com.br\/portal\/noticias\/concurso-agu-temporarios-previsto-para-este-ano\/","title":{"rendered":"Concurso AGU tempor\u00e1rios previsto para este ano!"},"content":{"rendered":"<p>Boa not\u00edcia, concurseiros! Na \u00faltima quinta-feira (18), o presidente Jair Bolsonaro enviou a <strong>Medida Provis\u00f3ria n\u00ba 1.039<\/strong>, prevendo a contrata\u00e7\u00e3o de profissionais tempor\u00e1rios no\u00a0Minist\u00e9rio da Cidadania e na Advocacia-Geral da Uni\u00e3o (AGU). <\/p>\n\n\n\n<p>Agora, um <a href=\"https:\/\/www.novaconcursos.com.br\/portal\/concursos\/concurso-agu\/\">novo concurso AGU<\/a> poder\u00e1 ser oficializado ainda em 2021, com oportunidades tempor\u00e1rias. O texto\u00a0foi enviado ao <strong>Congresso Nacional<\/strong>.<\/p>\n\n\n\n<ul class=\"wp-block-list\"><li><strong>Confira:<\/strong> <a href=\"https:\/\/www.novaconcursos.com.br\/eventos\/guia-definitivo-plano-de-estudos-passo-a-passo\/\" target=\"_blank\" rel=\"noreferrer noopener\" aria-label=\" (abre numa nova aba)\">Guia Definitivo Plano de Estudos (Gr\u00e1tis)<\/a><\/li><\/ul><p><\/p>\n\n\n\n<h2 class=\"wp-block-heading\" id=\"concurso-agu-detalhes-do-certame\">Concurso AGU: detalhes do certame<\/h2>\n\n\n\n<p>A Medida Provis\u00f3ria n\u00e3o confirmou se haver\u00e1 um mesmo edital para os dois \u00f3rg\u00e3os ou se ser\u00e3o <a href=\"https:\/\/www.novaconcursos.com.br\/portal\/concursos-abertos\/nacional\/\">abertos dois documentos<\/a> para uma sele\u00e7\u00e3o particular. Os cargos e sal\u00e1rios tamb\u00e9m n\u00e3o foram divulgados e n\u00e3o h\u00e1 previs\u00e3o de quantas vagas ser\u00e3o abertas.<\/p>\n\n\n\n<ul class=\"wp-block-list\"><li><strong>Adquira<\/strong>: <a href=\"https:\/\/www.novaconcursos.com.br\/concurso\/agu-advocacia-geral-da-uniao\/apostila\">Apostila completa concurso AGU<\/a><\/li><\/ul><p><\/p>\n\n\n\n<p>A MP aponta que os contratados na <strong>Advocacia-Geral da Uni\u00e3o<\/strong> ir\u00e3o atuar\u00a0nas atividades relativas a apoio para triagem e tratamento de processos judiciais. <\/p>\n\n\n\n<p>Por outro lado, as vagas no <strong>Minist\u00e9rio da\u00a0Cidadania<\/strong> ser\u00e3o\u00a0relativas ao processamento, \u00e0 an\u00e1lise, ao pagamento e \u00e0 presta\u00e7\u00e3o de contas.<\/p>\n\n\n\n<p>Assim, com vig\u00eancia de seus meses e podendo ser prorrogado, enquanto perdurar o pagamento do <strong>Aux\u00edlio Emergencial,<\/strong> a contrata\u00e7\u00e3o de pessoal dever\u00e1 ser feita da seguinte forma, descrita abaixo:<\/p>\n\n\n\n<ul class=\"wp-block-list\"><li>por meio de an\u00e1lise de curr\u00edculo;<\/li><li>pelo prazo m\u00e1ximo de um ano, admitida a prorroga\u00e7\u00e3o, desde que o prazo total n\u00e3o exceda a dois anos; e<\/li><li>condicionada \u00e0 disponibilidade or\u00e7ament\u00e1ria e financeira.<\/li><\/ul><p><\/p>\n\n\n\n<h2 class=\"wp-block-heading\" id=\"concurso-agu-para-efetivos\"><strong>Concurso AGU para efetivos<\/strong><\/h2>\n\n\n\n<p>Al\u00e9m do concurso AGU para tempor\u00e1rios, a\u00a0Advocacia-Geral da Uni\u00e3o tamb\u00e9m poder\u00e1 realizar ainda um novo\u00a0<strong>certame para efetivos<\/strong>.  As informa\u00e7\u00f5es foram divulgadas pelo procurador da Fazenda Nacional, Jurandi Ferreira, por meio das redes sociais.<\/p>\n\n\n\n<p>O \u00f3rg\u00e3o iniciou os estudos para a\u00a0sele\u00e7\u00e3o, que foi aprovada no dia 16 de novembro de 2020, durante uma reuni\u00e3o do\u00a0<strong>Conselho Superior<\/strong>. Agora, por\u00e9m, \u00e9 aguardado um parecer do <strong>Minist\u00e9rio da Economia<\/strong>. <\/p>\n\n\n\n<p>O procurador afirmou ainda que a Economia n\u00e3o precisa autorizar o concurso, mas ser\u00e1 preciso dar a sua\u00a0an\u00e1lise t\u00e9cnica. Al\u00e9m disso, \u00e9 preciso uma autoriza\u00e7\u00e3o do Conselho Superior da\u00a0Advocacia-Geral da Uni\u00e3o (CSAGU).<\/p>\n\n\n\n<h3 class=\"wp-block-heading\">Previs\u00e3o de vagas<\/h3>\n\n\n\n<p>Est\u00e1 <a href=\"https:\/\/www.novaconcursos.com.br\/portal\/concursos-previstos\/nacional\/\">prevista a abertura <\/a>para preenchimento de <strong>100 vagas para cada carreira<\/strong> de Procurador, da Procuradoria Geral da Fazenda Nacional (PGFN), e Advogado da Uni\u00e3o.<\/p>\n\n\n\n<p><em>\u201cA PGFN prop\u00f5e e n\u00f3s aprovamos (no caso dos advogados da Uni\u00e3o, a SGA prop\u00f5e). Por ora, 100 vagas cada\u201d<\/em>, escreveu o procurador. <em>\u201cNos pareceu que, diante das veda\u00e7\u00f5es da LC 173, a \u00fanica alternativa era repor vac\u00e2ncias mesmo. Por mim, saindo o concurso, vai ser o mais bem cuidado de nossa hist\u00f3ria recente\u201d<\/em>, completou.<\/p>\n\n\n\n<p>E ainda, apesar das palavras do\u00a0Procurador, a\u00a0<strong>Advocacia-Geral da Uni\u00e3o<\/strong> afirmou que n\u00e3o tinha concursos aprovados para as suas carreiras, mas,\u00a0n\u00e3o negou a realiza\u00e7\u00e3o de estudos internos.<\/p>\n\n\n\n<p><em>\u201cN\u00e3o h\u00e1 nenhum concurso aprovado para as carreiras da AGU.\u00a0Por outro lado, h\u00e1 estudos em curso para eventual proposta em horizonte de longo prazo, ainda nem sequer definido, mas tendencialmente n\u00e3o antes de meados de algum ano futuro\u201d<\/em>, enfatizou a AGU.<\/p>\n\n\n\n<p>Para a carreira de Advogado da Uni\u00e3o e Procurador da Fazenda Nacional \u00e9 exigida gradua\u00e7\u00e3o<strong> em Direito<\/strong>, com registro na Ordem dos Advogados do Brasil (OAB), al\u00e9m de experi\u00eancia de dois anos. Os sal\u00e1rios podem ultrapassar <strong>R$ 17.330,33<\/strong> (Advogado) e <strong>R$ 19.655,67<\/strong> (Procurador).<\/p>\n\n\n\n<h2 class=\"wp-block-heading\" id=\"ltimo-concurso-agu\"><strong>\u00daltimo concurso AGU<\/strong><\/h2>\n\n\n\n<p>Realizado <strong>em 2015<\/strong>, o \u00faltimo\u00a0concurso AGU ofertou vagas para as mesmas carreiras que est\u00e3o previstas para o edital deste ano. Foram, ent\u00e3o:<\/p>\n\n\n\n<ul class=\"wp-block-list\"><li>Advogado da Uni\u00e3o \u2013 84 vagas, com organiza\u00e7\u00e3o do Cebraspe (antigo\u00a0Cespe \/ UnB) <\/li><li>Procurador da Fazenda Nacional \u2013 150 vagas, com organiza\u00e7\u00e3o da Escola de Administra\u00e7\u00e3o Fazend\u00e1ria (Esaf)  <\/li><\/ul><p><\/p>\n\n\n\n<p>Em ambos os\u00a0concursos, <strong>os candidatos foram avaliados<\/strong> por meio de\u00a0provas objetivas, discursivas I, II e III, oral e de t\u00edtulos, al\u00e9m da sindic\u00e2ncia de vida pregressa.<\/p>\n\n\n\n<p>A prova objetiva para Procurador foi composta de <strong>100 quest\u00f5es<\/strong>, envolvendo mat\u00e9rias como Direito Constitucional, Tribut\u00e1rio, Financeiro e Econ\u00f4mico, Administrativo, Internacional P\u00fablico, Empresarial, Civil, Processual do Trabalho e da Seguridade Social.<\/p>\n\n\n\n<p>Por outro lado, o exame\u00a0para os Advogados foi ofertado com <strong>200 quest\u00f5es<\/strong>, distribu\u00eddas por tr\u00eas grupos, sendo:<\/p>\n\n\n\n<p><strong>Grupo I (90 quest\u00f5es)<\/strong><\/p>\n\n\n\n<ul class=\"wp-block-list\"><li>Direito Administrativo;<\/li><li>Direito Constitucional;<\/li><li>Direito Financeiro e Econ\u00f4mico;<\/li><li>Direito Tribut\u00e1rio; e<\/li><li>Direito Ambiental.<\/li><\/ul><p><\/p>\n\n\n\n<p><strong>Grupo II (60 quest\u00f5es)<\/strong><\/p>\n\n\n\n<ul class=\"wp-block-list\"><li>Direito Civil;<\/li><li>Direito Processual Civil;<\/li><li>Direito Empresarial;<\/li><li>Direito Internacional P\u00fablico; e\u00a0<\/li><li>Direito Internacional Privado.<\/li><\/ul><p><\/p>\n\n\n\n<p><strong>Grupo III (50 quest\u00f5es)<\/strong><\/p>\n\n\n\n<ul class=\"wp-block-list\"><li>Direito Penal e Processual Penal;<\/li><li>Direito do Trabalho e Processual do Trabalho; e<\/li><li>Direito da Seguridade Social.<\/li><\/ul><p><\/p>\n\n\n\n<p>Foram <strong>261 candidatos aprovados<\/strong> no concurso, que teve validade encerrada em 28 de dezembro de 2017, quando os habilitados\u00a0foram convocados. No total, 224 foram contratados.<\/p>","protected":false},"excerpt":{"rendered":"<p>Boa not\u00edcia, concurseiros! Na \u00faltima quinta-feira (18), o presidente Jair Bolsonaro enviou a Medida Provis\u00f3ria n\u00ba 1.039, prevendo a contrata\u00e7\u00e3o de profissionais tempor\u00e1rios no\u00a0Minist\u00e9rio da Cidadania e na Advocacia-Geral da Uni\u00e3o (AGU). Agora, um novo concurso AGU poder\u00e1 ser oficializado ainda em 2021, com oportunidades tempor\u00e1rias. O texto\u00a0foi enviado ao Congresso Nacional. Confira: Guia Definitivo [&hellip;]<\/p>\n","protected":false},"author":54671,"featured_media":127442,"comment_status":"closed","ping_status":"closed","sticky":false,"template":"","format":"standard","meta":{"_acf_changed":false,"footnotes":"","_wp_rev_ctl_limit":""},"categories":[228],"tags":[37382,37383,37385,7376,7378,3726,198,2578,33727,37386,37381],"class_list":["post-127419","post","type-post","status-publish","format-standard","has-post-thumbnail","hentry","category-noticias","tag-advocacia-geral-da-uniao","tag-agu","tag-bolsonaro","tag-concurso-advocacia-geral-da-uniao","tag-concurso-agu","tag-concursos-abertos","tag-concursos-previstos","tag-concursos-publicos","tag-jair-bolsonaro","tag-medida-provisoria","tag-ministerio-da-cidadania"],"acf":[],"_links":{"self":[{"href":"https:\/\/www.novaconcursos.com.br\/portal\/wp-json\/wp\/v2\/posts\/127419","targetHints":{"allow":["GET"]}}],"collection":[{"href":"https:\/\/www.novaconcursos.com.br\/portal\/wp-json\/wp\/v2\/posts"}],"about":[{"href":"https:\/\/www.novaconcursos.com.br\/portal\/wp-json\/wp\/v2\/types\/post"}],"author":[{"embeddable":true,"href":"https:\/\/www.novaconcursos.com.br\/portal\/wp-json\/wp\/v2\/users\/54671"}],"replies":[{"embeddable":true,"href":"https:\/\/www.novaconcursos.com.br\/portal\/wp-json\/wp\/v2\/comments?post=127419"}],"version-history":[{"count":3,"href":"https:\/\/www.novaconcursos.com.br\/portal\/wp-json\/wp\/v2\/posts\/127419\/revisions"}],"predecessor-version":[{"id":127434,"href":"https:\/\/www.novaconcursos.com.br\/portal\/wp-json\/wp\/v2\/posts\/127419\/revisions\/127434"}],"wp:featuredmedia":[{"embeddable":true,"href":"https:\/\/www.novaconcursos.com.br\/portal\/wp-json\/wp\/v2\/media\/127442"}],"wp:attachment":[{"href":"https:\/\/www.novaconcursos.com.br\/portal\/wp-json\/wp\/v2\/media?parent=127419"}],"wp:term":[{"taxonomy":"category","embeddable":true,"href":"https:\/\/www.novaconcursos.com.br\/portal\/wp-json\/wp\/v2\/categories?post=127419"},{"taxonomy":"post_tag","embeddable":true,"href":"https:\/\/www.novaconcursos.com.br\/portal\/wp-json\/wp\/v2\/tags?post=127419"}],"curies":[{"name":"wp","href":"https:\/\/api.w.org\/{rel}","templated":true}]}}