{"id":127628,"date":"2021-03-25T12:45:58","date_gmt":"2021-03-25T15:45:58","guid":{"rendered":"https:\/\/www.novaconcursos.com.br\/portal\/?p=127628"},"modified":"2021-03-25T12:46:02","modified_gmt":"2021-03-25T15:46:02","slug":"concurso-secult-df-comissao-formada-e-edital-em-breve","status":"publish","type":"post","link":"https:\/\/www.novaconcursos.com.br\/portal\/noticias\/concurso-secult-df-comissao-formada-e-edital-em-breve\/","title":{"rendered":"Concurso Secult DF: comiss\u00e3o formada e edital em breve!"},"content":{"rendered":"<p>Boa not\u00edcia, concurseiros! O concurso Secult DF (Secretaria de Cultura e Economia Criativa do Distrito Federal) sofreu nova atualiza\u00e7\u00e3o nesta semana. Agora, a <strong>comiss\u00e3o respons\u00e1vel <\/strong>pelo certame est\u00e1 formada. <\/p>\n\n\n\n<ul class=\"wp-block-list\"><li><strong>Confira:<\/strong> <a href=\"https:\/\/www.novaconcursos.com.br\/eventos\/raciocinio-logico-concursos\/\" target=\"_blank\" rel=\"noreferrer noopener\" aria-label=\" (abre numa nova aba)\">Guia Racioc\u00ednio L\u00f3gico para Concursos<\/a><\/li><\/ul><p><\/p>\n\n\n\n<h2 class=\"wp-block-heading\" id=\"concurso-secult-df-novo-grupo-formado\">Concurso Secult DF: novo grupo formado<\/h2>\n\n\n\n<p>A comiss\u00e3o formada ter\u00e1 como objetivo realizar estudos para prover os cargos de <strong>Analista<\/strong>, <strong>T\u00e9cnico <\/strong>e <strong>Auxiliar <\/strong>de seus quadros. Confira os nomes:<\/p>\n\n\n\n<figure class=\"wp-block-image size-large\"><img decoding=\"async\" width=\"460\" height=\"321\" src=\"https:\/\/www.novaconcursos.com.br\/portal\/wp-content\/uploads\/2021\/03\/secult.png\" alt=\"\" class=\"wp-image-127635\" loading=\"lazy\" title=\"\" srcset=\"https:\/\/www.novaconcursos.com.br\/portal\/wp-content\/uploads\/2021\/03\/secult-300x209.png 300w, https:\/\/www.novaconcursos.com.br\/portal\/wp-content\/uploads\/2021\/03\/secult.png 460w\" sizes=\"auto, (max-width: 480px) 100vw, (max-width: 768px) 100vw, (max-width: 1200px) 70vw, 768px\"><figcaption><\/figcaption><\/figure><p>Agora, s\u00e3o <strong>30 dias<\/strong> para que a comiss\u00e3o possa concluir os estudos para o novo certame. Entretanto, o <strong>prazo <\/strong>pode ser prorrogado por um igual per\u00edodo. Ap\u00f3s isso, a Secult do <a href=\"https:\/\/www.novaconcursos.com.br\/portal\/concursos-abertos\/df\/\">Distrito Federal<\/a> estar\u00e1 apto para realizar a nova sele\u00e7\u00e3o.<\/p>\n\n\n\n<p>E mais, essa n\u00e3o \u00e9 a primeira vez que a comiss\u00e3o foi formada. Ainda em 2020, em fevereiro, uma publica\u00e7\u00e3o no <strong>Di\u00e1rio Oficial<\/strong> do DF mostrava a forma\u00e7\u00e3o de um grupo de trabalho que teria 90 dias para realizar estudos. <\/p>\n\n\n\n<p>Entretanto, em maio do ano passado, <strong>o prazo<\/strong> chegou a ser prorrogado por igual per\u00edodo, mas desde ent\u00e3o, n\u00e3o mais se tem not\u00edcias de novas etapas da pretensa sele\u00e7\u00e3o, que<strong> ficou paralisada<\/strong>, possivelmente por conta da pandemia do Coronav\u00edrus. <\/p>\n\n\n\n<h2 class=\"wp-block-heading\" id=\"h-concurso-secult-df-panorama\">Concurso Secult DF: vagas previstas<\/h2>\n\n\n\n<p>Mesmo que o edital ainda n\u00e3o esteja publicado, \u00e9 poss\u00edvel que isso aconte\u00e7a em breve. De acordo com informa\u00e7\u00f5es da <strong>Lei de Diretrizes Or\u00e7ament\u00e1rias <\/strong>de 2020, est\u00e3o autorizadas ao menos 225 vagas para um novo concurso Secult Distrito Federal do \u00f3rg\u00e3o.<\/p>\n\n\n\n<p>Entre as vagas que ser\u00e3o ofertadas, <a href=\"https:\/\/www.novaconcursos.com.br\/portal\/concursos-previstos\/df\/\">est\u00e3o previstas<\/a><strong> 170<\/strong> para o cargo de T\u00e9cnico de Atividades Culturais, <strong>31 <\/strong>para Analistas e outras para o <strong>24 <\/strong>para o cargo de M\u00fasico.<\/p>\n\n\n\n<h2 class=\"wp-block-heading\" id=\"ltimo-concurso-secult-df\">\u00daltimo concurso Secult DF<\/h2>\n\n\n\n<p>O certame \u00e9 esperado <strong>desde 2018<\/strong>, ano em que foi aberto internamente o processo de solicita\u00e7\u00e3o de abertura de nova sele\u00e7\u00e3o na pasta. <\/p>\n\n\n\n<p>Realizado pela IADES, <strong>em 2014<\/strong>, um concurso ofereceu provimento de <strong>100 vagas<\/strong> nos seguintes cargos:<\/p>\n\n\n\n<p><strong>Analista (n\u00edvel superior)<\/strong><\/p>\n\n\n\n<ul class=\"wp-block-list\"><li>Administra\u00e7\u00e3o<\/li><li>Biblioteconomia<\/li><li>Arquivologia<\/li><li>Artes C\u00eanicas<\/li><li>Artes Pl\u00e1sticas<\/li><li>Comunica\u00e7\u00e3o Social (diversos)<\/li><li>Conserva\u00e7\u00e3o e Restauro<\/li><li>Contabilidade<\/li><li>Direito e Legisla\u00e7\u00e3o<\/li><li>Estat\u00edstica<\/li><li>Hist\u00f3ria<\/li><li>Letras<\/li><li>Museologia<\/li><li>Pedagogia<\/li><\/ul><p><\/p>\n\n\n\n<p><strong>T\u00e9cnico (n\u00edvel m\u00e9dio)<\/strong><\/p>\n\n\n\n<ul class=\"wp-block-list\"><li>Agente Administrativo<\/li><li>T\u00e9cnico em Conserva\u00e7\u00e3o e Restauro<\/li><li>T\u00e9cnico em Contabilidade<\/li><\/ul><p><\/p>\n\n\n\n<p>Na \u00e9poca, os sal\u00e1rios ofertados foram de <strong>R$ 4.160,00 a R$ 5.999,99<\/strong>, com uma jornada de trabalho de at\u00e9 40h semanais. Entretanto, agora, depois de sete anos, esse valor deve estar bem superior ao previsto no edital passado.<\/p>\n\n\n\n<h3 class=\"wp-block-heading\" id=\"h-etapas-e-disciplinas\">Etapas de avalia\u00e7\u00e3o<\/h3>\n\n\n\n<p>Os concurseiros foram avaliados, no \u00faltimo certame, atrav\u00e9s de <strong>tr\u00eas etapas<\/strong>, sendo provas objetivas, prova discursiva (cargos de n\u00edvel superior) e prova de t\u00edtulos (cargos de n\u00edvel superior). <\/p>\n\n\n\n<p>Assim, a <strong>prova objetiva<\/strong> foi aplicada contendo at\u00e9 <strong>seis disciplinas<\/strong> e um total de 50 quest\u00f5es, sendo:<\/p>\n\n\n\n<p><strong>Conhecimentos B\u00e1sicos<\/strong><\/p>\n\n\n\n<ul class=\"wp-block-list\"><li>L\u00edngua portuguesa \u2013 8 quest\u00f5es<\/li><li>Racioc\u00ednio L\u00f3gico e Matem\u00e1tico \u2013 5 quest\u00f5es<\/li><li>Legisla\u00e7\u00e3o Aplicada aos Servidores do Governo do DF \u2013 5 quest\u00f5es<\/li><li>Microinform\u00e1tica \u2013 4 quest\u00f5es<\/li><li>Atualidades \u2013 3 quest\u00f5es<\/li><\/ul><p><\/p>\n\n\n\n<p><strong>Conhecimentos Espec\u00edficos<\/strong><\/p>\n\n\n\n<ul class=\"wp-block-list\"><li>Temas t\u00e9cnicos e espec\u00edficos para cada cargo \u2013 25 quest\u00f5es<\/li><\/ul><p><\/p>","protected":false},"excerpt":{"rendered":"<p>Boa not\u00edcia, concurseiros! O concurso Secult DF (Secretaria de Cultura e Economia Criativa do Distrito Federal) sofreu nova atualiza\u00e7\u00e3o nesta semana. Agora, a comiss\u00e3o respons\u00e1vel pelo certame est\u00e1 formada. Confira: Guia Racioc\u00ednio L\u00f3gico para Concursos Concurso Secult DF: novo grupo formado A comiss\u00e3o formada ter\u00e1 como objetivo realizar estudos para prover os cargos de Analista, [&hellip;]<\/p>\n","protected":false},"author":54671,"featured_media":127663,"comment_status":"closed","ping_status":"closed","sticky":false,"template":"","format":"standard","meta":{"_acf_changed":false,"footnotes":"","_wp_rev_ctl_limit":""},"categories":[228],"tags":[37418,37419,37420,579,3726,24832,24833,198,2578,37417,8052,2031,37415],"class_list":["post-127628","post","type-post","status-publish","format-standard","has-post-thumbnail","hentry","category-noticias","tag-concurso-secretaria-de-cultura-e-economia-criativa","tag-concurso-secult","tag-concurso-secult-df","tag-concursos","tag-concursos-abertos","tag-concursos-df","tag-concursos-distrito-federal","tag-concursos-previstos","tag-concursos-publicos","tag-concursosecretaria-de-cultura-e-economia-criativa-do-distrito-federal","tag-df","tag-distrito-federal","tag-secretaria-de-cultura-e-economia-criativa-do-distrito-federal"],"acf":[],"_links":{"self":[{"href":"https:\/\/www.novaconcursos.com.br\/portal\/wp-json\/wp\/v2\/posts\/127628","targetHints":{"allow":["GET"]}}],"collection":[{"href":"https:\/\/www.novaconcursos.com.br\/portal\/wp-json\/wp\/v2\/posts"}],"about":[{"href":"https:\/\/www.novaconcursos.com.br\/portal\/wp-json\/wp\/v2\/types\/post"}],"author":[{"embeddable":true,"href":"https:\/\/www.novaconcursos.com.br\/portal\/wp-json\/wp\/v2\/users\/54671"}],"replies":[{"embeddable":true,"href":"https:\/\/www.novaconcursos.com.br\/portal\/wp-json\/wp\/v2\/comments?post=127628"}],"version-history":[{"count":5,"href":"https:\/\/www.novaconcursos.com.br\/portal\/wp-json\/wp\/v2\/posts\/127628\/revisions"}],"predecessor-version":[{"id":127664,"href":"https:\/\/www.novaconcursos.com.br\/portal\/wp-json\/wp\/v2\/posts\/127628\/revisions\/127664"}],"wp:featuredmedia":[{"embeddable":true,"href":"https:\/\/www.novaconcursos.com.br\/portal\/wp-json\/wp\/v2\/media\/127663"}],"wp:attachment":[{"href":"https:\/\/www.novaconcursos.com.br\/portal\/wp-json\/wp\/v2\/media?parent=127628"}],"wp:term":[{"taxonomy":"category","embeddable":true,"href":"https:\/\/www.novaconcursos.com.br\/portal\/wp-json\/wp\/v2\/categories?post=127628"},{"taxonomy":"post_tag","embeddable":true,"href":"https:\/\/www.novaconcursos.com.br\/portal\/wp-json\/wp\/v2\/tags?post=127628"}],"curies":[{"name":"wp","href":"https:\/\/api.w.org\/{rel}","templated":true}]}}