{"id":127748,"date":"2021-03-26T13:34:19","date_gmt":"2021-03-26T16:34:19","guid":{"rendered":"https:\/\/www.novaconcursos.com.br\/portal\/?p=127748"},"modified":"2021-03-26T13:35:17","modified_gmt":"2021-03-26T16:35:17","slug":"concursos-destaques","status":"publish","type":"post","link":"https:\/\/www.novaconcursos.com.br\/portal\/noticias\/concursos-destaques\/","title":{"rendered":"Concursos PF, Seguran\u00e7a CE, Sefa PA, PC PR e mais destaques da semana!"},"content":{"rendered":"<p>Aten\u00e7\u00e3o concurseiros! Est\u00e1  chegando o fim do m\u00eas de mar\u00e7o e pra fechar com chave de ouro veja os sinais positivos para quem busca grandes oportunidades.<\/p>\n\n\n\n<ul class=\"wp-block-list\"><li>Confira:  <a href=\"https:\/\/www.novaconcursos.com.br\/eventos\/materiais-gratuitos-para-concursos\/\" target=\"_blank\" rel=\"noreferrer noopener\" aria-label=\"Materiais Gratuitos para Concursos  (abre numa nova aba)\">Materiais Gratuitos para Concursos <\/a><\/li><\/ul><p><\/p>\n\n\n\n<p>J\u00e1 saiu o edital do concurso Cremese com 40 vagas para n\u00edveis m\u00e9dio e superior e Imbel abre sele\u00e7\u00e3o com vagas de n\u00edvel m\u00e9dio em Juiz de Fora-MG. Confira esses e outros destaques que marcaram a semana!<\/p>\n\n\n\n<h2 class=\"wp-block-heading\" id=\"concurso-sefazrr\"><strong>Concurso Sefaz-RR<\/strong><\/h2>\n\n\n\n<p>O edital<strong> <\/strong>do <a href=\"https:\/\/www.novaconcursos.com.br\/portal\/concursos\/concurso-sefaz-rr\/\">concurso Sefaz RR<\/a> estava previsto para este m\u00eas de mar\u00e7o, entretanto, a Secretaria da Fazenda de Roraima adiantou algumas informa\u00e7\u00f5es, nesta quinta-feira, 25, sobre a sele\u00e7\u00e3o. <strong>Ao que tudo indica, a publica\u00e7\u00e3o dever\u00e1 ficar para os pr\u00f3ximos meses.<\/strong><\/p>\n\n\n\n<p>Ao todo, ser\u00e3o ofertadas <strong>30 vagas<\/strong> para o cargo, sendo <strong>20 vagas<\/strong> de car\u00e1ter imediato e <strong>10 vagas<\/strong> para forma\u00e7\u00e3o de cadastro reserva.<\/p>\n\n\n\n<h2 class=\"wp-block-heading\" id=\"concursos-cear\">Concursos Cear\u00e1<\/h2>\n\n\n\n<p>Aten\u00e7\u00e3o aos candidatos do Cear\u00e1. O governador do Estado, Camilo Santana, anunciou que os <a href=\"https:\/\/www.novaconcursos.com.br\/portal\/noticias\/concurso-seguranca-ce-editais-marco\/\">editais da Seguran\u00e7a <\/a>ser\u00e3o publicados \u201cnos pr\u00f3ximos dias\u201d, em datas ainda a confirmar.<\/p>\n\n\n\n<ul class=\"wp-block-list\"><li>Adquira: <a href=\"https:\/\/www.novaconcursos.com.br\/apostila\/pm-ce-prep-soldado\">Apostila Completa PC CE<\/a><\/li><li>Adquira: <a href=\"https:\/\/www.novaconcursos.com.br\/curso-online\/pacote-completo-pm-ce-soldado\">Curso Online Completo PC CE<\/a><br><\/li><\/ul><p><\/p>\n\n\n\n<h2 class=\"wp-block-heading\" id=\"concurso-tj-ce\"><strong>Concurso TJ CE<\/strong><\/h2>\n\n\n\n<p>O Tribunal de Justi\u00e7a do Estado do Cear\u00e1<strong> retificou mais uma vez o resultado final<\/strong> do<a href=\"https:\/\/www.novaconcursos.com.br\/portal\/noticias\/concurso-tj-ce-divulgado-o-resultado-final-para-tecnico-judiciario\/\"> concurso TJ CE<\/a>, que ocorreu em 2019 para os cargos de\u00a0 T\u00e9cnico Judici\u00e1rio \u2013 \u00c1rea Administrativa e Judici\u00e1ria. O \u00f3rg\u00e3o republicou o resultado com o objetivo de inclus\u00e3o de candidatos sub judice.<\/p>\n\n\n\n<ul class=\"wp-block-list\"><li>Adquira: <a href=\"https:\/\/www.novaconcursos.com.br\/concurso\/tj-ce-tribunal-de-justica-do-estado-do-ceara\/apostila\">Apostila Completa TJ CE<\/a><\/li><li>Adquira: <a href=\"https:\/\/www.novaconcursos.com.br\/concurso\/tj-ce-tribunal-de-justica-do-estado-do-ceara\/curso-online\">Curso Online Completo TJ CE<\/a><\/li><\/ul><p><\/p>\n\n\n\n<h2 class=\"wp-block-heading\" id=\"concurso-ibge\"><strong>Concurso IBGE<\/strong><\/h2>\n\n\n\n<p>Os editais dos <a href=\"https:\/\/www.novaconcursos.com.br\/portal\/concursos\/concurso-ibge\/\">concursos IBGE <\/a> sofreram algumas altera\u00e7\u00f5es nos \u00faltimos dias. Na \u00faltima quinta-feira, 25, saiu no Di\u00e1rio Oficial mais uma mudan\u00e7a nas sele\u00e7\u00f5es.<\/p>\n\n\n\n<ul class=\"wp-block-list\"><li>Adquira: <a href=\"https:\/\/www.novaconcursos.com.br\/concurso\/ibge-fundacao-instituto-brasileiro-de-geografia-e-estatistica\/apostila\">Apostila Completa IBGE<\/a><\/li><li>Adquira: <a href=\"https:\/\/www.novaconcursos.com.br\/concurso\/ibge-fundacao-instituto-brasileiro-de-geografia-e-estatistica\/curso-online\">Curso Online Completo IBGE<\/a><\/li><\/ul><p><\/p>\n\n\n\n<h2 class=\"wp-block-heading\" id=\"concurso-ibge-censo-demogrfico\"><strong>Concurso IBGE Censo Demogr\u00e1fico<\/strong><\/h2>\n\n\n\n<p>O Censo Demogr\u00e1fico 2021 e, consequentemente, o andamento do\u00a0<a href=\"https:\/\/www.novaconcursos.com.br\/portal\/concursos\/concurso-ibge\/\">concurso IBGE<\/a>\u00a0podem n\u00e3o acontecer neste ano. Isso porque na quinta-feira, 25, o Congresso Nacional aprovou o corte de verba para a pesquisa.\u00a0 <\/p>\n\n\n\n<ul class=\"wp-block-list\"><li>Adquira: <a href=\"https:\/\/www.novaconcursos.com.br\/concurso\/ibge-fundacao-instituto-brasileiro-de-geografia-e-estatistica\/apostila\">Apostila Completa IBGE<\/a><\/li><li>Adquira: <a href=\"https:\/\/www.novaconcursos.com.br\/concurso\/ibge-fundacao-instituto-brasileiro-de-geografia-e-estatistica\/curso-online\">Curso Online Completo IBGE<\/a><\/li><\/ul><p><\/p>\n\n\n\n<h2 class=\"wp-block-heading\" id=\"concurso-dpe-rs\"><strong>Concurso DPE RS<\/strong><\/h2>\n\n\n\n<p>O <a href=\"https:\/\/www.novaconcursos.com.br\/portal\/concursos\/concurso-dpe-rs\/\">concurso DPE RS<\/a>, que ofertar\u00e1 vagas para a carreira de Defensor P\u00fablico, ter\u00e1 o Cebraspe como organizador. Ap\u00f3s a publica\u00e7\u00e3o da dispensa de licita\u00e7\u00e3o, no \u00faltimo dia 16, o contrato com a banca foi assinado.<\/p>\n\n\n\n<h2 class=\"wp-block-heading\" id=\"concurso-pc-pr\"><strong>Concurso PC PR<\/strong><\/h2>\n\n\n\n<p>A espera acabou! Foi divulgado  o novo cronograma do\u00a0<a href=\"https:\/\/www.novaconcursos.com.br\/portal\/concursos\/concurso-pc-pr\/\">concurso PC PR<\/a>\u00a0. A prova objetiva para todos os cargos ser\u00e1 realizada na data prov\u00e1vel de\u00a0<strong>03 de outubro de 2021<\/strong>. <\/p>\n\n\n\n<ul class=\"wp-block-list\"><li>Adquira: <a href=\"https:\/\/www.novaconcursos.com.br\/concurso\/pc-pr-policia-civil-parana\/apostila\">Apostila Completa PC PR<\/a><\/li><li>Adquira: <a href=\"https:\/\/www.novaconcursos.com.br\/concurso\/pc-pr-policia-civil-parana\/curso-online\">Curso Online Completo PC PR<\/a><br><\/li><\/ul><p><\/p>\n\n\n\n<h2 class=\"wp-block-heading\" id=\"concurso-cremese\"><strong>Concurso Cremese<\/strong><\/h2>\n\n\n\n<p>Foram abertas nesta quinta-feira, dia 25, as inscri\u00e7\u00f5es do concurso Cremese, que ofertar\u00e1 <strong>40 vagas efetivas para cargos de n\u00edveis m\u00e9dio e superior<\/strong>. Desse total de vagas do concurso do Conselho Regional de Medicina de Sergipe, uma \u00e9 imediata e o restante para forma\u00e7\u00e3o de cadastro de reserva.<\/p>\n\n\n\n<h2 class=\"wp-block-heading\" id=\"concurso-mpap\"><strong>Concurso MP-AP<\/strong><\/h2>\n\n\n\n<p>O\u00a0MP AP (Minist\u00e9rio P\u00fablico do Amap\u00e1)\u00a0divulgou o n\u00famero de vagas do novo <a href=\"https:\/\/www.novaconcursos.com.br\/portal\/concursos\/concurso-mp-ap\/\">concurso MP AP.<\/a> Ser\u00e1 ofertado um total de\u00a0<strong>19 vagas imediatas\u00a0<\/strong>mais\u00a0<strong>cadastro de reserva<\/strong>\u00a0para os cargos de\u00a0<strong>Promotor de Justi\u00e7a, T\u00e9cnico e Analista Ministerial.<\/strong> <\/p>\n\n\n\n<h2 class=\"wp-block-heading\" id=\"concursos-fiscais-\"><strong>Concursos fiscais\u00a0<\/strong><\/h2>\n\n\n\n<p>Foi confirmado pela Coordenadoria de Gest\u00e3o de Pessoas que h\u00e1 um\u00a0pedido de<a href=\"https:\/\/www.novaconcursos.com.br\/portal\/concursos\/concurso-receita-federal\/\"> concurso Receita Federal 2021<\/a>. A demanda \u00e9 para\u00a0<strong>3.360 vagas\u00a0<\/strong>e j\u00e1 est\u00e3o em an\u00e1lise no Minist\u00e9rio da Economia. O certame ir\u00e1 contemplar os cargos de Auditor Fiscal da Receita e Analista Tribut\u00e1rio da Receita! <\/p>\n\n\n\n<ul class=\"wp-block-list\"><li>Adquira: <a href=\"https:\/\/www.novaconcursos.com.br\/apostila\/receita-federal-prep-auditor-fiscal\">Apostila Completa Receita Federal<\/a><\/li><\/ul><p><\/p>\n\n\n\n<h2 class=\"wp-block-heading\" id=\"concurso-rio-bonitorj\"><strong>Concurso Rio Bonito-RJ<\/strong><\/h2>\n\n\n\n<p>A Prefeitura de Rio Bonito, no Estado do Rio de Janeiro, est\u00e1 com<strong> inscri\u00e7\u00f5es abertas<\/strong> para o seu novo processo seletivo, que conta com vagas tempor\u00e1rias para a forma\u00e7\u00e3o de um cadastro de reserva. Todas as oportunidades s\u00e3o para a Secretaria de Educa\u00e7\u00e3o.<\/p>\n\n\n\n<h2 class=\"wp-block-heading\" id=\"processo-seletivo-imbel\"><strong>Processo seletivo Imbel<\/strong><\/h2>\n\n\n\n<p>Foi publicado um novo edital para <strong>processo seletivo Imbel<\/strong>! Desta vez, a Ind\u00fastria de Material B\u00e9lico do Brasil abre vagas para a filial localizada em Juiz de Fora, munic\u00edpio no interior do Estado de Minas Gerais.<\/p>\n\n\n\n<ul class=\"wp-block-list\"><li>Adquira:<a href=\"https:\/\/www.novaconcursos.com.br\/concurso\/imbel-industria-de-material-belico-do-brasil\/curso-online\"> Curso Online Completo Imbel <\/a><\/li><\/ul><p><\/p>\n\n\n\n<h2 class=\"wp-block-heading\" id=\"concurso-prf\"><strong>Concurso PRF<\/strong><\/h2>\n\n\n\n<p> O\u00a0<a href=\"https:\/\/www.novaconcursos.com.br\/portal\/concursos\/concurso-prf\/\">concurso PRF\u00a0<\/a>teve um\u00a0<strong>novo cronograma divulgado<\/strong>\u00a0na \u00faltima segunda (22). O documento foi publicado no site da banca organizadora,\u00a0<a rel=\"noreferrer noopener\" href=\"https:\/\/www.cebraspe.org.br\/concursos\/PRF_21\" target=\"_blank\">Cebraspe<\/a>\u00a0, e traz todas as datas prov\u00e1veis de realiza\u00e7\u00e3o das etapas de sele\u00e7\u00e3o.<\/p>\n\n\n\n<ul class=\"wp-block-list\"><li>Adquira: <a href=\"https:\/\/www.novaconcursos.com.br\/concurso\/prf-policia-rodoviaria-federal\/apostila\">Apostila Completa PRF<\/a><\/li><li>Adquira: <a href=\"https:\/\/www.novaconcursos.com.br\/concurso\/prf-policia-rodoviaria-federal\/curso-online\">Curso Online Completo PRF<\/a><\/li><\/ul><p><\/p>\n\n\n\n<h2 class=\"wp-block-heading\" id=\"concurso-sefa-pa\"><strong>Concurso Sefa PA<\/strong><\/h2>\n\n\n\n<p>Novidades no<a href=\"https:\/\/www.novaconcursos.com.br\/portal\/concursos\/concurso-sefa-pa\/\"> concurso Sefa PA<\/a>. O <strong>processo de escolha da banca<\/strong> tem nova data para abertura das propostas. A decis\u00e3o foi anunciada nesta quinta-feira, 25, em publica\u00e7\u00e3o no Di\u00e1rio Oficial do Estado do Par\u00e1.<\/p>\n\n\n\n<h2 class=\"wp-block-heading\" id=\"concurso-sefaz-al\"><strong>Concurso Sefaz AL<\/strong><\/h2>\n\n\n\n<p>O <a href=\"https:\/\/www.novaconcursos.com.br\/portal\/concursos\/concurso-sefaz-al\/\">concurso Sefaz AL<\/a> ofertar\u00e1 35 vagas para Auditores, e est\u00e1 com os preparativos a todo vapor. No fim da tarde de quarta-feira, 24, saiu a portaria que institui a comiss\u00e3o organizadora do certame. <\/p>\n\n\n\n<ul class=\"wp-block-list\"><li>Adquira: <a href=\"https:\/\/www.novaconcursos.com.br\/concurso\/sefaz-al-secretaria-de-estado-da-fazenda-de-alagoas\/apostila\">Apostila Completa Sefaz AL<\/a><\/li><\/ul><h2 class=\"wp-block-heading\" id=\"concurso-polcia-federal\"><strong>Concurso Pol\u00edcia Federal<\/strong><\/h2>\n\n\n\n<p>Aten\u00e7\u00e3o concurseiros! As inscri\u00e7\u00f5es para o\u00a0<a href=\"https:\/\/www.novaconcursos.com.br\/portal\/concursos\/concurso-policia-federal\/\">concurso PF\u00a0(Pol\u00edcia Federal) <\/a>ser\u00e3o\u00a0<strong>reabertas\u00a0<\/strong>pela corpora\u00e7\u00e3o juntamente com o Cebraspe em acordo com a determina\u00e7\u00e3o da justi\u00e7a.  Lembrando que ser\u00e3o abertas somente as inscri\u00e7\u00f5es para candidatos com\u00a0<strong>defici\u00eancia<\/strong>.<\/p>\n\n\n\n<ul class=\"wp-block-list\"><li>Adquira: <a href=\"https:\/\/www.novaconcursos.com.br\/concurso\/pf-policia-federal\/apostila\">Apostila Completa PF<\/a><\/li><li>Adquira: <a href=\"https:\/\/www.novaconcursos.com.br\/concurso\/pf-policia-federal\/curso-online\">Curso Online Completo PF<\/a><\/li><\/ul><p><\/p>\n\n\n\n<h2 class=\"wp-block-heading\" id=\"concurso-educao-df\"><strong>Concurso Educa\u00e7\u00e3o DF<\/strong><\/h2>\n\n\n\n<p>Com a autoriza\u00e7\u00e3o para abertura de <a href=\"https:\/\/www.novaconcursos.com.br\/portal\/concursos\/concurso-sedf\/\">novo concurso<\/a>, a Secretaria de Educa\u00e7\u00e3o do Distrito Federal j\u00e1 iniciou os preparativos para o edital. No momento, a pasta realiza um estudo para verificar a necessidade nas carreiras do Magist\u00e9rio e Assist\u00eancia \u00e0 Educa\u00e7\u00e3o P\u00fablica.<\/p>\n\n\n\n<h2 class=\"wp-block-heading\" id=\"concurso-bombeiros-am\"><strong>Concurso Bombeiros AM<\/strong><\/h2>\n\n\n\n<p>O novo <a href=\"https:\/\/www.novaconcursos.com.br\/portal\/concursos\/concurso-bombeiros-am\/\">concurso Bombeiros AM<\/a> pode ser publicado em breve. O Governo do Amazonas publicar\u00e1, nos pr\u00f3ximos dias, o decreto que possibilita ao Estado ampliar o efetivo do Corpo de Bombeiros Militar do Amazonas (CBMAM) em mais de 80%.<\/p>\n\n\n\n<h2 class=\"wp-block-heading\" id=\"reforma-administrativa\"><strong>Reforma Administrativa<\/strong><\/h2>\n\n\n\n<p>A estimativa do relator da <a href=\"https:\/\/www.novaconcursos.com.br\/portal\/noticias\/reforma-administrativa\/\">Reforma Administrativa<\/a>, deputado Darci de Matos (PSD\/SC), de votar a proposta este m\u00eas na Comiss\u00e3o de Constitui\u00e7\u00e3o e Justi\u00e7a (CCJ) na C\u00e2mara dos Deputados foi frustrada pela oposi\u00e7\u00e3o.<\/p>","protected":false},"excerpt":{"rendered":"<p>Aten\u00e7\u00e3o concurseiros! Est\u00e1 chegando o fim do m\u00eas de mar\u00e7o e pra fechar com chave de ouro veja os sinais positivos para quem busca grandes oportunidades. Confira: Materiais Gratuitos para Concursos J\u00e1 saiu o edital do concurso Cremese com 40 vagas para n\u00edveis m\u00e9dio e superior e Imbel abre sele\u00e7\u00e3o com vagas de n\u00edvel m\u00e9dio [&hellip;]<\/p>\n","protected":false},"author":54662,"featured_media":124048,"comment_status":"closed","ping_status":"closed","sticky":false,"template":"","format":"standard","meta":{"_acf_changed":false,"footnotes":"","_wp_rev_ctl_limit":""},"categories":[228],"tags":[2124,37253,11926,280,6524,26349,198],"class_list":["post-127748","post","type-post","status-publish","format-standard","has-post-thumbnail","hentry","category-noticias","tag-concurso-ibge","tag-concurso-pc-ce-vagas","tag-concurso-pc-pr","tag-concurso-pf","tag-concurso-prf","tag-concurso-tj-ce-juiz","tag-concursos-previstos"],"acf":[],"_links":{"self":[{"href":"https:\/\/www.novaconcursos.com.br\/portal\/wp-json\/wp\/v2\/posts\/127748","targetHints":{"allow":["GET"]}}],"collection":[{"href":"https:\/\/www.novaconcursos.com.br\/portal\/wp-json\/wp\/v2\/posts"}],"about":[{"href":"https:\/\/www.novaconcursos.com.br\/portal\/wp-json\/wp\/v2\/types\/post"}],"author":[{"embeddable":true,"href":"https:\/\/www.novaconcursos.com.br\/portal\/wp-json\/wp\/v2\/users\/54662"}],"replies":[{"embeddable":true,"href":"https:\/\/www.novaconcursos.com.br\/portal\/wp-json\/wp\/v2\/comments?post=127748"}],"version-history":[{"count":4,"href":"https:\/\/www.novaconcursos.com.br\/portal\/wp-json\/wp\/v2\/posts\/127748\/revisions"}],"predecessor-version":[{"id":127766,"href":"https:\/\/www.novaconcursos.com.br\/portal\/wp-json\/wp\/v2\/posts\/127748\/revisions\/127766"}],"wp:featuredmedia":[{"embeddable":true,"href":"https:\/\/www.novaconcursos.com.br\/portal\/wp-json\/wp\/v2\/media\/124048"}],"wp:attachment":[{"href":"https:\/\/www.novaconcursos.com.br\/portal\/wp-json\/wp\/v2\/media?parent=127748"}],"wp:term":[{"taxonomy":"category","embeddable":true,"href":"https:\/\/www.novaconcursos.com.br\/portal\/wp-json\/wp\/v2\/categories?post=127748"},{"taxonomy":"post_tag","embeddable":true,"href":"https:\/\/www.novaconcursos.com.br\/portal\/wp-json\/wp\/v2\/tags?post=127748"}],"curies":[{"name":"wp","href":"https:\/\/api.w.org\/{rel}","templated":true}]}}