{"id":127827,"date":"2021-03-29T14:55:39","date_gmt":"2021-03-29T17:55:39","guid":{"rendered":"https:\/\/www.novaconcursos.com.br\/portal\/?p=127827"},"modified":"2021-03-29T14:55:42","modified_gmt":"2021-03-29T17:55:42","slug":"questoes-para-concurso-policia-federal","status":"publish","type":"post","link":"https:\/\/www.novaconcursos.com.br\/portal\/artigos\/questoes-para-concurso-policia-federal\/","title":{"rendered":"Quest\u00f5es para o concurso Pol\u00edcia Federal!"},"content":{"rendered":"<p>Ol\u00e1 concurseiro! Se voc\u00ea vai prestar o <a href=\"https:\/\/www.novaconcursos.com.br\/portal\/concursos\/concurso-policia-federal\/\">concurso Pol\u00edcia Federal<\/a> \u00e9 hora de intensificar seus estudos e, a melhor forma de fazer isso \u00e9 treinando com a <strong>resolu\u00e7\u00e3o de quest\u00f5es<\/strong>. Portanto, confira neste artigo quest\u00f5es para o concurso Pol\u00edcia Federal comentadas!<\/p>\n\n\n\n<ul class=\"wp-block-list\"><li><a rel=\"noreferrer noopener\" aria-label=\"Baixe GR\u00c1TIS o e-book completo de quest\u00f5es comentadas PF (abre numa nova aba)\" href=\"https:\/\/www.novaconcursos.com.br\/eventos\/e-book-questoes-comentadas-policia-federal\/\" target=\"_blank\">Baixe GR\u00c1TIS o e-book completo de quest\u00f5es comentadas PF<\/a><\/li><\/ul><p><\/p>\n\n\n\n<p>Entre as principais disciplinas para o concurso Pol\u00edcia Federal, de acordo com as \u00faltimas provas realizadas pela banca, temos: Inform\u00e1tica e TI,  L\u00edngua Portuguesa e Contabilidade. <\/p>\n\n\n\n<ul class=\"wp-block-list\"><li><strong>Adquira:<\/strong> <a href=\"https:\/\/www.novaconcursos.com.br\/concurso\/pf-policia-federal\/apostila\">Apostila concurso Pol\u00edcia Federal<\/a><\/li><li><strong>Adquira:<\/strong> <a href=\"https:\/\/www.novaconcursos.com.br\/concurso\/pf-policia-federal\/curso-online\">Curso Online concurso Pol\u00edcia Federal<\/a> <\/li><\/ul><p><\/p>\n\n\n\n<p>Racioc\u00ednio L\u00f3gico, No\u00e7\u00f5es de Administra\u00e7\u00e3o, Direito Administrativo e Direito Penal. A seguir, resolva as quest\u00f5es dessas <a href=\"https:\/\/www.novaconcursos.com.br\/portal\/concursos-abertos\/nacional\">disciplinas<\/a>. Ah! Depois confira as respostas e seus respectivos coment\u00e1rios.<\/p>\n\n\n\n<h2 class=\"wp-block-heading\" id=\"questes-comentadas-de-portugus\">Quest\u00f5es comentadas de Portugu\u00eas<\/h2>\n\n\n\n<h3 class=\"wp-block-heading\"><strong>Quest\u00e3o 1<\/strong><\/h3>\n\n\n\n<p>Considerando que os fragmentos de texto inclu\u00eddos nas op\u00e7\u00f5es abaixo, na ordem em que s\u00e3o apresentados, s\u00e3o partes sucessivas de um texto adaptado (Internet: <a href=\"http:\/\/www.wikipedia.org\/wiki\" target=\"_blank\" rel=\"noopener\">www.wikipedia.org\/wiki<\/a>), assinale a op\u00e7\u00e3o em que foram atendidas as normas da l\u00edngua padr\u00e3o escrita.<\/p>\n\n\n\n<p>a) \u00c0 propor\u00e7\u00e3o em que o Imp\u00e9rio Romano conquistou territ\u00f3rios, as novas prov\u00edncias seriam contempladas com estradas, as quais eram constru\u00eddas com base em esquema j\u00e1 adotado em outras localidades.<br>b) No auge da domina\u00e7\u00e3o dos romanos, na regi\u00e3o mediterr\u00e2nea o principal complexo vi\u00e1rio do Imp\u00e9rio, media, inclusive com as estradas marginais, aproximadamente 150.000 quil\u00f4metros.<br>c) Os comerciantes romanos vislumbram a vantagem dessa obra para o desenvolvimento comercial e diferente de outros povos do Mediterr\u00e2neo, utilizaram as estradas para aumentarem o lucro de sua atividade.<br>d) Esse fato incrementou as transa\u00e7\u00f5es comerciais no interior continental, o que acarretou vigorosa expans\u00e3o mercantil do Imp\u00e9rio Romano e com\u00e9rcio especializado em determinados produtos.<br>e) O com\u00e9rcio dos romanos, que, no passado, fora realizado, unicamente por meio de portos, passaram a dedicar-se principalmente, a venda de produtos aliment\u00edcios, dentre os quais destacam-se vinho, azeite, cereais, carnes, entre outros.<\/p>\n\n\n\n<h3 class=\"wp-block-heading\">Quest\u00e3o 2<\/h3>\n\n\n\n<p>Observe o trecho de \u201cO Corti\u00e7o\u201d, de Alu\u00edsio de Azevedo: \u201cEram cinco horas da manh\u00e3 e o corti\u00e7o acordava, [\u2026]. Um acordar alegre e farto de quem dormiu de uma assentada sete horas de chumbo.\u201d Seu autor utiliza o seguinte recurso estil\u00edstico: <\/p>\n\n\n\n<p>a) eufemismo.<br>b) grada\u00e7\u00e3o.<br>c) compara\u00e7\u00e3o.<br>d) ant\u00edtese.<br>e) personifica\u00e7\u00e3o.<\/p>\n\n\n\n<h2 class=\"wp-block-heading\" id=\"questes-comentadas-de-raciocnio-lgico\">Quest\u00f5es comentadas de Racioc\u00ednio L\u00f3gico<\/h2>\n\n\n\n<h3 class=\"wp-block-heading\">Quest\u00e3o 3<\/h3>\n\n\n\n<p>Uma lanchonete vende empadas de camar\u00e3o que devem conter em seu recheio uma azeitona. Como a produ\u00e7\u00e3o di\u00e1ria dessa empada \u00e9 muito grande e \u00e9 realizada por apenas uma pessoa, a chance de uma empada de camar\u00e3o ser produzida sem a azeitona em seu recheio \u00e9 de 1%. Um cliente comeu seis empadas de camar\u00e3o.<br>Determine a probabilidade de esse cliente ter comido quatro empadas que foram produzidas sem a azeitona em seu recheio.<\/p>\n\n\n\n<p>a) (0,147015\/1.000)%<br>b) (0,147015\/10.000)%<br>c) (0,0705672\/1.000)%<br>d) (0,009801\/100)%<br>e) (0,009801\/1.000)%<\/p>\n\n\n\n<h3 class=\"wp-block-heading\">Quest\u00e3o 4<\/h3>\n\n\n\n<p>Let\u00edcia ouviu um barulho vindo do quarto onde estavam seus filhos, Beatriz e Rafael. Perguntou o que havia acontecido, e a bab\u00e1, que estava com as crian\u00e7as, respondeu: \u201cRafael caiu da cama e Beatriz n\u00e3o gritou\u201d.<br>Considerando FALSA esta informa\u00e7\u00e3o, pode-se concluir corretamente que:<\/p>\n\n\n\n<p>a) Rafael n\u00e3o caiu da cama e Beatriz gritou.<br>b) Ou Rafael caiu da cama, ou Beatriz n\u00e3o gritou.<br>c) Beatriz n\u00e3o gritou e Rafael n\u00e3o caiu da cama.<br>d) Rafael n\u00e3o caiu da cama ou Beatriz gritou.<br>e) Beatriz gritou ou Rafael caiu da cama.<\/p>\n\n\n\n<h2 class=\"wp-block-heading\" id=\"questes-comentadas-de-direito-penal\">Quest\u00f5es comentadas de Direito Penal<\/h2>\n\n\n\n<h3 class=\"wp-block-heading\">Quest\u00e3o 5<\/h3>\n\n\n\n<p>Considere que um indiv\u00edduo penalmente capaz, em total estado de embriaguez, decorrente de caso fortuito, atropele um pedestre, causando-lhe a morte. Nessa situa\u00e7\u00e3o, a embriaguez n\u00e3o exclu\u00eda imputabilidade penal do agente.<\/p>\n\n\n\n<p>( ) CERTO <br>( ) ERRADO<\/p>\n\n\n\n<h3 class=\"wp-block-heading\">Quest\u00e3o 6<\/h3>\n\n\n\n<p>O crime de concuss\u00e3o configura-se com a exig\u00eancia, por funcion\u00e1rio p\u00fablico, de vantagem indevida, ao passo que, para a configura\u00e7\u00e3o do crime de corrup\u00e7\u00e3o passiva, basta que ele solicite ou receba a vantagem, ou, ainda, aceite promessa de receb\u00ea-la.<\/p>\n\n\n\n<p>( ) CERTO <br>( ) ERRADO<\/p>\n\n\n\n<h2 class=\"wp-block-heading\" id=\"questes-comentadas-para-direito-processual-penal\">Quest\u00f5es comentadas para Direito Processual Penal<\/h2>\n\n\n\n<h3 class=\"wp-block-heading\">Quest\u00e3o 7<\/h3>\n\n\n\n<p>Depois de adquirir um rev\u00f3lver calibre 38, que sabia ser produto de crime, Jos\u00e9 passou a port\u00e1-lo municiado, sem autoriza\u00e7\u00e3o e em desacordo com determina\u00e7\u00e3o legal. O comportamento suspeito de Jos\u00e9 levou-o a ser abordado em opera\u00e7\u00e3o policial de rotina. Sem a autoriza\u00e7\u00e3o de porte de arma de fogo, Jos\u00e9 foi conduzido \u00e0 delegacia, onde foi instaurado inqu\u00e9rito policial.<br>Tendo como refer\u00eancia essa situa\u00e7\u00e3o hipot\u00e9tica, julgue o<br> item seguinte.<br>O inqu\u00e9rito instaurado contra Jos\u00e9 \u00e9 procedimento de natureza administrativa, cuja finalidade \u00e9 obter informa\u00e7\u00f5es a respeito da autoria e da materialidade do delito.<\/p>\n\n\n\n<p>( ) CERTO <br>( ) ERRADO<\/p>\n\n\n\n<h3 class=\"wp-block-heading\">Quest\u00e3o 8<\/h3>\n\n\n\n<p>O Minist\u00e9rio P\u00fablico pode oferecer a den\u00fancia ainda que n\u00e3o disponha do inqu\u00e9rito relatado pela autoridade policial.<\/p>\n\n\n\n<p>( ) CERTO <br>( ) ERRADO<\/p>\n\n\n\n<ul class=\"wp-block-list\"><li><strong>Adquira:<\/strong> <a href=\"https:\/\/www.novaconcursos.com.br\/concurso\/pf-policia-federal\/apostila\">Apostila concurso Pol\u00edcia Federal<\/a><\/li><li><strong>Adquira:<\/strong> <a href=\"https:\/\/www.novaconcursos.com.br\/concurso\/pf-policia-federal\/curso-online\">Curso Online concurso Pol\u00edcia Federal<\/a> <\/li><\/ul><p><\/p>\n\n\n\n<h2 class=\"wp-block-heading\" id=\"questes-comentadas-de-arquivologia\">Quest\u00f5es comentadas de Arquivologia<\/h2>\n\n\n\n<h3 class=\"wp-block-heading\">Quest\u00e3o 9<\/h3>\n\n\n\n<p>Julgue o item que se segue, relativo a conceitos e princ\u00edpios arquiv\u00edsticos e \u00e0 legisla\u00e7\u00e3o arquiv\u00edstica.<br>O princ\u00edpio arquiv\u00edstico que define e estabelece o fundo de arquivo de uma institui\u00e7\u00e3o \u00e9 o princ\u00edpio da proveni\u00eancia ou de respeito aos fundos.<\/p>\n\n\n\n<p>( ) CERTO <br>( ) ERRADO<\/p>\n\n\n\n<h3 class=\"wp-block-heading\">Quest\u00e3o 10<\/h3>\n\n\n\n<p>No que se refere \u00e0 gest\u00e3o de documentos, julgue o item a seguir.<br>A gest\u00e3o de documentos envolve opera\u00e7\u00f5es t\u00e9cnicas como produ\u00e7\u00e3o, tramita\u00e7\u00e3o, uso, avalia\u00e7\u00e3o e arquivamento.<\/p>\n\n\n\n<p>( ) CERTO <br>( ) ERRADO<\/p>\n\n\n\n<h2 class=\"wp-block-heading\" id=\"confira-agora-o-gabarito-e-os-comentrios-de-cada-questo\">Confira, agora, o gabarito e os coment\u00e1rios de cada quest\u00e3o:<\/h2>\n\n\n\n<h3 class=\"wp-block-heading\">Quest\u00e3o 1<\/h3>\n\n\n\n<p><strong><em>Gabarito: D<\/em><\/strong><\/p>\n\n\n\n<p><strong>Coment\u00e1rio: <\/strong>Acertos entre par\u00eanteses. Inadequa\u00e7\u00f5es marcadas<br> com (X) Em \u201ca\u201d, \u00c0 propor\u00e7\u00e3o em (X) que o Imp\u00e9rio Romano<br> conquistou territ\u00f3rios, as novas prov\u00edncias seriam (foram) contempladas com estradas, as quais eram constru\u00eddas com base em esquema j\u00e1 adotado em outras localidades.<br>Em \u201cb\u201d, No auge da domina\u00e7\u00e3o dos romanos , (X) na regi\u00e3o mediterr\u00e2nea, o principal complexo vi\u00e1rio do Imp\u00e9rio media, inclusive com as estradas marginais, aproximadamente 150.000 quil\u00f4metros.<br>Em \u201cc\u201d, Os comerciantes romanos vislumbram a vantagem dessa obra para o desenvolvimento comercial e (,) diferente de outros povos do Mediterr\u00e2neo, utilizaram as estradas para aumentarem o lucro de sua<br>atividade.<br>Em \u201cd\u201d, Esse fato incrementou as transa\u00e7\u00f5es comerciais no interior continental, o que acarretou vigorosa expans\u00e3o mercantil do Imp\u00e9rio Romano e com\u00e9rcio especializado em determinados produtos.<br>Em \u201ce\u201d, O com\u00e9rcio dos romanos, que, no passado, fora realizado , (X) unicamente por meio de portos, passaram a dedicar-se (,) principalmente, a (\u00e0) venda de produtos aliment\u00edcios, dentre os quais (se) destacam-se (X) vinho, azeite, cereais, carnes, entre outros.<\/p>\n\n\n\n<h3 class=\"wp-block-heading\">Quest\u00e3o 2<\/h3>\n\n\n\n<p><strong><em>Gabarito: E<\/em><\/strong><\/p>\n\n\n\n<p><strong>Coment\u00e1rio: <\/strong>Eram cinco horas da manh\u00e3 e o corti\u00e7o acordava, [\u2026]. Um acordar alegre e farto de quem dormiu de uma assentada sete horas de chumbo = dar caracter\u00edsticas humanas a seres inanimados \u00e9 a figura de pensamento da Personifica\u00e7\u00e3o \u2013 tamb\u00e9m conhecida por Prosopopeia. <\/p>\n\n\n\n<h3 class=\"wp-block-heading\"><strong>Quest\u00e3o 3<\/strong><\/h3>\n\n\n\n<p><strong><em>Gabarito: B<\/em><\/strong><\/p>\n\n\n\n<p><strong>Coment\u00e1rio: <\/strong>Empada sem azeitona: 1\/100 Se das 6, quatro foram sem azeitonas, 2 tinham azeitona<\/p>\n\n\n\n<figure class=\"wp-block-image size-large\"><img decoding=\"async\" width=\"392\" height=\"72\" src=\"https:\/\/www.novaconcursos.com.br\/portal\/wp-content\/uploads\/2021\/03\/image-6.png\" alt=\"\" class=\"wp-image-127866\" loading=\"lazy\" title=\"\" srcset=\"https:\/\/www.novaconcursos.com.br\/portal\/wp-content\/uploads\/2021\/03\/image-6-300x55.png 300w, https:\/\/www.novaconcursos.com.br\/portal\/wp-content\/uploads\/2021\/03\/image-6.png 392w\" sizes=\"auto, (max-width: 480px) 100vw, (max-width: 768px) 100vw, (max-width: 1200px) 70vw, 768px\"><figcaption><\/figcaption><\/figure><p>Como, podemos ter ordem diferente:<\/p>\n\n\n\n<figure class=\"wp-block-image size-large\"><img decoding=\"async\" width=\"410\" height=\"109\" src=\"https:\/\/www.novaconcursos.com.br\/portal\/wp-content\/uploads\/2021\/03\/image-7.png\" alt=\"\" class=\"wp-image-127867\" loading=\"lazy\" title=\"\" srcset=\"https:\/\/www.novaconcursos.com.br\/portal\/wp-content\/uploads\/2021\/03\/image-7-300x80.png 300w, https:\/\/www.novaconcursos.com.br\/portal\/wp-content\/uploads\/2021\/03\/image-7.png 410w\" sizes=\"auto, (max-width: 480px) 100vw, (max-width: 768px) 100vw, (max-width: 1200px) 70vw, 768px\"><figcaption><\/figcaption><\/figure><h3 class=\"wp-block-heading\">Quest\u00e3o 4<\/h3>\n\n\n\n<p><strong><em>Gabarito: D<\/em><\/strong><\/p>\n\n\n\n<p><strong>Coment\u00e1rio:<\/strong> Rafael caiu da cama e Beatriz n\u00e3o gritou.<br>Sendo essa informa\u00e7\u00e3o falsa<br>Nega\u00e7\u00e3o: nega as duas proposi\u00e7\u00f5es e troca por \u201ce\u201d por \u201cou\u201d<br>Rafael n\u00e3o caiu da cama ou Beatriz gritou <\/p>\n\n\n\n<h3 class=\"wp-block-heading\">Quest\u00e3o 5<\/h3>\n\n\n\n<p><strong><em>Gabarito: ERRADO <\/em><\/strong><\/p>\n\n\n\n<p><strong>Coment\u00e1rio: <\/strong>Embriaguez COMPLETA proveniente de caso fortuito ou for\u00e7a maior. Ou seja, o indiv\u00edduo \u00e9 inimput\u00e1vel (isento de pena). Neste caso, exclui a imputabilidade penal, mas n\u00e3o descaracteriza a ilicitude do fato. Embriaguez INCOMPLETA proveniente de caso fortuito ou for\u00e7a maior. Isto \u00e9, semi-imput\u00e1vel (redu\u00e7\u00e3o de pena). <\/p>\n\n\n\n<h3 class=\"wp-block-heading\">Quest\u00e3o 6<\/h3>\n\n\n\n<p><strong><em>Gabarito: CERTO<\/em><\/strong><\/p>\n\n\n\n<p><strong>Coment\u00e1rio:<\/strong> Concuss\u00e3o \u2013 Art. 316 \u2013 Exigir, para si ou para outrem, direta ou indiretamente, ainda que fora da fun\u00e7\u00e3o ou antes de assumi-la, mas em raz\u00e3o dela, vantagem indevida: Pena \u2013 reclus\u00e3o, de dois a oito anos, e multa. Corrup\u00e7\u00e3o passiva \u2013 Art. 317 \u2013 Solicitar ou receber, para si ou para outrem, direta ou indiretamente, ainda que fora da fun\u00e7\u00e3o ou antes de assumi-la, mas em raz\u00e3o dela, vantagem indevida, ou aceitar promessa de tal vantagem.<\/p>\n\n\n\n<h3 class=\"wp-block-heading\">Quest\u00e3o 7<\/h3>\n\n\n\n<p><strong><em>Gabarito: CERTO<\/em><\/strong><\/p>\n\n\n\n<p><strong>Coment\u00e1rio:<\/strong> Trata-se do conceito doutrin\u00e1rio de IP, visto que \u00e9 um PROCEDIMENTO administrativo, de car\u00e1ter informativo, que visa apurar ind\u00edcios de autoria e materialidade, nos termos do Art. 4\u00ba do CPP. <\/p>\n\n\n\n<h3 class=\"wp-block-heading\">Quest\u00e3o 8<\/h3>\n\n\n\n<p><strong><em>Gabarito: CERTO<\/em><\/strong><\/p>\n\n\n\n<p><strong>Coment\u00e1rio:<\/strong> Conforme art. 39, \u00a7 5\u00ba, do CPP, o \u00f3rg\u00e3o do Minist\u00e9rio P\u00fablico dispensar\u00e1 o inqu\u00e9rito, se com a representa\u00e7\u00e3o forem oferecidos elementos que o habilitem a promover a a\u00e7\u00e3o penal, e, neste caso, oferecer\u00e1 a den\u00fancia no prazo de quinze dias. <\/p>\n\n\n\n<h3 class=\"wp-block-heading\">Quest\u00e3o 9<\/h3>\n\n\n\n<p><strong><em>Gabarito: CERTO<\/em><\/strong><\/p>\n\n\n\n<p><strong>Coment\u00e1rio: <\/strong>O princ\u00edpio de proveni\u00eancia nos remete a um conceito muito importante aos arquivistas: o Fundo de Arquivo, que se caracteriza como um conjunto de documentos de qualquer natureza \u2013 isto \u00e9, independentemente da sua idade, suporte, modo de produ\u00e7\u00e3o, utiliza\u00e7\u00e3o e conte\u00fado \u2013 reunidos autom\u00e1tica e organicamente \u2013 ou seja, acumulados por um processo natural que decorre da pr\u00f3pria atividade da institui\u00e7\u00e3o \u2013, criados e\/ou acumulados e utilizados por uma pessoa f\u00edsica, jur\u00eddica ou por uma fam\u00edlia no exerc\u00edcio das suas atividades ou das suas fun\u00e7\u00f5es. <\/p>\n\n\n\n<h3 class=\"wp-block-heading\">Quest\u00e3o 10<\/h3>\n\n\n\n<p><strong><em>Gabarito: CERTO<\/em><\/strong><\/p>\n\n\n\n<p><strong>Coment\u00e1rio:<\/strong> Por Gest\u00e3o Documental compreende-se o conjunto de procedimentos e opera\u00e7\u00f5es t\u00e9cnicas referentes \u00e0 sua produ\u00e7\u00e3o, tramita\u00e7\u00e3o, uso, avalia\u00e7\u00e3o e arquivamento em fase corrente e intermedi\u00e1ria, visando a sua elimina\u00e7\u00e3o ou recolhimento para a guarda permanente. Atrav\u00e9s da Gest\u00e3o Documental \u00e9 poss\u00edvel definir qual a pol\u00edtica arquiv\u00edstica adotada, atrav\u00e9s da qual, constitui-se o patrim\u00f4nio arquiv\u00edstico. <\/p>\n\n\n\n<p>&gt;&gt;Quer ter acesso a outras dezenas de quest\u00f5es comentadas para a Pol\u00edcia Federal <a rel=\"noreferrer noopener\" aria-label=\"clique aqui (abre numa nova aba)\" href=\"https:\/\/www.novaconcursos.com.br\/eventos\/e-book-questoes-comentadas-policia-federal\/\" target=\"_blank\">clique aqui<\/a> e baixe gratuitamente.<\/p>\n\n\n\n<p><\/p>","protected":false},"excerpt":{"rendered":"<p>Ol\u00e1 concurseiro! Se voc\u00ea vai prestar o concurso Pol\u00edcia Federal \u00e9 hora de intensificar seus estudos e, a melhor forma de fazer isso \u00e9 treinando com a resolu\u00e7\u00e3o de quest\u00f5es. Portanto, confira neste artigo quest\u00f5es para o concurso Pol\u00edcia Federal comentadas! Baixe GR\u00c1TIS o e-book completo de quest\u00f5es comentadas PF Entre as principais disciplinas para [&hellip;]<\/p>\n","protected":false},"author":28995,"featured_media":127868,"comment_status":"closed","ping_status":"closed","sticky":false,"template":"","format":"standard","meta":{"_acf_changed":false,"footnotes":"","_wp_rev_ctl_limit":""},"categories":[33508],"tags":[37464,37465,37466],"class_list":["post-127827","post","type-post","status-publish","format-standard","has-post-thumbnail","hentry","category-artigos","tag-questoes-para-o-concurso-policia-federal","tag-questoes-pf","tag-questoes-policia"],"acf":[],"_links":{"self":[{"href":"https:\/\/www.novaconcursos.com.br\/portal\/wp-json\/wp\/v2\/posts\/127827","targetHints":{"allow":["GET"]}}],"collection":[{"href":"https:\/\/www.novaconcursos.com.br\/portal\/wp-json\/wp\/v2\/posts"}],"about":[{"href":"https:\/\/www.novaconcursos.com.br\/portal\/wp-json\/wp\/v2\/types\/post"}],"author":[{"embeddable":true,"href":"https:\/\/www.novaconcursos.com.br\/portal\/wp-json\/wp\/v2\/users\/28995"}],"replies":[{"embeddable":true,"href":"https:\/\/www.novaconcursos.com.br\/portal\/wp-json\/wp\/v2\/comments?post=127827"}],"version-history":[{"count":3,"href":"https:\/\/www.novaconcursos.com.br\/portal\/wp-json\/wp\/v2\/posts\/127827\/revisions"}],"predecessor-version":[{"id":127870,"href":"https:\/\/www.novaconcursos.com.br\/portal\/wp-json\/wp\/v2\/posts\/127827\/revisions\/127870"}],"wp:featuredmedia":[{"embeddable":true,"href":"https:\/\/www.novaconcursos.com.br\/portal\/wp-json\/wp\/v2\/media\/127868"}],"wp:attachment":[{"href":"https:\/\/www.novaconcursos.com.br\/portal\/wp-json\/wp\/v2\/media?parent=127827"}],"wp:term":[{"taxonomy":"category","embeddable":true,"href":"https:\/\/www.novaconcursos.com.br\/portal\/wp-json\/wp\/v2\/categories?post=127827"},{"taxonomy":"post_tag","embeddable":true,"href":"https:\/\/www.novaconcursos.com.br\/portal\/wp-json\/wp\/v2\/tags?post=127827"}],"curies":[{"name":"wp","href":"https:\/\/api.w.org\/{rel}","templated":true}]}}