{"id":127885,"date":"2021-03-30T15:32:55","date_gmt":"2021-03-30T18:32:55","guid":{"rendered":"https:\/\/www.novaconcursos.com.br\/portal\/?p=127885"},"modified":"2021-03-30T15:33:00","modified_gmt":"2021-03-30T18:33:00","slug":"concurso-policia-federal-como-sera-o-curso-de-formacao","status":"publish","type":"post","link":"https:\/\/www.novaconcursos.com.br\/portal\/artigos\/concurso-policia-federal-como-sera-o-curso-de-formacao\/","title":{"rendered":"Concurso Pol\u00edcia Federal: Como ser\u00e1 o Curso de Forma\u00e7\u00e3o?"},"content":{"rendered":"<p>Aten\u00e7\u00e3o, concurseiros! As provas objetivas do <a href=\"https:\/\/www.novaconcursos.com.br\/portal\/concursos\/concurso-policia-federal\/\">concurso PF 2021<\/a> ser\u00e3o realizadas em maio. Entretanto, \u00e9 importante que os candidatos fiquem por dentro das etapas do concurso, uma vez que, s\u00e3o <strong>1.500 vagas<\/strong> com sal\u00e1rios de at\u00e9 <strong>R$ 24.150,74<\/strong>.<\/p>\n\n\n\n<p><strong>Confira:\u00a0<\/strong><a href=\"https:\/\/www.novaconcursos.com.br\/eventos\/curso-gratis-policia-federal\" target=\"_blank\" rel=\"noreferrer noopener\" aria-label=\" (abre numa nova aba)\">Curso Online GR\u00c1TIS concurso PF<\/a><\/p>\n\n\n\n<p><\/p>\n\n\n\n<h2 class=\"wp-block-heading\" id=\"concurso-pf-curso-de-formao\">Concurso PF: curso de forma\u00e7\u00e3o<\/h2>\n\n\n\n<p>A\u00a0diretora de Gest\u00e3o de Pessoal da Pol\u00edcia Federal, delegada Cec\u00edlia Silva, revelou detalhes do <strong>curso de forma\u00e7\u00e3o<\/strong> da PF. Ela afirmou que a realiza\u00e7\u00e3o do curso\u00a0integralmente acontecer\u00e1 na Academia Nacional de Pol\u00edcia, em Bras\u00edlia.\u00a0Entretanto, o formato e a dura\u00e7\u00e3o ainda est\u00e3o sendo revisados.<\/p>\n\n\n\n<p><em>\u201cAgora a gente est\u00e1 fazendo j\u00e1 pensando tamb\u00e9m em reformular o pr\u00f3prio curso ou manter pontos do que foi agora no passado, um pouco mais reduzido em raz\u00e3o da pandemia. A gente n\u00e3o sabe em qual cen\u00e1rio estaremos l\u00e1 (no curso)\u201d<\/em>, disse a delegada.<\/p>\n\n\n\n<p>Durante o curso de forma\u00e7\u00e3o, os candidatos receber\u00e3o<strong> bolsa no valor de R$ 50% do subs\u00eddio<\/strong>. <em>\u201cTem alunos que chegam e j\u00e1 s\u00e3o servidores p\u00fablicos. Ent\u00e3o, dependendo do afastamento dele, o valor do sal\u00e1rio \u00e9 mantido\u201d<\/em>, explicou.<\/p>\n\n\n\n<p>A delegada explicou ainda que durante o curso, alguma <strong>situa\u00e7\u00e3o psicol\u00f3gica ou f\u00edsica<\/strong> que seja necess\u00e1rio submeter o candidato a uma avalia\u00e7\u00e3o mais criteriosa, pode ser detectada. Isso pode, inclusive, resultar em elimina\u00e7\u00e3o.<\/p>\n\n\n\n<p><em>\u201cTodos est\u00e3o sujeitos a isso, mas as elimina\u00e7\u00f5es nesses quesitos s\u00e3o poucas mesmo, porque realmente s\u00e3o para casos que se mostram muito graves\u201d<\/em>, enfatizou.<\/p>\n\n\n\n<p>Portanto, a nota que o candidato conseguir ainda na <strong>primeira etapa<\/strong> do <a href=\"https:\/\/www.novaconcursos.com.br\/portal\/concursos-previstos\/nacional\">concurso p\u00fablico<\/a>, servir\u00e1\u00a0apenas para classifica\u00e7\u00e3o e convoca\u00e7\u00e3o para o curso.<\/p>\n\n\n\n<p><em>\u201cNo CFP, ele \u00e9 submetido a v\u00e1rias provas, te\u00f3ricas e pr\u00e1ticas, inclusive operacionais\u201d<\/em>, explicou.<\/p>\n\n\n\n<p><em>\u201cHaver\u00e1 uma lista de vagas e os candidatos escolhem seguindo a lista de classifica\u00e7\u00e3o.\u00a0Para que o pessoal entenda, antes dessa disponibiliza\u00e7\u00e3o, a gente faz um concurso de remo\u00e7\u00e3o interna da Pol\u00edcia Federal. Ent\u00e3o, primeiro a gente abre oportunidade para quem j\u00e1 \u00e9 servidor e quer se movimentar em n\u00edvel nacional. O apanhado dessas vagas \u00e9 oferecido no curso de forma\u00e7\u00e3o\u201d<\/em>, completou.<\/p>\n\n\n\n<h2 class=\"wp-block-heading\" id=\"como-funciona-o-curso-de-formao-da-pf\"><strong>Como funciona o curso de forma\u00e7\u00e3o da PF?<\/strong><\/h2>\n\n\n\n<p>\u00daltima etapa para ingresso dos aprovados, o <strong>Curso de Forma\u00e7\u00e3o<\/strong> \u00e9 de car\u00e1ter\u00a0eliminat\u00f3rio e abrange disciplinas te\u00f3ricas e operacionais. Ele tem o objetivo de desenvolver e aprimorar as compet\u00eancias necess\u00e1rias a cada perfil profissional.<\/p>\n\n\n\n<p>Entre as <strong>disciplinas abordadas<\/strong> est\u00e3o T\u00e9cnicas de Investiga\u00e7\u00e3o Policial e Planejamento de A\u00e7\u00f5es e Opera\u00e7\u00f5es Policiais. Fora essas, existem outras que  s\u00e3o abordadas sob a \u00f3tica da rotina policial e das estrat\u00e9gias de enfrentamento, como\u00a0\u00e9 o exemplo de Crimes Ambientais e Desvios de Recursos P\u00fablicos.<\/p>\n\n\n\n<p>\u00c9 uma m\u00e9dia de <strong>850 horas-aula\u00a0<\/strong>o total do curso, que ocorre durante o per\u00edodo aproximado de\u00a0<strong>cinco meses<\/strong>, com uma intensa rotina aos alunos, sob regime de semi-internato, das 7h40 \u00e0s 19h30, de segunda a s\u00e1bado, com alguns intervalos para descanso entre as aulas e almo\u00e7o.<\/p>\n\n\n\n<p>Durante o curso, os alunos s\u00e3o acomodados em alojamentos coletivos, como <strong>informou a PF<\/strong>. Isso, segundo o \u00f3rg\u00e3o, \u00e9 uma importante fase da forma\u00e7\u00e3o, pois abrange a conviv\u00eancia, a supera\u00e7\u00e3o das diferen\u00e7as e o desenvolvimento da resili\u00eancia, entre os alunos.<\/p>\n\n\n\n<h2 class=\"wp-block-heading\" id=\"concurso-polcia-federal-provas-adiadas\">Concurso Pol\u00edcia Federal: provas adiadas<\/h2>\n\n\n\n<p>As\u00a0<strong>provas do<\/strong><a href=\"https:\/\/www.novaconcursos.com.br\/portal\/concursos-abertos\/nacional\">\u00a0concurso<\/a><strong> Pol\u00edcia Federal\u00a0foram adiadas\u00a0<\/strong>para o m\u00eas de maio, como informou a banca organizadora do processo, o\u00a0Cebraspe\u00a0.<\/p>\n\n\n\n<p>A medida foi tomada em raz\u00e3o das medidas restritivas adotadas pelos estados e munic\u00edpios frente ao aumento do n\u00famero de casos da pandemia Covid-19.<\/p>\n\n\n\n<p>Se voc\u00ea est\u00e1 se preparando para o\u00a0concurso PF, preste aten\u00e7\u00e3o:\u00a0<strong>aproveite este tempo extra<\/strong>, fa\u00e7a uma boa revis\u00e3o das mat\u00e9rias, pratique com exerc\u00edcios de provas anteriores. Certamente assim voc\u00ea estar\u00e1 mais do que pronto no dia\u00a0<strong>prova<\/strong>.<\/p>","protected":false},"excerpt":{"rendered":"<p>Aten\u00e7\u00e3o, concurseiros! As provas objetivas do concurso PF 2021 ser\u00e3o realizadas em maio. Entretanto, \u00e9 importante que os candidatos fiquem por dentro das etapas do concurso, uma vez que, s\u00e3o 1.500 vagas com sal\u00e1rios de at\u00e9 R$ 24.150,74. Confira:\u00a0Curso Online GR\u00c1TIS concurso PF Concurso PF: curso de forma\u00e7\u00e3o A\u00a0diretora de Gest\u00e3o de Pessoal da Pol\u00edcia [&hellip;]<\/p>\n","protected":false},"author":54671,"featured_media":125942,"comment_status":"closed","ping_status":"closed","sticky":false,"template":"","format":"standard","meta":{"_acf_changed":false,"footnotes":"","_wp_rev_ctl_limit":""},"categories":[33508],"tags":[37478,280,197,579,3726,198,2578,4643,26539,288,202],"class_list":["post-127885","post","type-post","status-publish","format-standard","has-post-thumbnail","hentry","category-artigos","tag-como-sera-curso-de-formacao","tag-concurso-pf","tag-concurso-policia-federal","tag-concursos","tag-concursos-abertos","tag-concursos-previstos","tag-concursos-publicos","tag-curso-de-formacao","tag-curso-de-formacao-pf","tag-pf","tag-policia-federal"],"acf":[],"_links":{"self":[{"href":"https:\/\/www.novaconcursos.com.br\/portal\/wp-json\/wp\/v2\/posts\/127885","targetHints":{"allow":["GET"]}}],"collection":[{"href":"https:\/\/www.novaconcursos.com.br\/portal\/wp-json\/wp\/v2\/posts"}],"about":[{"href":"https:\/\/www.novaconcursos.com.br\/portal\/wp-json\/wp\/v2\/types\/post"}],"author":[{"embeddable":true,"href":"https:\/\/www.novaconcursos.com.br\/portal\/wp-json\/wp\/v2\/users\/54671"}],"replies":[{"embeddable":true,"href":"https:\/\/www.novaconcursos.com.br\/portal\/wp-json\/wp\/v2\/comments?post=127885"}],"version-history":[{"count":6,"href":"https:\/\/www.novaconcursos.com.br\/portal\/wp-json\/wp\/v2\/posts\/127885\/revisions"}],"predecessor-version":[{"id":127933,"href":"https:\/\/www.novaconcursos.com.br\/portal\/wp-json\/wp\/v2\/posts\/127885\/revisions\/127933"}],"wp:featuredmedia":[{"embeddable":true,"href":"https:\/\/www.novaconcursos.com.br\/portal\/wp-json\/wp\/v2\/media\/125942"}],"wp:attachment":[{"href":"https:\/\/www.novaconcursos.com.br\/portal\/wp-json\/wp\/v2\/media?parent=127885"}],"wp:term":[{"taxonomy":"category","embeddable":true,"href":"https:\/\/www.novaconcursos.com.br\/portal\/wp-json\/wp\/v2\/categories?post=127885"},{"taxonomy":"post_tag","embeddable":true,"href":"https:\/\/www.novaconcursos.com.br\/portal\/wp-json\/wp\/v2\/tags?post=127885"}],"curies":[{"name":"wp","href":"https:\/\/api.w.org\/{rel}","templated":true}]}}