{"id":128399,"date":"2021-04-07T10:24:11","date_gmt":"2021-04-07T13:24:11","guid":{"rendered":"https:\/\/www.novaconcursos.com.br\/portal\/?post_type=nc-public-tender&#038;p=128399"},"modified":"2024-12-16T10:01:49","modified_gmt":"2024-12-16T13:01:49","slug":"concurso-creci-ma","status":"publish","type":"post","link":"https:\/\/www.novaconcursos.com.br\/portal\/concursos\/concurso-creci-ma\/","title":{"rendered":"Concurso Creci MA: Edital publicado e inscri\u00e7\u00f5es abertas!"},"content":{"rendered":"<p>Aten\u00e7\u00e3o concurseiros! Saiu o edital do <strong>concurso Creci MA<\/strong> (Conselho Regional de Corretores de Im\u00f3veis do Maranh\u00e3o) visando o preenchimento de 36 vagas, sendo 06 para ingresso imediato e 30 para forma\u00e7\u00e3o de cadastro reserva.<\/p>\n<p>As oportunidades s\u00e3o para candidatos de n\u00edveis m\u00e9dio e superior com iniciais de at\u00e9 <strong>R$ 1,9 mil<\/strong>!<\/p>\n<h2 id=\"como-fazer-a-inscrio-no-concurso-creci-ma\">Como fazer a inscri\u00e7\u00e3o no concurso Creci MA?<\/h2>\n<p>Os candidatos podem se inscrever entre os dias <strong>06 de abril e 10 de maio de 2021<\/strong>, acessando o site da banca organizadora, <a href=\"http:\/\/www.idib.org.br\" target=\"_blank\" rel=\"noopener noreferrer\">IDIB<\/a>.<\/p>\n<p>As taxas de participa\u00e7\u00e3o s\u00e3o no valor de <strong>R$ 120,00<\/strong> para os cargos de n\u00edvel superior e de <strong>R$ 80,00<\/strong> para n\u00edvel m\u00e9dio. O boleto dever\u00e1 ser quitado at\u00e9 o primeiro dia \u00fatil ap\u00f3s o fim das inscri\u00e7\u00f5es.<\/p>\n<h2 id=\"cargos-e-vagas-dos-concurso-creci-ma\">Cargos e vagas dos concurso Creci MA<\/h2>\n<p>O concurso contempla<strong> 36 vagas<\/strong> distribu\u00eddas entre os cargos de:<\/p>\n<ul><li>Profissional Analista Superior (PAS) \u2013 Fiscal: 18 vagas<\/li>\n<li>Profissional de Suporte T\u00e9cnico (PST) \u2013 T\u00e9cnico Administrativo: 12 vagas<\/li>\n<li>Profissional de Suporte T\u00e9cnico (PST) \u2013 Servi\u00e7os Operacionais: 06 vagas<\/li>\n<\/ul><p>\u00a0<\/p>\n<p>A remunera\u00e7\u00e3o inicial, dependendo do cargo, ser\u00e1 no valor de <strong>R$ 1.285,60 a R$ 1.942,63<\/strong>. Al\u00e9m disso, os contratados ter\u00e3o direito a benef\u00edcios como: Plano de sa\u00fade com coparticipa\u00e7\u00e3o, plano odontol\u00f3gico, ticket alimenta\u00e7\u00e3o e vale transporte.<\/p>\n<h2 id=\"como-sero-as-provas-creci-maranho\">Como ser\u00e3o as provas Creci Maranh\u00e3o?<\/h2>\n<p>Todos os candidatos ser\u00e3o submetidos a <strong>provas objetivas<\/strong> compostas por 60 quest\u00f5es de m\u00faltipla escolha com dura\u00e7\u00e3o de 03 horas. As provas objetivas ser\u00e3o aplicadas no dia <strong>18 de julho de 2021<\/strong>.<\/p>\n<p>Elas versar\u00e3o sobre as disciplinas de:<\/p>\n<ul><li>L\u00edngua Portuguesa \u2013 10 quest\u00f5es<\/li>\n<li>Inform\u00e1tica \u2013 06 quest\u00f5es<\/li>\n<li>Racioc\u00ednio L\u00f3gico \u2013 04 quest\u00f5es<\/li>\n<li>Conhecimentos Espec\u00edficos \u2013 20 quest\u00f5es<\/li>\n<\/ul><p>Os locais e hor\u00e1rios de realiza\u00e7\u00e3o das provas ser\u00e3o divulgados em at\u00e9 07 dias do dia da aplica\u00e7\u00e3o.<\/p>\n<p>Haver\u00e1 ainda<strong> prova de t\u00edtulos<\/strong> para os cargos de n\u00edvel superior.<\/p>\n<h2 id=\"requisitos-para-admisso-nos-cargos-do-creci-ma\">Requisitos para admiss\u00e3o nos cargos do Creci MA<\/h2>\n<p>Os candidatos devem atender aos seguintes requisitos:<\/p>\n<p>a) Ter sido classificado na forma estabelecida neste Edital, em seus anexos e eventuais retifica\u00e7\u00f5es;<br>\nb) Ser brasileiro nato, naturalizado ou estrangeiro na forma da lei;<br>\nc) Ter idade m\u00ednima de 18 anos completos;<br>\nd) Estar quite com o servi\u00e7o militar, exceto para os candidatos do sexo feminino, e com a Justi\u00e7a Eleitoral, para todos os candidatos;<br>\ne) Firmar declara\u00e7\u00e3o de n\u00e3o estar cumprindo e nem ter sofrido, no exerc\u00edcio da fun\u00e7\u00e3o p\u00fablica, penalidade por pr\u00e1tica de improbidade administrativa, aplicada por qualquer \u00f3rg\u00e3o p\u00fablico ou entidade da esfera federal, estadual ou municipal;<br>\nf) Apresentar declara\u00e7\u00e3o quanto ao exerc\u00edcio de outro(s) cargo(s), emprego(s) ou fun\u00e7\u00e3o (\u00f5es) p\u00fablica(s) e sobre recebimento de proventos decorrentes de aposentadoria e\/ou pens\u00e3o;<br>\ng) Apresentar c\u00f3pia da Carteira Nacional de Habilita\u00e7\u00e3o (CNH) do tipo \u201cB\u201d se for o caso, bem como apresenta\u00e7\u00e3o do documento original para fins de comprova\u00e7\u00e3o;<br>\nh) Firmar declara\u00e7\u00e3o de n\u00e3o estar cumprindo san\u00e7\u00e3o por inidoneidade, aplicada por qualquer \u00f3rg\u00e3o p\u00fablico ou entidade da esfera federal, estadual ou municipal;<br>\ni) Firmar termo de compromisso de sigilo e confidencialidade das informa\u00e7\u00f5es;<br>\nj) Apresentar declara\u00e7\u00e3o de bens e valores que constituam patrim\u00f4nio ou a declara\u00e7\u00e3o de Imposto de Renda;<br>\nk) Ser considerado apto no exame admissional a ser realizado pelo Conselho Regional de Corretores de Im\u00f3veis \u2013 CRECI\/MA, mediante apresenta\u00e7\u00e3o dos laudos, exames e declara\u00e7\u00e3o de sa\u00fade que forem por ela exigidos;<br>\nl) N\u00e3o ter sido condenado \u00e0 pena privativa de liberdade transitada em julgado ou qualquer outra condena\u00e7\u00e3o incompat\u00edvel com a fun\u00e7\u00e3o p\u00fablica;<br>\nm) Estar registrado e com a situa\u00e7\u00e3o regularizada junto ao \u00f3rg\u00e3o de conselho de classe correspondente \u00e0 sua forma\u00e7\u00e3o profissional, quando for o caso;<br>\nn) Estar apto f\u00edsica e mentalmente para o exerc\u00edcio do cargo, por meio de avalia\u00e7\u00e3o psicol\u00f3gica de car\u00e1ter eliminat\u00f3rio, n\u00e3o sendo, inclusive, pessoa com defici\u00eancia incompat\u00edvel com as atribui\u00e7\u00f5es deste, fato a ser apurado por Comiss\u00e3o institu\u00edda pelo Conselho Regional de Corretores de Im\u00f3veis \u2013 CRECI\/MA;<br>\no) N\u00e3o registrar antecedentes criminais; e<br>\np) Cumprir as determina\u00e7\u00f5es deste Edital.<\/p>","protected":false},"excerpt":{"rendered":"<p>Aten\u00e7\u00e3o concurseiros! Saiu o edital do concurso Creci MA (Conselho Regional de Corretores de Im\u00f3veis do Maranh\u00e3o) visando o preenchimento de 36 vagas, sendo 06 para ingresso imediato e 30 para forma\u00e7\u00e3o de cadastro reserva.<\/p>\n<p>As oportunidades s\u00e3o para candidatos de n\u00edveis m\u00e9dio e superior com iniciais de at\u00e9 R$ 1,9 mil!<\/p>\n","protected":false},"author":28995,"featured_media":128402,"comment_status":"closed","ping_status":"closed","sticky":false,"template":"","format":"standard","meta":{"_acf_changed":false,"footnotes":"","_wp_rev_ctl_limit":""},"categories":[44999],"tags":[],"class_list":["post-128399","post","type-post","status-publish","format-standard","has-post-thumbnail","hentry","category-concursos"],"acf":[],"_links":{"self":[{"href":"https:\/\/www.novaconcursos.com.br\/portal\/wp-json\/wp\/v2\/posts\/128399","targetHints":{"allow":["GET"]}}],"collection":[{"href":"https:\/\/www.novaconcursos.com.br\/portal\/wp-json\/wp\/v2\/posts"}],"about":[{"href":"https:\/\/www.novaconcursos.com.br\/portal\/wp-json\/wp\/v2\/types\/post"}],"author":[{"embeddable":true,"href":"https:\/\/www.novaconcursos.com.br\/portal\/wp-json\/wp\/v2\/users\/28995"}],"replies":[{"embeddable":true,"href":"https:\/\/www.novaconcursos.com.br\/portal\/wp-json\/wp\/v2\/comments?post=128399"}],"version-history":[{"count":4,"href":"https:\/\/www.novaconcursos.com.br\/portal\/wp-json\/wp\/v2\/posts\/128399\/revisions"}],"predecessor-version":[{"id":131519,"href":"https:\/\/www.novaconcursos.com.br\/portal\/wp-json\/wp\/v2\/posts\/128399\/revisions\/131519"}],"wp:featuredmedia":[{"embeddable":true,"href":"https:\/\/www.novaconcursos.com.br\/portal\/wp-json\/wp\/v2\/media\/128402"}],"wp:attachment":[{"href":"https:\/\/www.novaconcursos.com.br\/portal\/wp-json\/wp\/v2\/media?parent=128399"}],"wp:term":[{"taxonomy":"category","embeddable":true,"href":"https:\/\/www.novaconcursos.com.br\/portal\/wp-json\/wp\/v2\/categories?post=128399"},{"taxonomy":"post_tag","embeddable":true,"href":"https:\/\/www.novaconcursos.com.br\/portal\/wp-json\/wp\/v2\/tags?post=128399"}],"curies":[{"name":"wp","href":"https:\/\/api.w.org\/{rel}","templated":true}]}}