{"id":128441,"date":"2021-04-07T17:41:41","date_gmt":"2021-04-07T20:41:41","guid":{"rendered":"https:\/\/www.novaconcursos.com.br\/portal\/?p=128441"},"modified":"2021-04-07T17:41:46","modified_gmt":"2021-04-07T20:41:46","slug":"com-mudancas-nos-comandos-como-ficam-os-concursos-pf-e-prf","status":"publish","type":"post","link":"https:\/\/www.novaconcursos.com.br\/portal\/noticias\/com-mudancas-nos-comandos-como-ficam-os-concursos-pf-e-prf\/","title":{"rendered":"Com mudan\u00e7as nos comandos como ficam os concursos PF e PRF?"},"content":{"rendered":"<p>Aten\u00e7\u00e3o concurseiros! O novo ministro da Justi\u00e7a, <strong>Anderson Torres<\/strong>, anunciou mudan\u00e7as nos comandos da Pol\u00edcia Federal e da Pol\u00edcia Rodovi\u00e1ria Federal. Entretanto, a decis\u00e3o n\u00e3o afeta o\u00a0<a href=\"https:\/\/www.novaconcursos.com.br\/portal\/concursos\/concurso-policia-federal\/\">concurso PF<\/a> e nem o\u00a0<a href=\"https:\/\/www.novaconcursos.com.br\/portal\/concursos\/concurso-prf\/\">concurso PRF<\/a>.<\/p>\n\n\n\n<ul class=\"wp-block-list\"><li><strong>Confira:<\/strong> <a rel=\"noreferrer noopener\" aria-label=\"Curso Gr\u00e1tis Pol\u00edcia Federal (abre numa nova aba)\" href=\"https:\/\/www.novaconcursos.com.br\/eventos\/curso-gratis-policia-federal\/\" target=\"_blank\">Curso Online Gr\u00e1tis Pol\u00edcia Federal<\/a><\/li><\/ul><p><\/p>\n\n\n\n<h2 class=\"wp-block-heading\" id=\"novos-comandantes-pf-e-prf\">Novos comandantes PF e PRF<\/h2>\n\n\n\n<p>O ministro da Justi\u00e7a e Seguran\u00e7a P\u00fablica fez o an\u00fancio dos novos diretores pelas redes sociais. O <strong>delegado Paulo Maiurino<\/strong> assume a Pol\u00edcia Federal, enquanto o <strong>inspetor Silviney Vasques<\/strong> ficar\u00e1 a frente da Pol\u00edcia Rodovi\u00e1ria Federal. <\/p>\n\n\n\n<p>Importante ressaltar que a <strong>PF e a PRF<\/strong> s\u00e3o os principais \u00f3rg\u00e3os do minist\u00e9rio assumido por Anderson Torres, que tomou posse no Governo Bolsonaro junto a outros seis novos ministros, anunciados pelo presidente.<\/p>\n\n\n\n<h3 class=\"wp-block-heading\">Comandante da PF<\/h3>\n\n\n\n<p>Paulo Maiurino \u00e9 delegado <strong>desde 1998<\/strong> e trabalhava como assessor especial de Seguran\u00e7a Institucional do do Conselho da Justi\u00e7a Federal (CJF). Ele atuou at\u00e9 setembro do ano passado como secret\u00e1rio de Seguran\u00e7a do Supremo Tribunal Federal (STF).<\/p>\n\n\n\n<ul class=\"wp-block-list\"><li><strong>Adquira:<\/strong>\u00a0<a href=\"https:\/\/www.novaconcursos.com.br\/concurso\/pf-policia-federal\/apostila\">Apostila concurso Pol\u00edcia Federal<\/a><\/li><li><strong>Adquira:<\/strong>\u00a0<a href=\"https:\/\/www.novaconcursos.com.br\/concurso\/pf-policia-federal\/curso-online\">Curso Online concurso Pol\u00edcia Federal<\/a><\/li><li><strong>Adquira: <\/strong><a href=\"https:\/\/www.novaconcursos.com.br\/concurso\/prf-policia-rodoviaria-federal\/apostila\">Apostila concurso Pol\u00edcia Rodovi\u00e1ria Federal<\/a><\/li><li><strong>Adquira:<\/strong> <a href=\"https:\/\/www.novaconcursos.com.br\/concurso\/prf-policia-rodoviaria-federal\/curso-online\">Curso Online concurso Pol\u00edcia Rodovi\u00e1ria Federal<\/a><\/li><\/ul><p><\/p>\n\n\n\n<p>Maiurino chegou a chefiar a <strong>Interpol no Brasil<\/strong> (2009\/2010), trabalhou como assessor de Rela\u00e7\u00f5es Internacionais da Pol\u00edcia Federal (2008\/2009), al\u00e9m de ter chefiado os departamentos de Organiza\u00e7\u00e3o e M\u00e9todos da Diretoria de Administra\u00e7\u00e3o e Log\u00edstica da PF; Planejamento e Controle; e a delegacia da PF no Chu\u00ed (RS).<\/p>\n\n\n\n<p> Ele entra no lugar de <strong>Rolando Alexandre<\/strong>, que estava no cargo desde maio do ano passado.  <\/p>\n\n\n\n<p><em>\u201cAgrade\u00e7o ao Dr. Rolando Souza pelo per\u00edodo em que esteve \u00e0 frente da Dire\u00e7\u00e3o-Geral da @policiafederal. Iniciamos hoje o processo de transi\u00e7\u00e3o do cargo para o\u00a0<strong>Dr. Paulo Maiurino<\/strong>, a quem desejo felicidades nessa importante fun\u00e7\u00e3o no @JusticaGovBR\u201d<\/em>, escreveu o ministro pelas redes sociais.<\/p>\n\n\n\n<h3 class=\"wp-block-heading\">Comandante da PRF<\/h3>\n\n\n\n<p>J\u00e1 Silvinei Vasques, que est\u00e1 na PRF <strong>desde 1995<\/strong>, assume o comando do \u00f3rg\u00e3o ap\u00f3s mais de 25 anos. Ele j\u00e1 foi superintendente em <a href=\"https:\/\/www.novaconcursos.com.br\/portal\/concursos-abertos\/sc\/\">Santa Catarina<\/a>, estado de origem, e no <a href=\"https:\/\/www.novaconcursos.com.br\/portal\/concursos-abertos\/rj\/\">Rio de Janeiro<\/a>.\u00a0<\/p>\n\n\n\n<p>Em 2007, Silvinei se <strong>licenciou<\/strong> para assumir como secret\u00e1rio municipal de Seguran\u00e7a na Prefeitura de S\u00e3o Jos\u00e9 (SC).\u00a0<\/p>\n\n\n\n<p> Na PRF, o ex-comandante \u00e9 <strong>Eduardo Aggio <\/strong>que ficou no cargo por volta de um ano, antes de ser exonerado.  <\/p>\n\n\n\n<p>\u201cAgrade\u00e7o ao Inspetor Eduardo Aggio pelo per\u00edodo em que esteve \u00e0 frente da Dire\u00e7\u00e3o-Geral da <a rel=\"noreferrer noopener\" href=\"https:\/\/twitter.com\/PRFBrasil?ref_src=twsrc%5Etfw%7Ctwcamp%5Etweetembed%7Ctwterm%5E1379546650281193475%7Ctwgr%5E%7Ctwcon%5Es1_&amp;ref_url=https%3A%2F%2Fbahia.ba%2Fpolitica%2Fministro-divulga-novos-diretores-da-policia-federal-e-prf%2F\" target=\"_blank\">@PRFBrasil<\/a>. Iniciamos hoje o processo de transi\u00e7\u00e3o do cargo para o Insp. Silvinei Vasques, a quem desejo sucesso no <a rel=\"noreferrer noopener\" href=\"https:\/\/twitter.com\/JusticaGovBR?ref_src=twsrc%5Etfw%7Ctwcamp%5Etweetembed%7Ctwterm%5E1379546650281193475%7Ctwgr%5E%7Ctwcon%5Es1_&amp;ref_url=https%3A%2F%2Fbahia.ba%2Fpolitica%2Fministro-divulga-novos-diretores-da-policia-federal-e-prf%2F\" target=\"_blank\">@JusticaGovBR<\/a>\u201c, escreveu o ministronas redes sociais.<\/p>\n\n\n\n<h2 class=\"wp-block-heading\" id=\"como-ficam-os-concursos-pf-e-prf\">Como ficam os concursos PF e PRF?<\/h2>\n\n\n\n<p>Ap\u00f3s as mudan\u00e7as, muitos concurseiros ficaram apreensivos quanto a <a href=\"https:\/\/www.novaconcursos.com.br\/portal\/concursos-previstos\/nacional\">execu\u00e7\u00e3o dos novos concursos<\/a> PR e PRF. Entretanto, segundo <strong>o ministro da Justi\u00e7a<\/strong>, nada deve ser alterado em rela\u00e7\u00e3o aos certames. <\/p>\n\n\n\n<p>O ministro, inclusive, quando ainda era secret\u00e1rio de <a href=\"https:\/\/www.novaconcursos.com.br\/portal\/concursos-abertos\/\">Seguran\u00e7a P\u00fablica e Justi\u00e7a <\/a>do <a href=\"https:\/\/www.novaconcursos.com.br\/portal\/concursos-abertos\/df\/\">Distrito Federal<\/a>, sempre se mostrou favor\u00e1vel para a realiza\u00e7\u00e3o de novos certames no pa\u00eds.<\/p>\n\n\n\n<p>Al\u00e9m disso, ele <strong>contribuiu bastante<\/strong> na\u00a0chamada de aprovados em outros concursos e, ao que tudo indica, deve dar prosseguimento as medidas dos concursos durante a sua gest\u00e3o.<\/p>\n\n\n\n<h2 class=\"wp-block-heading\" id=\"concursos-pf-e-prf-provas-adiadas\"><strong>Concursos PF e PRF: provas adiadas<\/strong><\/h2>\n\n\n\n<p>Os concursos PF e PRF tiveram as <strong>provas adiadas<\/strong>, devido ao aumento de casos de Covid-19. <\/p>\n\n\n\n<p>Antes, a prova da Pol\u00edcia Federal estava prevista para acontecer em 21 de mar\u00e7o, entretanto, o Cebraspe, banca organizadora, anunciou que as provas dever\u00e3o ser aplicadas dia <strong>23 de maio<\/strong>. <a href=\"https:\/\/www.novaconcursos.com.br\/portal\/noticias\/concurso-pf-inscricoes-serao-reaberta\/\">As inscri\u00e7\u00f5es ser\u00e3o reabertas<\/a>.<\/p>\n\n\n\n<p>Enquanto que na Pol\u00edcia Rodovi\u00e1ria Federal, os exames estavam marcados para o dia 28 de mar\u00e7o e foram remarcados para <strong>09 de maio<\/strong>. <a href=\"https:\/\/www.novaconcursos.com.br\/portal\/noticias\/concurso-prf-inscricoes-reabertas\/\">H\u00e1 inscri\u00e7\u00f5es reabertas para vagas de PCD\u2019s<\/a>.<\/p>\n\n\n\n<h2 class=\"wp-block-heading\" id=\"concurso-pf-e-prf-requisitos-e-salrios\">Concurso PF e PRF: requisitos e sal\u00e1rios<\/h2>\n\n\n\n<p>Entre os <a href=\"https:\/\/www.novaconcursos.com.br\/portal\/concursos-abertos\/nacional\">cargos oferecidos<\/a> no concurso PF, est\u00e3o Agente, Escriv\u00e3o e Papiloscopista, todos a n\u00edvel superior em qualquer \u00e1rea e com exig\u00eancia de CNH. Os sal\u00e1rios para as carreiras s\u00e3o de at\u00e9 <strong>R$ 12.980,50.<\/strong><\/p>\n\n\n\n<p>Al\u00e9m disso, haver\u00e1 oportunidades para Delegado, com exig\u00eancia de n\u00edvel superior em qualquer \u00e1rea, experi\u00eancia de tr\u00eas anos e CNH. Os sal\u00e1rios chegam a <strong>R$ 24.150,74.<\/strong><\/p>\n\n\n\n<p>J\u00e1 na PRF, as vagas ser\u00e3o para a carreira de Policial Rodovi\u00e1rio Federal, que \u00e9 destinada aos candidatos com n\u00edvel superior em qualquer \u00e1rea. \u00c9 preciso ter\u00a0carteira nacional de habilita\u00e7\u00e3o (CNH)\u00a0na categoria B ou superior.<\/p>\n\n\n\n<p>A PRF exige ainda que o candidato tenha\u00a0<strong>idade m\u00ednima de 18 anos e m\u00e1xima de 65 anos<\/strong>, isso na data da matr\u00edcula no Curso de Forma\u00e7\u00e3o Profissional.<\/p>\n\n\n\n<p>O sal\u00e1rio para a carreira \u00e9 de<strong>\u00a0R$ 10.357,88<\/strong>, j\u00e1 somada com o\u00a0<strong>aux\u00edlio-alimenta\u00e7\u00e3o de R$ 458<\/strong>, tendo carga de trabalho\u00a0de 40 horas por semana.<\/p>","protected":false},"excerpt":{"rendered":"<p>Aten\u00e7\u00e3o concurseiros! O novo ministro da Justi\u00e7a, Anderson Torres, anunciou mudan\u00e7as nos comandos da Pol\u00edcia Federal e da Pol\u00edcia Rodovi\u00e1ria Federal. Entretanto, a decis\u00e3o n\u00e3o afeta o\u00a0concurso PF e nem o\u00a0concurso PRF. Confira: Curso Online Gr\u00e1tis Pol\u00edcia Federal Novos comandantes PF e PRF O ministro da Justi\u00e7a e Seguran\u00e7a P\u00fablica fez o an\u00fancio dos novos [&hellip;]<\/p>\n","protected":false},"author":54671,"featured_media":127596,"comment_status":"closed","ping_status":"closed","sticky":false,"template":"","format":"standard","meta":{"_acf_changed":false,"footnotes":"","_wp_rev_ctl_limit":""},"categories":[228],"tags":[280,197,3064,6524,198,35816,37611,37614,37613,37612,288,202,2135,8018],"class_list":["post-128441","post","type-post","status-publish","format-standard","has-post-thumbnail","hentry","category-noticias","tag-concurso-pf","tag-concurso-policia-federal","tag-concurso-policia-rodoviaria-federal","tag-concurso-prf","tag-concursos-previstos","tag-concursos-suspensos","tag-inscricoes-reabertas","tag-novo-comandante-pf","tag-novo-comandante-prf","tag-novos-comandantes-prf-e-pf","tag-pf","tag-policia-federal","tag-policia-rodoviaria-federal","tag-prf"],"acf":[],"_links":{"self":[{"href":"https:\/\/www.novaconcursos.com.br\/portal\/wp-json\/wp\/v2\/posts\/128441","targetHints":{"allow":["GET"]}}],"collection":[{"href":"https:\/\/www.novaconcursos.com.br\/portal\/wp-json\/wp\/v2\/posts"}],"about":[{"href":"https:\/\/www.novaconcursos.com.br\/portal\/wp-json\/wp\/v2\/types\/post"}],"author":[{"embeddable":true,"href":"https:\/\/www.novaconcursos.com.br\/portal\/wp-json\/wp\/v2\/users\/54671"}],"replies":[{"embeddable":true,"href":"https:\/\/www.novaconcursos.com.br\/portal\/wp-json\/wp\/v2\/comments?post=128441"}],"version-history":[{"count":4,"href":"https:\/\/www.novaconcursos.com.br\/portal\/wp-json\/wp\/v2\/posts\/128441\/revisions"}],"predecessor-version":[{"id":128490,"href":"https:\/\/www.novaconcursos.com.br\/portal\/wp-json\/wp\/v2\/posts\/128441\/revisions\/128490"}],"wp:featuredmedia":[{"embeddable":true,"href":"https:\/\/www.novaconcursos.com.br\/portal\/wp-json\/wp\/v2\/media\/127596"}],"wp:attachment":[{"href":"https:\/\/www.novaconcursos.com.br\/portal\/wp-json\/wp\/v2\/media?parent=128441"}],"wp:term":[{"taxonomy":"category","embeddable":true,"href":"https:\/\/www.novaconcursos.com.br\/portal\/wp-json\/wp\/v2\/categories?post=128441"},{"taxonomy":"post_tag","embeddable":true,"href":"https:\/\/www.novaconcursos.com.br\/portal\/wp-json\/wp\/v2\/tags?post=128441"}],"curies":[{"name":"wp","href":"https:\/\/api.w.org\/{rel}","templated":true}]}}