{"id":128444,"date":"2021-04-08T09:19:00","date_gmt":"2021-04-08T12:19:00","guid":{"rendered":"https:\/\/www.novaconcursos.com.br\/portal\/?post_type=nc-public-tender&#038;p=128444"},"modified":"2024-12-16T10:01:45","modified_gmt":"2024-12-16T13:01:45","slug":"concurso-policia-penal-ap","status":"publish","type":"post","link":"https:\/\/www.novaconcursos.com.br\/portal\/concursos\/concurso-policia-penal-ap\/","title":{"rendered":"Concurso Pol\u00edcia Penal AP: Novo edital pode estar pr\u00f3ximo!"},"content":{"rendered":"<p>Aten\u00e7\u00e3o concurseiros, mais um certame para a \u00e1rea policial pode estar chegando em breve! Isso porque o Amap\u00e1 criou o novo cargo de <strong>Policial Penal<\/strong> , com exig\u00eancia de forma\u00e7\u00e3o em n\u00edvel superior de escolaridade.<\/p>\n<p>Segundo a lei que sancionou o novo \u00f3rg\u00e3o, o quadro de pessoal ser\u00e1 formado por<strong> 1.223 cargos<\/strong>, sendo <strong>864 para homens e 359 para mulheres.<\/strong><\/p>\n<p>\u00a0<\/p>\n<ul><li><a class=\"_ps2id\" href=\"#situa%C3%A7%C3%A3o-atual\" data-ps2id-offset=\"\">Concurso Pol\u00edcia Penal AP: situa\u00e7\u00e3o atual<\/a><\/li>\n<li><a class=\"_ps2id\" href=\"#carreira\" data-ps2id-offset=\"\">Concurso Pol\u00edcia Penal AP: Carreira<\/a>\n<ul><li><a class=\"_ps2id\" href=\"#requisitos\" data-ps2id-offset=\"\">Requisitos\u00a0<\/a><\/li>\n<li><a class=\"_ps2id\" href=\"#atribui%C3%A7%C3%B5es\" data-ps2id-offset=\"\">Atribui\u00e7\u00f5es\u00a0<\/a><\/li>\n<li><a class=\"_ps2id\" href=\"#remunera%C3%A7%C3%B5es\" data-ps2id-offset=\"\">Remunera\u00e7\u00f5es e estrutura da carreira<\/a><\/li>\n<\/ul><\/li>\n<li><a class=\"_ps2id\" href=\"#%C3%BAltimo-concurso\" data-ps2id-offset=\"\">\u00daltimo concurso<\/a>\n<ul><li><a class=\"_ps2id\" href=\"#etapas\" data-ps2id-offset=\"\">Etapas do \u00faltimo edital<\/a><\/li>\n<\/ul><\/li>\n<\/ul><h2 id=\"\"><\/h2>\n<h2 id=\"ps2id-idsituaoatual-targetconcurso-polcia-penal-ap-situao-at\">[ps2id id=\u2019situa\u00e7\u00e3o-atual\u2019 target=\u201d\/]Concurso Pol\u00edcia Penal AP: situa\u00e7\u00e3o atual<\/h2>\n<p>Waldez G\u00f3es,\u00a0governador do Amap\u00e1, sancionou na \u00faltima segunda-feira, 05 de abril, a lei que estabelece a cria\u00e7\u00e3o da carreira de Policial Penal do Estado do Amap\u00e1.<\/p>\n<p>A cria\u00e7\u00e3o da carreira foi publicada no Di\u00e1rio Oficial do Amap\u00e1. O texto detalha os requisitos necess\u00e1rios para o ingresso na carreira, como por exemplo: ter mais de 18 anos, estar quite com as obriga\u00e7\u00f5es eleitorais, ter diploma de n\u00edvel superior emitido por institui\u00e7\u00e3o reconhecida pelo Minist\u00e9rio da Educa\u00e7\u00e3o (MEC) e Carteira Nacional de Habilita\u00e7\u00e3o (CNH) categoria B.<\/p>\n<p>O servidor que exercer o cargo de Policial Penal ser\u00e1 respons\u00e1vel por fiscalizar a entrada e sa\u00edda de pessoas e ve\u00edculos nos pr\u00e9dios e estabelecimentos penais, controlar o fluxo de pessoas e ve\u00edculos em ambientes onde ocorram a\u00e7\u00f5es da pol\u00edcia penal, cuidar da disciplina e seguran\u00e7a dos presos e apenados, efetuar a confer\u00eancia peri\u00f3dica da popula\u00e7\u00e3o carcer\u00e1ria, entre outras atividades.<\/p>\n<h2 id=\"ps2id-idcarreira-targetconcurso-polcia-penal-ap-carreira\">[ps2id id=\u2019carreira\u2019 target=\u201d\/]Concurso Pol\u00edcia Penal AP: Carreira<\/h2>\n<h3 id=\"requisitos\">[ps2id id=\u2019requisitos\u2019 target=\u201d\/]Requisitos<\/h3>\n<p>\u2013 ser brasileiro;<br>\n\u2013 estar no gozo dos direitos pol\u00edticos;<br>\n\u2013 a quita\u00e7\u00e3o com as obriga\u00e7\u00f5es militares e eleitorais;<br>\n\u2013 a idade m\u00ednima de dezoito anos;<br>\n\u2013 gozar de boa sa\u00fade f\u00edsica e mental, comprovada em inspe\u00e7\u00e3o m\u00e9dica oficial;<br>\n\u2013 ter conduta social irrepreens\u00edvel, comprovada idoneidade moral e n\u00e3o possuir antecedentes criminais;<br>\n\u2013 ser previamente aprovado em concurso p\u00fablico de provas ou de provas e t\u00edtulos;<br>\n\u2013 ser previamente aprovado em curso de forma\u00e7\u00e3o t\u00e9cnico- policial;<br>\n\u2013 possuir Carteira Nacional de Habilita\u00e7\u00e3o, no m\u00ednimo B.<\/p>\n<h3 id=\"atribuicoes\">[ps2id id=\u2019atribui\u00e7\u00f5es\u2019 target=\u201d\/]Atribui\u00e7\u00f5es<\/h3>\n<p>\u2013 fiscalizar a entrada e sa\u00edda de pessoas e ve\u00edculos nos pr\u00e9dios e estabelecimentos penais do sistema<br>\npenitenci\u00e1rio estadual e \u00e1reas afetas, incluindo execu\u00e7\u00e3o de servi\u00e7os de revista;<br>\n\u2013 controlar o fluxo de pessoas e ve\u00edculos em ambientes onde ocorram a\u00e7\u00f5es da pol\u00edcia penal, no \u00e2mbito de suas<br>\natribui\u00e7\u00f5es, preferencialmente, em coopera\u00e7\u00e3o com os respons\u00e1veis pela seguran\u00e7a do local;<br>\n\u2013 realizar o policiamento, incluindo a atividade de revista e prote\u00e7\u00e3o, do per\u00edmetro de todas as depend\u00eancias<br>\nonde ocorram deslocamento de pessoas privadas de liberdade, bem como \u00e1reas de interesse da administra\u00e7\u00e3o<br>\npenitenci\u00e1ria;<br>\n\u2013 realizar escolta e recambiamento, inclu\u00eddas as interestaduais e internacionais, de pessoas privadas de<br>\nliberdade e outras solicitadas por autoridade competente;<br>\n\u2013 realizar busca e revista pessoal, nos termos da lei;<br>\n\u2013 cuidar da disciplina e seguran\u00e7a dos presos e apenados;<br>\n\u2013 efetuar a confer\u00eancia peri\u00f3dica da popula\u00e7\u00e3o carcer\u00e1ria;<br>\n\u2013 realizar a identifica\u00e7\u00e3o cadastral e o controle legal dos presos e apenados;<br>\n\u2013 fazer rondas peri\u00f3dicas;<br>\n\u2013 realizar a recaptura de evadidos e foragidos, podendo atuar em parceria com as demais institui\u00e7\u00f5es de seguran\u00e7a<br>\np\u00fablica, nos termos das atribui\u00e7\u00f5es estabelecidas em normativa constitucional;<br>\n\u2013 cooperar, nos limites de sua compet\u00eancia, com autoridades judici\u00e1rias, Minist\u00e9rio P\u00fablico e pol\u00edcia<br>\njudici\u00e1ria, na persecu\u00e7\u00e3o criminal e na execu\u00e7\u00e3o penal;<br>\n\u2013 garantir a preserva\u00e7\u00e3o de provas e a manuten\u00e7\u00e3o da cadeia de cust\u00f3dia, em infra\u00e7\u00f5es penais ocorrida no<br>\n\u00e2mbito do estabelecimento penal at\u00e9 sua libera\u00e7\u00e3o pela autoridade policial competente;<br>\n\u2013 isolar ambiente quando houver risco iminente ou crime;<br>\n\u2013 conduzir viaturas, embarca\u00e7\u00f5es e aeronaves conforme habilita\u00e7\u00e3o espec\u00edfica;<br>\n\u2013 operar equipamentos de telecomunica\u00e7\u00f5es, monitoramento, sistemas de seguran\u00e7a e vigil\u00e2ncia;<br>\n\u2013 prestar seguran\u00e7a \u00e0s autoridades, profissionais, volunt\u00e1rios em atendimentos especializados \u00e0s pessoas<br>\ncustodiadas;<br>\n\u2013 identificar, gerenciar e aplicar os recursos necess\u00e1rios \u00e0 antecipa\u00e7\u00e3o, preven\u00e7\u00e3o, negocia\u00e7\u00e3o e<br>\natua\u00e7\u00e3o na resolu\u00e7\u00e3o de crises e eventos danosos;<br>\n\u2013 executar medidas assecurat\u00f3rias da incolumidade f\u00edsica das autoridades e servidores da execu\u00e7\u00e3o penal,<br>\npoliciais penais, dignat\u00e1rios e de seus familiares, quando se encontrem em situa\u00e7\u00e3o de risco em raz\u00e3o do cargo;<br>\n\u2013 supervisionar, fiscalizar, operar e realizar o acompanhamento do cumprimento de penas restritivas de<br>\ndireito, de penas privativas de liberdade, pris\u00e3o domiciliar executadas em regime semiaberto ou aberto, inclu\u00eddo os<br>\nde monitoramento eletr\u00f4nico;<br>\n\u2013 fiscalizar o trabalho e o comportamento da popula\u00e7\u00e3o prisional, observando os regulamentos e normas da<br>\ninstitui\u00e7\u00e3o;<br>\n\u2013 receber equipamentos utilizados no plant\u00e3o, assegurando que os mesmos est\u00e3o em perfeitas<br>\ncondi\u00e7\u00f5es;<br>\n\u2013 proceder a estudos e apresentar sugest\u00f5es sobre o estabelecimento de novos m\u00e9todos e t\u00e9cnicas relativas<br>\na atividade policial e de execu\u00e7\u00e3o penal que visem o aprimoramento funcional;<br>\n\u2013 realizar ou assessorar estudos para a execu\u00e7\u00e3o de projetos de organiza\u00e7\u00e3o e reorganiza\u00e7\u00e3o nas \u00e1reas de<br>\ninteresse da pol\u00edcia penal e administra\u00e7\u00e3o penitenci\u00e1ria;<br>\n\u2013 supervisionar, coordenar, gerir e executar atividades de natureza policial, t\u00e9cnica, administrativas e<br>\nde apoio a elas relacionadas;<br>\n\u2013 planejar, coordenar e executar atividades de corregedoria, ensino, intelig\u00eancia, ouvidoria e opera\u00e7\u00f5es<br>\npenitenci\u00e1rias especiais;<br>\n\u2013 ministrar aulas, assistir e orientar, quando necess\u00e1rio, a forma\u00e7\u00e3o inicial de alunos e capacita\u00e7\u00e3o<br>\ncontinuada a policiais;<br>\n\u2013 cumprir mandado de pris\u00e3o e alvar\u00e1 de soltura expedidos por \u00f3rg\u00e3o judicial competente no \u00e2mbito dos<br>\nestabelecimentos penais;<br>\n\u2013 fiscalizar o trabalho interno e externo do preso;<br>\n\u2013 providenciar encaminhamentos para assist\u00eancias aos presos e apenados;<br>\n\u2013 facilitar as atividades dirigidas \u00e0 reinser\u00e7\u00e3o social e ao tratamento penal;<br>\n\u2013 verificar as condi\u00e7\u00f5es de seguran\u00e7a f\u00edsica dos estabelecimentos penais, bem como as condi\u00e7\u00f5es de<br>\nlimpeza e higiene das celas e instala\u00e7\u00f5es sanit\u00e1rias de uso dos presos e apenados;<br>\n\u2013 atuar, preliminarmente, visando evitar a ocorr\u00eancia de infra\u00e7\u00f5es penais, garantindo a seguran\u00e7a<br>\ndo estabelecimento penal;<br>\n\u2013 registrar ocorr\u00eancias em livro especial;<br>\n\u2013 informar \u00e0s autoridades competentes sobre as ocorr\u00eancias surgidas no seu per\u00edodo de trabalho;<br>\n\u2013 efetuar registro de suas atividades e mant\u00ea-los atualizados, bem como elaborar relat\u00f3rios peri\u00f3dicos;<br>\n\u2013 apoiar programas especiais de prote\u00e7\u00e3o a v\u00edtimas e testemunhas amea\u00e7adas e a r\u00e9us colaboradores;<br>\n\u2013 executar outras tarefas correlatas.<\/p>\n<h3 id=\"R$\">[ps2id id=\u2019remunera\u00e7\u00f5es\u2019 target=\u201d\/]Remunera\u00e7\u00f5es e estrutura da carreira<\/h3>\n<p>A carreira de Policial Penal AP conta com estrutura organizada da seguinte forma: Classe III, Classe II, Classe I e Classe Especial.<\/p>\n<p>O ingresso \u00e0 carreira acontece na Classe III com remunera\u00e7\u00e3o inicial de <strong>R$ 3.318,64<\/strong>. Conforme a progress\u00e3o do servidor na carreira o sal\u00e1rio pode chegar a <strong>R$ 5.305,30.<\/strong><\/p>\n<p>A jornada de trabalho pode ser em regime de escala, com plant\u00e3o de 24 horas ininterruptas de trabalho ou em regime de expediente, com 40 horas semanais de servi\u00e7o.<\/p>\n<h2 id=\"h-ltimo-concurso\">[ps2id id=\u2019\u00faltimo-concurso\u2019 target=\u201d\/]\u00daltimo concurso<\/h2>\n<p>O \u00faltimo concurso do Instituto de Administra\u00e7\u00e3o Penitenci\u00e1ria do Amap\u00e1 (IAPEN) aconteceu no ano de 2018. Na ocasi\u00e3o, a sele\u00e7\u00e3o ofertou 110 vagas imediatas e 440 para forma\u00e7\u00e3o de cadastro de reserva para Educador Social Penitenci\u00e1rio e Agente Penitenci\u00e1rio. A remunera\u00e7\u00e3o oferecida foi de R$ 3.318,64 para ambos os cargos.<\/p>\n<h3 id=\"etapas\">[ps2id id=\u2019etapas\u2019 target=\u201d\/]Etapas do \u00faltimo edital<\/h3>\n<ul><li>Exame de Aptid\u00e3o F\u00edsica, de car\u00e1ter eliminat\u00f3rio;<\/li>\n<li>Exame Documental, de car\u00e1ter eliminat\u00f3rio;<\/li>\n<li>Exame de Sa\u00fade, de car\u00e1ter eliminat\u00f3rio;<\/li>\n<li>Exame Psicol\u00f3gico, de car\u00e1ter eliminat\u00f3rio;<\/li>\n<li>Investiga\u00e7\u00e3o Social, de car\u00e1ter eliminat\u00f3rio.<\/li>\n<\/ul>","protected":false},"excerpt":{"rendered":"<p>Aten\u00e7\u00e3o concurseiros, mais um certame para a \u00e1rea policial pode estar chegando em breve! Isso porque o Amap\u00e1 criou o novo cargo de Policial Penal , com exig\u00eancia de forma\u00e7\u00e3o em n\u00edvel superior de escolaridade.<\/p>\n<p>Segundo a lei que sancionou o novo \u00f3rg\u00e3o, o quadro de pessoal ser\u00e1 formado por 1.223 cargos, sendo 864 para homens e 359 para mulheres.<\/p>\n","protected":false},"author":54662,"featured_media":128499,"comment_status":"closed","ping_status":"closed","sticky":false,"template":"","format":"standard","meta":{"_acf_changed":false,"footnotes":"","_wp_rev_ctl_limit":""},"categories":[44999],"tags":[],"class_list":["post-128444","post","type-post","status-publish","format-standard","has-post-thumbnail","hentry","category-concursos"],"acf":[],"_links":{"self":[{"href":"https:\/\/www.novaconcursos.com.br\/portal\/wp-json\/wp\/v2\/posts\/128444","targetHints":{"allow":["GET"]}}],"collection":[{"href":"https:\/\/www.novaconcursos.com.br\/portal\/wp-json\/wp\/v2\/posts"}],"about":[{"href":"https:\/\/www.novaconcursos.com.br\/portal\/wp-json\/wp\/v2\/types\/post"}],"author":[{"embeddable":true,"href":"https:\/\/www.novaconcursos.com.br\/portal\/wp-json\/wp\/v2\/users\/54662"}],"replies":[{"embeddable":true,"href":"https:\/\/www.novaconcursos.com.br\/portal\/wp-json\/wp\/v2\/comments?post=128444"}],"version-history":[{"count":4,"href":"https:\/\/www.novaconcursos.com.br\/portal\/wp-json\/wp\/v2\/posts\/128444\/revisions"}],"predecessor-version":[{"id":131520,"href":"https:\/\/www.novaconcursos.com.br\/portal\/wp-json\/wp\/v2\/posts\/128444\/revisions\/131520"}],"wp:featuredmedia":[{"embeddable":true,"href":"https:\/\/www.novaconcursos.com.br\/portal\/wp-json\/wp\/v2\/media\/128499"}],"wp:attachment":[{"href":"https:\/\/www.novaconcursos.com.br\/portal\/wp-json\/wp\/v2\/media?parent=128444"}],"wp:term":[{"taxonomy":"category","embeddable":true,"href":"https:\/\/www.novaconcursos.com.br\/portal\/wp-json\/wp\/v2\/categories?post=128444"},{"taxonomy":"post_tag","embeddable":true,"href":"https:\/\/www.novaconcursos.com.br\/portal\/wp-json\/wp\/v2\/tags?post=128444"}],"curies":[{"name":"wp","href":"https:\/\/api.w.org\/{rel}","templated":true}]}}