{"id":128796,"date":"2021-04-13T13:23:18","date_gmt":"2021-04-13T16:23:18","guid":{"rendered":"https:\/\/www.novaconcursos.com.br\/portal\/?p=128796"},"modified":"2021-04-27T10:40:26","modified_gmt":"2021-04-27T13:40:26","slug":"concurso-pm-sp-oficiais-locais-de-prova","status":"publish","type":"post","link":"https:\/\/www.novaconcursos.com.br\/portal\/noticias\/concurso-pm-sp-oficiais-locais-de-prova\/","title":{"rendered":"Concurso PM SP Oficiais: Confira os locais de prova!"},"content":{"rendered":"<p>Aten\u00e7\u00e3o concurseiros! Os locais de provas do<a href=\"https:\/\/www.novaconcursos.com.br\/portal\/concursos\/concurso-pm-sp\/\"> concurso PM SP <\/a>foram divulgados e j\u00e1 est\u00e3o dispon\u00edveis no site da organizadora, FGV.<\/p>\n\n\n\n<ul class=\"wp-block-list\"><li><strong>Confira:<\/strong> <a href=\"https:\/\/www.novaconcursos.com.br\/eventos\/guia-definitivo-como-fazer-uma-boa-revisao\/\" target=\"_blank\" rel=\"noreferrer noopener\" aria-label=\"Material gr\u00e1tis - Guia Definitivo Como fazer uma boa revis\u00e3o!   (abre numa nova aba)\">Material gr\u00e1tis \u2013 Guia Definitivo Como fazer uma boa revis\u00e3o!  <\/a><\/li><\/ul><p><\/p>\n\n\n\n<p>As\u00a0<strong>provas objetivas<\/strong>\u00a0do concurso PM SP para o cargo de Oficial ser\u00e3o aplicadas em abril. O concurso ir\u00e1 ofertar 190 oportunidades para o cargo de\u00a0<strong>Aluno-Oficial PM SP, homens e mulheres<\/strong>.<\/p>\n\n\n\n<h2 class=\"wp-block-heading\" id=\"situao-atual-do-concurso-pm-sp-oficiais-\">Situa\u00e7\u00e3o atual do concurso PM SP Oficiais <\/h2>\n\n\n\n<p>J\u00e1 est\u00e3o diposn\u00edveis para consulta no site da FGV, os locais de prova do concurso PM SP para o cargo de Oficial, que est\u00e3o agendadas para o dia\u00a0<strong>18 de abril.<\/strong><\/p>\n\n\n\n<p>De acordo com o comunicado publicado no Di\u00e1rio Oficial, os inscritos poder\u00e3o consultar os locais de provas no site da banca organizadora, a <a href=\"https:\/\/conhecimento.fgv.br\/concursos\/pmesp2020\" target=\"_blank\" rel=\"noreferrer noopener\" aria-label=\"Funda\u00e7\u00e3o Get\u00falio Vargas (FGV). (abre numa nova aba)\">Funda\u00e7\u00e3o Get\u00falio Vargas (FGV).<\/a><\/p>\n\n\n\n<p>A etapa de provas da sele\u00e7\u00e3o est\u00e1 prevista para o <strong>pr\u00f3ximo domingo, dia 18 de abril<\/strong>, com in\u00edcio \u00e0s 13h e dura\u00e7\u00e3o total de 6 horas. Os inscritos dever\u00e3o seguir os hor\u00e1rios estabelecidos no cart\u00e3o do candidato, para a evitar aglomera\u00e7\u00f5es na chegada aos locais de aplica\u00e7\u00e3o das provas.<\/p>\n\n\n\n<ul class=\"wp-block-list\"><li>Adquira: <a href=\"https:\/\/www.novaconcursos.com.br\/apostila\/cfo-pm-sp-curso-formacao-oficiais\">Apostila completa PM SP<\/a><\/li><li>Adquira: <a href=\"https:\/\/www.novaconcursos.com.br\/curso-online\/pm-sp-curso-formacao-oficiais-cfo\">Curso online completo PM SP<\/a><\/li><\/ul><p><\/p>\n\n\n\n<p>Lembrando que as avalia\u00e7\u00f5es tanto para Aluno-Oficial quanto para Soldado estavam previstas para ocorrer nos dias\u00a0<strong>28 de mar\u00e7o<\/strong>\u00a0e\u00a0<strong>11 de abril,\u00a0<\/strong>respectivamente. No entanto, foram suspensas em raz\u00e3o das medidas restritivas determinadas pelo governador de S\u00e3o Paulo, Jo\u00e3o Doria, visando conter a pandemia da Covid-19.<\/p>\n\n\n\n<p>As inscri\u00e7\u00f5es para o cargo, com oferta de\u00a0<strong>190 vagas<\/strong>, est\u00e3o encerradas. Os interessados tiveram at\u00e9 o dia\u00a0<strong>11 de fevereiro\u00a0<\/strong>para acessar o site da FGV e garantir a candidatura.<\/p>\n\n\n\n<p>Vale ressaltar que no in\u00edcio seriam ofertadas 130 vagas. No entanto, o governador Jo\u00e3o Doria\u00a0<strong>autorizou mais 60 vagas para Aluno-Oficial<\/strong>, totalizando\u00a0<strong>190 oportunidades<\/strong>.<\/p>\n\n\n\n<h2 class=\"wp-block-heading\" id=\"como-ser-a-prova-do-concurso-pmsp-oficial\"><strong>Como ser\u00e1 a prova do concurso PM-SP Oficial?<\/strong><\/h2>\n\n\n\n<p>Todos os candidatos ser\u00e3o submetidos as seguintes etapas de sele\u00e7\u00e3o:<\/p>\n\n\n\n<ul class=\"wp-block-list\"><li>Prova Objetiva (eliminat\u00f3rio e classificat\u00f3rio);<\/li><li>Prova Dissertativa (eliminat\u00f3rio e classificat\u00f3rio);<\/li><li>Exames de Aptid\u00e3o F\u00edsica (eliminat\u00f3rio);<\/li><li>Exames de Sa\u00fade (eliminat\u00f3rio);<\/li><li>Exames Psicol\u00f3gicos (eliminat\u00f3rio);<\/li><li>Avalia\u00e7\u00e3o da Conduta Social, da Reputa\u00e7\u00e3o e da Idoneidade (eliminat\u00f3rio);<\/li><li>An\u00e1lise de Documentos (eliminat\u00f3rio).<\/li><\/ul><p>As provas objetivas e discursivas est\u00e3o previstas para serem realizadas no dia\u00a0<strong>18 de abril de 2021<\/strong>.<\/p>\n\n\n\n<h3 class=\"wp-block-heading\"><strong>Provas Objetivas<\/strong><\/h3>\n\n\n\n<p>As provas objetivas ser\u00e3o compostas por 80 quest\u00f5es de m\u00faltipla escolha e ter\u00e3o a dura\u00e7\u00e3o de 4 horas, sendo realizada no per\u00edodo da manh\u00e3. Elas versar\u00e3o sobre as seguintes disciplinas:<\/p>\n\n\n\n<p>Ci\u00eancias Humanas e suas Tecnologias \u2013 20 (vinte) quest\u00f5es, sendo:<\/p>\n\n\n\n<ul class=\"wp-block-list\"><li>Hist\u00f3ria: 6 (seis) quest\u00f5es;<\/li><li>Filosofia: 4 (quatro) quest\u00f5es;<\/li><li>Sociologia: 4 (quatro) quest\u00f5es;<\/li><li>Geografia: 6 (seis) quest\u00f5es.<\/li><\/ul><p><\/p>\n\n\n\n<p>Linguagens e C\u00f3digos \u2013 24 (vinte e quatro) quest\u00f5es, sendo:<\/p>\n\n\n\n<ul class=\"wp-block-list\"><li>L\u00edngua Portuguesa e interpreta\u00e7\u00e3o de texto: 18 (dezoito) quest\u00f5es;<\/li><li>L\u00edngua Inglesa ou Espanhola: 6 (seis) quest\u00f5es.<\/li><\/ul><p><\/p>\n\n\n\n<p>Matem\u00e1tica e Ci\u00eancias da Natureza \u2013 30 (trinta) quest\u00f5es, sendo:<\/p>\n\n\n\n<ul class=\"wp-block-list\"><li>Matem\u00e1tica: 12 (doze) quest\u00f5es;<\/li><li>F\u00edsica: 6 (seis) quest\u00f5es;<\/li><li>Qu\u00edmica: 6 (seis) quest\u00f5es;<\/li><li>Biologia: 6 (seis) quest\u00f5es.<\/li><\/ul><p><\/p>\n\n\n\n<p>Conhecimentos Espec\u00edficos \u2013 6 (seis) quest\u00f5es, sendo:<\/p>\n\n\n\n<ul class=\"wp-block-list\"><li>No\u00e7\u00f5es de Administra\u00e7\u00e3o P\u00fablica: 2 (duas) quest\u00f5es;<\/li><li>No\u00e7\u00f5es B\u00e1sicas de Inform\u00e1tica: 4 (quatro) quest\u00f5es.<\/li><\/ul><h3 class=\"wp-block-heading\"><strong>Provas Dissertativas<\/strong><\/h3>\n\n\n\n<p>As provas dissertativas ser\u00e3o aplicadas no mesmo dia das provas objetivas, por\u00e9m no per\u00edodo da tarde, ter\u00e3o a dura\u00e7\u00e3o de 2 horas.<\/p>\n\n\n\n<p>Ser\u00e3o compostas por uma reda\u00e7\u00e3o dissertativa-argumentativa, na qual se espera que o candidato produza uma disserta\u00e7\u00e3o em prosa na norma-padr\u00e3o da l\u00edngua portuguesa.<\/p>","protected":false},"excerpt":{"rendered":"<p>Aten\u00e7\u00e3o concurseiros! Os locais de provas do concurso PM SP foram divulgados e j\u00e1 est\u00e3o dispon\u00edveis no site da organizadora, FGV. Confira: Material gr\u00e1tis \u2013 Guia Definitivo Como fazer uma boa revis\u00e3o! As\u00a0provas objetivas\u00a0do concurso PM SP para o cargo de Oficial ser\u00e3o aplicadas em abril. O concurso ir\u00e1 ofertar 190 oportunidades para o cargo [&hellip;]<\/p>\n","protected":false},"author":54662,"featured_media":0,"comment_status":"closed","ping_status":"closed","sticky":false,"template":"","format":"standard","meta":{"_acf_changed":false,"footnotes":"","_wp_rev_ctl_limit":""},"categories":[228],"tags":[22093,30377,37729,21723],"class_list":["post-128796","post","type-post","status-publish","format-standard","hentry","category-noticias","tag-concurso-pm-sp-aluno-oficial","tag-policia-militar-provas","tag-provas-concurso-pm-sp","tag-vagas-concurso-pm-sp"],"acf":[],"_links":{"self":[{"href":"https:\/\/www.novaconcursos.com.br\/portal\/wp-json\/wp\/v2\/posts\/128796","targetHints":{"allow":["GET"]}}],"collection":[{"href":"https:\/\/www.novaconcursos.com.br\/portal\/wp-json\/wp\/v2\/posts"}],"about":[{"href":"https:\/\/www.novaconcursos.com.br\/portal\/wp-json\/wp\/v2\/types\/post"}],"author":[{"embeddable":true,"href":"https:\/\/www.novaconcursos.com.br\/portal\/wp-json\/wp\/v2\/users\/54662"}],"replies":[{"embeddable":true,"href":"https:\/\/www.novaconcursos.com.br\/portal\/wp-json\/wp\/v2\/comments?post=128796"}],"version-history":[{"count":3,"href":"https:\/\/www.novaconcursos.com.br\/portal\/wp-json\/wp\/v2\/posts\/128796\/revisions"}],"predecessor-version":[{"id":130030,"href":"https:\/\/www.novaconcursos.com.br\/portal\/wp-json\/wp\/v2\/posts\/128796\/revisions\/130030"}],"wp:attachment":[{"href":"https:\/\/www.novaconcursos.com.br\/portal\/wp-json\/wp\/v2\/media?parent=128796"}],"wp:term":[{"taxonomy":"category","embeddable":true,"href":"https:\/\/www.novaconcursos.com.br\/portal\/wp-json\/wp\/v2\/categories?post=128796"},{"taxonomy":"post_tag","embeddable":true,"href":"https:\/\/www.novaconcursos.com.br\/portal\/wp-json\/wp\/v2\/tags?post=128796"}],"curies":[{"name":"wp","href":"https:\/\/api.w.org\/{rel}","templated":true}]}}