{"id":130058,"date":"2024-03-06T08:23:18","date_gmt":"2024-03-06T11:23:18","guid":{"rendered":"https:\/\/www.novaconcursos.com.br\/portal\/?post_type=nc-public-tender&#038;p=130058"},"modified":"2024-12-16T09:34:16","modified_gmt":"2024-12-16T12:34:16","slug":"concurso-ipece","status":"publish","type":"post","link":"https:\/\/www.novaconcursos.com.br\/portal\/concursos\/concurso-ipece\/","title":{"rendered":"Concurso IPECE tem comiss\u00e3o formada ap\u00f3s 18 anos do \u00faltimo edital!"},"content":{"rendered":"<p>Aten\u00e7\u00e3o, concurseiros! Ap\u00f3s 18 anos, o novo <strong>concurso Ipece<\/strong> (Instituto de Pesquisa e Estrat\u00e9gia Econ\u00f4mica do Cear\u00e1) est\u00e1 com a comiss\u00e3o formada!<\/p>\n<p>O certame, que foi autorizado em 2023, deve ser <strong>publicado em breve<\/strong>!<\/p>\n<p>Confira mais detalhes sobre este aguardado concurso!<\/p>\n<ul><li><a class=\"_ps2id\" href=\"#situa%C3%A7%C3%A3o-atual\" data-ps2id-offset=\"\">Situa\u00e7\u00e3o atual<\/a><\/li>\n<li><a class=\"_ps2id\" href=\"#%C3%BAltimo-concurso\" data-ps2id-offset=\"\">\u00daltimo concurso<\/a><\/li>\n<li><a class=\"_ps2id\" href=\"#ipece\" data-ps2id-offset=\"\">Sobre o Ipece<\/a><\/li>\n<\/ul><h2 id=\"ps2id-idsituaoatual-targetconcurso-ipece-est-com-comisso-for\">[ps2id id=\u2019situa\u00e7\u00e3o-atual\u2019 target=\u201d\/]Concurso Ipece est\u00e1 com comiss\u00e3o formada!<\/h2>\n<p>Ap\u00f3s 18 anos, o pr\u00f3ximo concurso do Ipece deve ser publicado em breve!<\/p>\n<p>No dia 5 de mar\u00e7o, foi publicada no Di\u00e1rio Oficial do Estado do Cear\u00e1 a <a href=\"https:\/\/www.novaconcursos.com.br\/portal\/wp-content\/uploads\/2024\/03\/comissao-cncurso-ipece.png\" target=\"_blank\" rel=\"noopener\">comiss\u00e3o<\/a> respons\u00e1vel pelo certame, composta pelos seguintes membros:<\/p>\n<ul><li>Presidente: Jos\u00e9 Meneleu Neto;<\/li>\n<li>Membro: Nacl\u00e9zia Silva Farias;<\/li>\n<li>Membro: Walter Correia Lima Filho;<\/li>\n<li>Membro: Maryanne Rodrigues Fernandes Bezerra;<\/li>\n<li>Membro: Rafaela Cavalcante Lisboa.<\/li>\n<\/ul><p>Essa comiss\u00e3o ser\u00e1 respons\u00e1vel pelos estudos preliminares, como a defini\u00e7\u00e3o dos cargos e vagas, al\u00e9m da escolha da banca organizadora do concurso. Por enquanto, ainda n\u00e3o foram divulgadas a defini\u00e7\u00e3o de cargos e vagas!<\/p>\n<p>O <strong>pr\u00f3ximo passo<\/strong> para a publica\u00e7\u00e3o do edital ser\u00e1 a contrata\u00e7\u00e3o da banca organizadora, que ficar\u00e1 respons\u00e1vel por elaborar o edital, receber as inscri\u00e7\u00f5es e aplicar e corrigir as etapas de sele\u00e7\u00e3o.<\/p>\n<p>Vale ressaltar que a<strong> autoriza\u00e7\u00e3o<\/strong> para o concurso p\u00fablico foi dada pelo governador Elmano de Freitas, por meio das redes sociais, em outubro de 2023.<\/p>\n<p>Em uma reuni\u00e3o realizada em 2022, foi discutida a necessidade de um novo concurso para o \u00f3rg\u00e3o. Desde a sua cria\u00e7\u00e3o, s\u00f3 foi realizado um \u00fanico concurso p\u00fablico, em 2006.<\/p>\n<p>\u201cVamos fazer os estudos necess\u00e1rios e apresent\u00e1-los ao governador Camilo Santana, que tem olhado com muita aten\u00e7\u00e3o para o quadro funcional do Estado como um todo e realizado diversos concursos p\u00fablicos ao longo da sua gest\u00e3o\u201d, destacou o secret\u00e1rio Ronaldo Borges, na ocasi\u00e3o.<\/p>\n<p>Em 2021, o certame do Ipece constava no Projeto de Lei Or\u00e7ament\u00e1ria Anual do Estado para 2021 (PLOA Cear\u00e1 2021). No entanto, os tr\u00e2mites n\u00e3o avan\u00e7aram.<\/p>\n<ul><li><strong>Confira: <\/strong><a href=\"https:\/\/www.novaconcursos.com.br\/livro\/1000-questoes-gabaritadas-conteudos-basicos-concursos?q=b%C3%A1sico\">Livro 1.000 Quest\u00f5es Gabaritadas de Conte\u00fados B\u00e1sicos para Concursos<\/a><\/li>\n<\/ul><p>Estude para o concurso dos seus sonhos com o\u00a0<strong>M\u00e9todo<\/strong>\u00a0que j\u00e1 ajudou na\u00a0<strong>aprova\u00e7\u00e3o de mais de 70 mil alunos!\u00a0<\/strong><a href=\"https:\/\/aprovacao.novaconcursos.com.br\/assinatura?promo_creative=Clique+aqui&amp;promo_name=concurso&amp;promo_id=%2Fportal%2Fconcursos%2Fguarda-municipal-vitoria-es&amp;promo_position=corpo-texto\" target=\"_blank\" rel=\"noreferrer noopener\">Clique aqui<\/a>\u00a0 e saiba mais!<\/p>\n<h2 id=\"\u00faltimo\"><strong>[ps2id id=\u2019\u00faltimo-concurso\u2019 target=\u201d\/]\u00daltimo concurso\u00a0<\/strong><\/h2>\n<p>O \u00faltimo concurso Ipece foi realizado h\u00e1 18 anos, no ano de <strong>2006<\/strong>, sob responsabilidade da Funece.<\/p>\n<p>Na ocasi\u00e3o, foram ofertadas 18 vagas para o cargo de Analista de Pol\u00edticas P\u00fablicas, de n\u00edvel superior.<\/p>\n<p>Os aprovados receberam remunera\u00e7\u00e3o fixa de<strong> R$ 2.000,00<\/strong>!<\/p>\n<p>Al\u00e9m disso, os aprovados fizeram jus a Gratifica\u00e7\u00e3o de Desempenho de Atividade de Analise de Pol\u00edticas P\u00fablicas: \u2013 GDAP.<\/p>\n<ul><li><strong>Adquira:\u00a0<\/strong><a href=\"https:\/\/www.novaconcursos.com.br\/apostila\/basico-concurso?q=b%C3%A1sico\">Apostila B\u00e1sico para Concursos<\/a><\/li>\n<\/ul><h3 id=\"requisitos\">Requisitos<\/h3>\n<p>Para investidura no cargo, o interessado deveria cumprir as seguintes exig\u00eancias b\u00e1sicas:<\/p>\n<ul><li>\u00a0ter sido aprovado e classificado no concurso, na forma estabelecida neste Edital;<\/li>\n<li>ter nacionalidade brasileira; no caso de nacionalidade portuguesa, estar amparado pelo estatuto de igualdade entre brasileiros e portugueses, com reconhecimento do gozo dos direitos pol\u00edticos, na forma do disposto no art.13 do Decreto no 70.436, de 18 de abril de 1972;<\/li>\n<li>gozar dos direitos pol\u00edticos;<\/li>\n<li>estar quite com as obriga\u00e7\u00f5es eleitorais;<\/li>\n<li>estar quite com as obriga\u00e7\u00f5es do Servi\u00e7o Militar, para os candidatos do sexo masculino;<\/li>\n<li>ter idade m\u00ednima de 18 anos;<\/li>\n<li>ter aptid\u00e3o f\u00edsica e mental para o exerc\u00edcio das atribui\u00e7\u00f5es do emprego p\u00fablico, comprovadas por junta m\u00e9dica do Instituto de Previd\u00eancia do Estado do Cear\u00e1 \u2013 IPEC;<\/li>\n<li>possuir a qualifica\u00e7\u00e3o exigida para admiss\u00e3o no emprego p\u00fablico.<\/li>\n<\/ul><h3>Atribui\u00e7\u00f5es<\/h3>\n<p>O cargo de Analista de Pol\u00edticas P\u00fablicas desempenha as seguintes fun\u00e7\u00f5es e responsabilidades:<\/p>\n<ul><li>desenvolvimento de trabalho de n\u00edvel superior na \u00e1rea de Planejamento e Pol\u00edticas P\u00fablicas do Governo Estadual, abrangendo estudos e pesquisas geo-s\u00f3cio-econ\u00f4micas;<\/li>\n<li>elabora\u00e7\u00e3o de an\u00e1lise de cen\u00e1rios macroecon\u00f4micos, estabelecendo orienta\u00e7\u00f5es e diretrizes estrat\u00e9gicas;<\/li>\n<li>coordena\u00e7\u00e3o de trabalhos ligados \u00e0 formula\u00e7\u00e3o, implementa\u00e7\u00e3o e avalia\u00e7\u00e3o de Pol\u00edticas P\u00fablicas;<\/li>\n<li>\u00a0elabora\u00e7\u00e3o de pesquisas e estudos de suporte t\u00e9cnico aplicados \u00e0 formula\u00e7\u00e3o, monitoramento e avalia\u00e7\u00e3o de Pol\u00edticas P\u00fablicas adotadas no Estado;<\/li>\n<li>realiza\u00e7\u00e3o de estudos e diagn\u00f3sticos sobre as condi\u00e7\u00f5es de desenvolvimento econ\u00f4mico, social e espacial do Estado;<\/li>\n<li>presta\u00e7\u00e3o de assessoria t\u00e9cnica no processo de elabora\u00e7\u00e3o de pol\u00edticas p\u00fablicas no Estado;<\/li>\n<li>desenvolvimento de estudos sobre a avalia\u00e7\u00e3o de impactos e da efic\u00e1cia das pol\u00edticas, projetos e a\u00e7\u00f5es desenvolvidas pelo Governo Estadual;<\/li>\n<li>desenvolvimento e disponibiliza\u00e7\u00e3o de metodologias e t\u00e9cnicas de concep\u00e7\u00e3o, elabora\u00e7\u00e3o, monitoramento e avalia\u00e7\u00e3o de Pol\u00edticas P\u00fablicas para o Governo Estadual;<\/li>\n<li>presta\u00e7\u00e3o de consultoria t\u00e9cnica a outros \u00f3rg\u00e3os e entidades da administra\u00e7\u00e3o estadual, dos munic\u00edpios e da iniciativa privada, conforme autoriza\u00e7\u00e3o expressa do Diretor Geral do IPECE desde que esta atividade seja de interesse do IPECE e que haja autoriza\u00e7\u00e3o de seu Diretor Geral para a realiza\u00e7\u00e3o da consultoria;<\/li>\n<li>outras atribui\u00e7\u00f5es que lhes forem designadas pela Diretoria do IPECE.<\/li>\n<\/ul><h3 id=\"etapas\"><strong>Etapas de Sele\u00e7\u00e3o\u00a0<\/strong><\/h3>\n<p>O \u00faltimo concurso Ipece foi composto pelas seguintes fases:<\/p>\n<ul><li>Provas objetivas (conhecimentos gerais e espec\u00edficos); e<\/li>\n<li>Prova de t\u00edtulos.<\/li>\n<\/ul><p>Confira abaixo o resumo das etapas:<\/p>\n<h4 id=\"h-prova-objetiva\"><strong>Prova objetiva<\/strong><\/h4>\n<p>De car\u00e1ter eliminat\u00f3rio e classificat\u00f3rio, est\u00e1 etapa contou com 80 quest\u00f5es de m\u00faltipla escolha, distribu\u00eddas entre as seguintes disciplinas:<\/p>\n<ul><li>Conhecimentos Gerais\n<ul><li>M\u00e9todos Quantitativos (20)<\/li>\n<li>No\u00e7\u00f5es de Inform\u00e1tica (06)<\/li>\n<li>Geoprocessamento (06)<\/li>\n<li>Cartografia (06)<\/li>\n<li>Geografia Econ\u00f4mica (06)<\/li>\n<li>Ingl\u00eas (06)<\/li>\n<\/ul><\/li>\n<li>Conhecimentos Espec\u00edficos\n<ul><li>Economia (30)<\/li>\n<\/ul><\/li>\n<\/ul><h4>Prova de T\u00edtulos<\/h4>\n<p>Nesta etapa foram consideradas as seguintes titula\u00e7\u00f5es e experi\u00eancias:<\/p>\n<p><strong>Forma\u00e7\u00e3o Acad\u00eamica<\/strong><\/p>\n<ul><li>Doutorado: 20,00 pontos;<\/li>\n<li>Mestrado: 10,00 pontos; e<\/li>\n<li>Especializa\u00e7\u00e3o: 5,00 pontos.<\/li>\n<\/ul><p><strong>Experi\u00eancia Profissional<\/strong><\/p>\n<ul><li>Exerc\u00edcio de cargo ou fun\u00e7\u00e3o de dire\u00e7\u00e3o em atividades na \u00e1rea do concurso, por no m\u00ednimo 03 (tr\u00eas) anos: 3,00 pontos<\/li>\n<li>Experi\u00eancia profissional na \u00e1rea do Concurso de, no m\u00ednimo, 03 (tr\u00eas) anos: 3,00 pontos<\/li>\n<li>Experi\u00eancia de ensino de Gradua\u00e7\u00e3o ou P\u00f3s-gradua\u00e7\u00e3o em disciplinas na \u00e1rea concurso de, no m\u00ednimo, 02 (dois) anos: 2,00 pontos<\/li>\n<\/ul><p><strong>Produ\u00e7\u00e3o Intelectual na \u00e1rea do concurso, nos \u00faltimos 5 (cinco) anos \u2013 at\u00e9 12,00<\/strong><\/p>\n<ul><li>Artigo em peri\u00f3dico especializado (At\u00e9 4 artigos)\n<ul><li>Trabalho completo em peri\u00f3dico padr\u00e3o A (da CAPES) 3,00 p\/trabalho<\/li>\n<li>Trabalho completo em peri\u00f3dico padr\u00e3o B (da CAPES) 2,00 p\/trabalho<\/li>\n<li>Trabalho completo em peri\u00f3dico padr\u00e3o C (da CAPES) 1,00 p\/trabalho<\/li>\n<\/ul><\/li>\n<li>Livro editado na \u00e1rea do Concurso (At\u00e9 4 livros)\n<ul><li>Cap\u00edtulo (limitado a dois cap\u00edtulos por livro) 1,00 p\/cap\u00edtulo<\/li>\n<li>Texto integral 2,00 p\/texto<\/li>\n<\/ul><\/li>\n<li>Trabalho em anais (At\u00e9 4 trabalhos)<\/li>\n<li>Trabalho completo em congressos internacionais 1,00 p\/trabalho<\/li>\n<li>Trabalho completo em congressos nacionais 1,00 p\/trabalho<\/li>\n<\/ul><p>Quer ingressar na carreira p\u00fablica? Confira todos os <a href=\"https:\/\/www.novaconcursos.com.br\/portal\/concursos-abertos\/ce\/\">concursos abertos no estado do Cear\u00e1<\/a>!<\/p>\n<h2 id=\"ps2id-idsobre-targetsobre-o-ipece\">[ps2id id=\u2019sobre\u2019 target=\u201d\/]Sobre o Ipece<\/h2>\n<p>O<a href=\"https:\/\/www.ipece.ce.gov.br\/\" target=\"_blank\" rel=\"noopener\"> Instituto de Pesquisa e Estrat\u00e9gia Econ\u00f4mica do Cear\u00e1 (IPECE)<\/a> \u00e9 uma autarquia vinculada \u00e0 Secretaria do Planejamento e Gest\u00e3o do Estado do Cear\u00e1.<\/p>\n<p>Fundado em 14 de abril de 2003, o IPECE \u00e9 o \u00f3rg\u00e3o do Governo respons\u00e1vel pela gera\u00e7\u00e3o de estudos, pesquisas e informa\u00e7\u00f5es socioecon\u00f4micas e geogr\u00e1ficas que permitem a avalia\u00e7\u00e3o de programas e a elabora\u00e7\u00e3o de estrat\u00e9gias e pol\u00edticas p\u00fablicas para o desenvolvimento do Estado do Cear\u00e1.<\/p>\n<p><strong>Miss\u00e3o<\/strong><\/p>\n<p>Gerar e disseminar conhecimento e informa\u00e7\u00f5es, subsidiar a formula\u00e7\u00e3o e avalia\u00e7\u00e3o de pol\u00edticas p\u00fablicas e assessorar o Governo nas decis\u00f5es estrat\u00e9gicas, contribuindo para o desenvolvimento sustent\u00e1vel do Cear\u00e1.<\/p>\n<p><strong>Valores<\/strong><\/p>\n<p>\u00c9tica, transpar\u00eancia e impessoalidade<\/p>\n<p>Autonomia t\u00e9cnica<\/p>\n<p>Rigor cient\u00edfico<\/p>\n<p>Compet\u00eancia e comprometimento profissional<\/p>\n<p>Coopera\u00e7\u00e3o interinstitucional<\/p>\n<p>Compromisso com a sociedade<\/p>\n<p>Senso de equipe e valoriza\u00e7\u00e3o do ser humano<\/p>\n<p><strong>Vis\u00e3o<\/strong><\/p>\n<p>At\u00e9 2025, ser uma institui\u00e7\u00e3o moderna e inovadora que tenha fortalecida sua contribui\u00e7\u00e3o nas decis\u00f5es estrat\u00e9gicas do Governo.<\/p>","protected":false},"excerpt":{"rendered":"<p>Aten\u00e7\u00e3o, concurseiros! Ap\u00f3s 18 anos, o novo concurso Ipece (Instituto de Pesquisa e Estrat\u00e9gia Econ\u00f4mica do Cear\u00e1) est\u00e1 com a comiss\u00e3o formada!<\/p>\n<p>O certame, que foi autorizado em 2023, deve ser publicado em breve!<\/p>\n<p>Confira mais detalhes sobre este aguardado concurso!<\/p>\n","protected":false},"author":54662,"featured_media":224272,"comment_status":"closed","ping_status":"closed","sticky":false,"template":"","format":"standard","meta":{"_acf_changed":false,"footnotes":"","_wp_rev_ctl_limit":""},"categories":[44999],"tags":[],"class_list":["post-130058","post","type-post","status-publish","format-standard","has-post-thumbnail","hentry","category-concursos"],"acf":[],"_links":{"self":[{"href":"https:\/\/www.novaconcursos.com.br\/portal\/wp-json\/wp\/v2\/posts\/130058","targetHints":{"allow":["GET"]}}],"collection":[{"href":"https:\/\/www.novaconcursos.com.br\/portal\/wp-json\/wp\/v2\/posts"}],"about":[{"href":"https:\/\/www.novaconcursos.com.br\/portal\/wp-json\/wp\/v2\/types\/post"}],"author":[{"embeddable":true,"href":"https:\/\/www.novaconcursos.com.br\/portal\/wp-json\/wp\/v2\/users\/54662"}],"replies":[{"embeddable":true,"href":"https:\/\/www.novaconcursos.com.br\/portal\/wp-json\/wp\/v2\/comments?post=130058"}],"version-history":[{"count":12,"href":"https:\/\/www.novaconcursos.com.br\/portal\/wp-json\/wp\/v2\/posts\/130058\/revisions"}],"predecessor-version":[{"id":224262,"href":"https:\/\/www.novaconcursos.com.br\/portal\/wp-json\/wp\/v2\/posts\/130058\/revisions\/224262"}],"wp:featuredmedia":[{"embeddable":true,"href":"https:\/\/www.novaconcursos.com.br\/portal\/wp-json\/wp\/v2\/media\/224272"}],"wp:attachment":[{"href":"https:\/\/www.novaconcursos.com.br\/portal\/wp-json\/wp\/v2\/media?parent=130058"}],"wp:term":[{"taxonomy":"category","embeddable":true,"href":"https:\/\/www.novaconcursos.com.br\/portal\/wp-json\/wp\/v2\/categories?post=130058"},{"taxonomy":"post_tag","embeddable":true,"href":"https:\/\/www.novaconcursos.com.br\/portal\/wp-json\/wp\/v2\/tags?post=130058"}],"curies":[{"name":"wp","href":"https:\/\/api.w.org\/{rel}","templated":true}]}}