{"id":130278,"date":"2021-04-27T16:59:41","date_gmt":"2021-04-27T19:59:41","guid":{"rendered":"https:\/\/www.novaconcursos.com.br\/portal\/?p=130278"},"modified":"2021-04-27T16:59:44","modified_gmt":"2021-04-27T19:59:44","slug":"concurso-funai-novo-pedido-em-2022","status":"publish","type":"post","link":"https:\/\/www.novaconcursos.com.br\/portal\/noticias\/concurso-funai-novo-pedido-em-2022\/","title":{"rendered":"Concurso Funai: Novo pedido ser\u00e1 enviado em 2022!"},"content":{"rendered":"<p>A Funda\u00e7\u00e3o Nacional do \u00cdndio afirmou que iniciou tratativas internas para o envio de um novo pedido para <a href=\"https:\/\/www.novaconcursos.com.br\/portal\/concursos\/concurso-funai\/\">concurso Funai<\/a>, que <strong>ser\u00e1 enviado em 2022<\/strong>. A funda\u00e7\u00e3o aguarda ainda uma resposta do Minist\u00e9rio da Economia, sobre um outro pedido que <strong>foi enviado em 2020<\/strong>. <\/p>\n\n\n\n<ul class=\"wp-block-list\"><li><strong>Confira: <\/strong><a href=\"https:\/\/www.novaconcursos.com.br\/eventos\/guia-definitivo-plano-de-estudos-passo-a-passo\/\" target=\"_blank\" rel=\"noreferrer noopener\" aria-label=\" (abre numa nova aba)\">Guia Definitivo Plano de Estudos (Gr\u00e1tis)<\/a><\/li><\/ul><p><\/p>\n\n\n\n<h2 class=\"wp-block-heading\" id=\"concurso-funai-novo-pedido-em-estudo\">Concurso Funai: novo pedido em estudo<\/h2>\n\n\n\n<p>A Funda\u00e7\u00e3o Nacional do \u00cdndio afirmou que caso o <strong>pedido enviado em 2020<\/strong> n\u00e3o seja atendido, um novo podido ser\u00e1 enviado em 2022, para um novo <a href=\"https:\/\/www.novaconcursos.com.br\/portal\/concursos-previstos\/nacional\">concurso p\u00fablico<\/a>. <\/p>\n\n\n\n<p><em>\u201cSe n\u00e3o houver autoriza\u00e7\u00e3o no ano corrente, foram iniciadas tratativas no \u00e2mbito da funda\u00e7\u00e3o para um novo pedido de concurso p\u00fablico para 2022\u201d<\/em>, afirmou a funda\u00e7\u00e3o. <\/p>\n\n\n\n<p>Mesmo com as tratativas do novo pedido iniciadas internamente, a Funai esclareceu que <strong>n\u00e3o h\u00e1 qualquer movimento <\/strong>para realiza\u00e7\u00e3o de contrata\u00e7\u00e3o organizadora at\u00e9 o momento e que o conte\u00fado program\u00e1tico s\u00f3 poder\u00e1 ser iniciado ap\u00f3s autoriza\u00e7\u00e3o para nova sele\u00e7\u00e3o. <\/p>\n\n\n\n<p>Al\u00e9m disso, a Funda\u00e7\u00e3o enviou ainda <strong>um pedido solicitando<\/strong> autoriza\u00e7\u00e3o para, pelo menos, recompor vac\u00e2ncias nos termos\u00a0da\u00a0<strong><a rel=\"noreferrer noopener\" href=\"https:\/\/www.in.gov.br\/en\/web\/dou\/-\/lei-complementar-n-173-de-27-de-maio-de-2020-258915168\" target=\"_blank\">Lei Complementar n\u00ba 173\/2020\u00a0<\/a><\/strong>, que estabeleceu o\u00a0Programa Federativo de Enfrentamento ao Coronav\u00edrus.<\/p>\n\n\n\n<p>O pedido seria para preenchimento de <strong>227 vagas<\/strong>, sendo 69 de n\u00edvel m\u00e9dio e 158 de n\u00edvel superior. A demanda tamb\u00e9m segue sendo avaliada. <\/p>\n\n\n\n<p>Segundo a funda\u00e7\u00e3o,\u00a0o objetivo do pedido \u00e9 a <em>\u201crecomposi\u00e7\u00e3o da for\u00e7a de trabalho da funda\u00e7\u00e3o, especialmente das unidades descentralizadas: Coordena\u00e7\u00f5es Regionais, Coordena\u00e7\u00f5es T\u00e9cnicas Locais e Frentes de Prote\u00e7\u00e3o Etnoambiental, sendo fundamental para o cumprimento de suas atribui\u00e7\u00f5es e seu mister institucional nas \u00e1reas final\u00edsticas.\u201d<\/em><\/p>\n\n\n\n<h2 class=\"wp-block-heading\" id=\"concurso-funai-tratado-como-prioridade\">Concurso Funai \u00e9 tratado como prioridade<\/h2>\n\n\n\n<p>Em fevereiro, o coordenador-geral de Gest\u00e3o de Pessoas,\u00a0<strong>Paulo Henrique de Andrade Pinto<\/strong>, afirmou que a autoriza\u00e7\u00e3o para o\u00a0concurso Funai\u00a0(Funda\u00e7\u00e3o Nacional do \u00cdndio) estava na lista de prioridades do \u00f3rg\u00e3o para 2021.  <\/p>\n\n\n\n<p><em>\u201cA maior prioridade da CGGP \u00e9 resgatar o orgulho dos servidores em pertencerem aos quadros da Funai\u201d<\/em>, disse na \u00e9poca.  <\/p>\n\n\n\n<p>Entretanto, o pedido\u00a0realizado\u00a0segue ainda sem uma resposta do <strong>Minist\u00e9rio da Economia<\/strong>, pasta respons\u00e1vel pelo aval do certame.  <\/p>\n\n\n\n<p>\u201cCaso haja autoriza\u00e7\u00e3o pelo Minist\u00e9rio da Economia, a demanda ser\u00e1 tratada com prioridade alta no \u00e2mbito da Funai para a realiza\u00e7\u00e3o do concurso p\u00fablico ainda neste exerc\u00edcio, com observ\u00e2ncia aos normativos vigentes\u201d, afirmou.  <\/p>\n\n\n\n<p>De acordo com o coordenador, <strong>a funda\u00e7\u00e3o vai realizar <\/strong>esfor\u00e7os em diversas a\u00e7\u00f5es como:\u00a0<\/p>\n\n\n\n<ul class=\"wp-block-list\"><li>atuar com foco na aprova\u00e7\u00e3o da autoriza\u00e7\u00e3o de concurso p\u00fablico para sanar o d\u00e9ficit de efetivo da Funai;<\/li><li>reequilibrar a for\u00e7a de trabalho em todas as unidades da funda\u00e7\u00e3o;<\/li><li>materializar a carteira funcional e os uniformes para os servidores;<\/li><li>continuar com as visitas t\u00e9cnicas \u00e0s Coordena\u00e7\u00f5es Regionais da Funai;<\/li><li>ter todos os cargos e fun\u00e7\u00f5es ocupados por titulares e substitutos;<\/li><li>atuar com foco na recupera\u00e7\u00e3o de recursos p\u00fablicos por meio de reposi\u00e7\u00e3o ao er\u00e1rio, bem como pela cobran\u00e7a de \u00f3rg\u00e3os devedores da Funai (cess\u00f5es).<\/li><\/ul><p><\/p>\n\n\n\n<h2 class=\"wp-block-heading\" id=\"concurso-funai-vagas-solicitadas\"><strong>Concurso Funai: vagas solicitadas<\/strong><\/h2>\n\n\n\n<p>A solicita\u00e7\u00e3o da funda\u00e7\u00e3o foi para o abertura de\u00a0<strong>826 vagas,<\/strong> sendo 324 de n\u00edvel superior e 502 de n\u00edvel intermedi\u00e1rio, todos do Plano Geral de Cargos do Poder Executivo (PGPE).  <\/p>\n\n\n\n<p>Os <strong>aprovados ser\u00e3o logrados <\/strong>para trabalhar entre as unidades descentralizadas em todo o Brasil, al\u00e9m do Museu do \u00cdndio, no Rio de Janeiro, nas Frentes de Prote\u00e7\u00e3o Etnoambiental e na sede da funda\u00e7\u00e3o, no Distrito Federal.<\/p>\n\n\n\n<p>As vagas solicitadas para o n\u00edvel m\u00e9dio s\u00e3o para preenchimento do cargo de <strong>Agente em Indigenismo<\/strong>, que possui sal\u00e1rio inicial de <strong>R$ 5.349,07<\/strong>. E para o n\u00edvel superior, as vagas solicitadas foram para:<\/p>\n\n\n\n<ul class=\"wp-block-list\"><li>Administrador<\/li><li>Antrop\u00f3logo<\/li><li>Arquiteto<\/li><li>Arquivista<\/li><li>Assistente Social<\/li><li>Bibliotec\u00e1rio<\/li><li>Contador<\/li><li>Economista<\/li><li>Engenheiro<\/li><li>Engenheiro Agr\u00f4nomo<\/li><li>Engenheiro Florestal<\/li><li>Estat\u00edstico<\/li><li>Ge\u00f3grafo<\/li><li>Indigenista Especializado<\/li><li>M\u00e9dico Veterin\u00e1rio<\/li><li>Pesquisador<\/li><li>Psic\u00f3logo<\/li><li>Soci\u00f3logo<\/li><li>T\u00e9cnico em Assuntos Educacionais<\/li><li>T\u00e9cnico em Comunica\u00e7\u00e3o Social e Zootecnista.<\/li><\/ul><p><\/p>\n\n\n\n<p>Para as carreiras citadas acima, o sal\u00e1rio inicial \u00e9 de\u00a0<strong>R$6.420,87<\/strong>. Mesmo j\u00e1 sabendo os cargos solicitados, o quantitativo de vagas para cada carreira n\u00e3o foi divulgado pela Funai.<\/p>\n\n\n\n<h2 class=\"wp-block-heading\" id=\"ltimo-concurso-funai\"><strong>\u00daltimo concurso Funai<\/strong><\/h2>\n\n\n\n<p>Publicado em 2016, o \u00faltimo <a href=\"https:\/\/www.novaconcursos.com.br\/portal\/concursos-abertos\/nacional\">concurso <\/a>Funai contou com a <strong>oferta de 220 vagas<\/strong>. Entretanto, segundo informa\u00e7\u00f5es do \u00f3rg\u00e3o, posteriormente foram convocados todos os aprovados e mais 50% dos classificados excedentes.<\/p>\n\n\n\n<p>As vagas foram para os\u00a0<strong>cargos <\/strong>de Contador, Engenheiro Agr\u00f4nomo, Engenheiro Agrimensor, Engenheiro Civil e Indigenista Especializado. <\/p>\n\n\n\n<p>O <strong>prazo de validade<\/strong> do certame j\u00e1 foi expirado, o que indica que contrata\u00e7\u00f5es agora, somente com um novo concurso. <\/p>\n\n\n\n<p>Os candidatos foram avaliados por meio de provas objetiva e discursiva, com disciplinas que abrangeram <strong>Conhecimentos Gerais e Conhecimentos Espec\u00edficos<\/strong>, que englobavam os assuntos: <\/p>\n\n\n\n<ul class=\"wp-block-list\"><li>L\u00edngua Portuguesa<\/li><li>Racioc\u00ednio L\u00f3gico e Quantitativo<\/li><li>Direito Constitucional e Administrativo<\/li><li>Legisla\u00e7\u00e3o Indigenista<\/li><li>Inform\u00e1tica B\u00e1sica<\/li><li>Administra\u00e7\u00e3o P\u00fablica<\/li><\/ul>","protected":false},"excerpt":{"rendered":"<p>A Funda\u00e7\u00e3o Nacional do \u00cdndio afirmou que iniciou tratativas internas para o envio de um novo pedido para concurso Funai, que ser\u00e1 enviado em 2022. A funda\u00e7\u00e3o aguarda ainda uma resposta do Minist\u00e9rio da Economia, sobre um outro pedido que foi enviado em 2020. Confira: Guia Definitivo Plano de Estudos (Gr\u00e1tis) Concurso Funai: novo pedido [&hellip;]<\/p>\n","protected":false},"author":54671,"featured_media":125049,"comment_status":"closed","ping_status":"closed","sticky":false,"template":"","format":"standard","meta":{"_acf_changed":false,"footnotes":"","_wp_rev_ctl_limit":""},"categories":[228],"tags":[15171,38107,17340,3726,198,2578,36896,36899],"class_list":["post-130278","post","type-post","status-publish","format-standard","has-post-thumbnail","hentry","category-noticias","tag-concurso-funai","tag-concurso-funai-pedido-em-2022","tag-concurso-fundacao-nacional-do-indio","tag-concursos-abertos","tag-concursos-previstos","tag-concursos-publicos","tag-funai","tag-fundacao-nacional-do-indio"],"acf":[],"_links":{"self":[{"href":"https:\/\/www.novaconcursos.com.br\/portal\/wp-json\/wp\/v2\/posts\/130278","targetHints":{"allow":["GET"]}}],"collection":[{"href":"https:\/\/www.novaconcursos.com.br\/portal\/wp-json\/wp\/v2\/posts"}],"about":[{"href":"https:\/\/www.novaconcursos.com.br\/portal\/wp-json\/wp\/v2\/types\/post"}],"author":[{"embeddable":true,"href":"https:\/\/www.novaconcursos.com.br\/portal\/wp-json\/wp\/v2\/users\/54671"}],"replies":[{"embeddable":true,"href":"https:\/\/www.novaconcursos.com.br\/portal\/wp-json\/wp\/v2\/comments?post=130278"}],"version-history":[{"count":6,"href":"https:\/\/www.novaconcursos.com.br\/portal\/wp-json\/wp\/v2\/posts\/130278\/revisions"}],"predecessor-version":[{"id":130287,"href":"https:\/\/www.novaconcursos.com.br\/portal\/wp-json\/wp\/v2\/posts\/130278\/revisions\/130287"}],"wp:featuredmedia":[{"embeddable":true,"href":"https:\/\/www.novaconcursos.com.br\/portal\/wp-json\/wp\/v2\/media\/125049"}],"wp:attachment":[{"href":"https:\/\/www.novaconcursos.com.br\/portal\/wp-json\/wp\/v2\/media?parent=130278"}],"wp:term":[{"taxonomy":"category","embeddable":true,"href":"https:\/\/www.novaconcursos.com.br\/portal\/wp-json\/wp\/v2\/categories?post=130278"},{"taxonomy":"post_tag","embeddable":true,"href":"https:\/\/www.novaconcursos.com.br\/portal\/wp-json\/wp\/v2\/tags?post=130278"}],"curies":[{"name":"wp","href":"https:\/\/api.w.org\/{rel}","templated":true}]}}