{"id":130513,"date":"2023-02-01T08:00:51","date_gmt":"2023-02-01T11:00:51","guid":{"rendered":"https:\/\/www.novaconcursos.com.br\/portal\/?post_type=nc-public-tender&#038;p=130513"},"modified":"2024-12-16T09:45:10","modified_gmt":"2024-12-16T12:45:10","slug":"concurso-ager-mt","status":"publish","type":"post","link":"https:\/\/www.novaconcursos.com.br\/portal\/concursos\/concurso-ager-mt\/","title":{"rendered":"Concurso AGER MT: Edital publicado. Iniciais de at\u00e9 R$ 8,2 mil!"},"content":{"rendered":"<p>O edital do concurso <strong>AGER MT<\/strong> (Ag\u00eancia de Regula\u00e7\u00e3o dos Servi\u00e7os P\u00fablicos Delegados do Estado de Mato Grosso) foi publicado!<\/p>\n<p>S\u00e3o ofertadas vagas para carreiras de <strong>n\u00edveis m\u00e9dio e superior<\/strong>. As chances de convoca\u00e7\u00e3o s\u00e3o consider\u00e1veis, uma vez que, conforme divulgado anteriormente, 83 vagas s\u00e3o necess\u00e1rias para o preenchimento das vac\u00e2ncias da Ag\u00eancia.<\/p>\n<p>Continue nesta p\u00e1gina para n\u00e3o perder nenhum detalhe acerca da sele\u00e7\u00e3o!<\/p>\n<ul><li><a class=\"_ps2id\" href=\"#inscricoes\" data-ps2id-offset=\"\">Inscri\u00e7\u00f5es<\/a><\/li>\n<li><a class=\"_ps2id\" href=\"#carreira\" data-ps2id-offset=\"\">Vagas, cargos e sal\u00e1rios<\/a><\/li>\n<li><a class=\"_ps2id\" href=\"#requisitos\" data-ps2id-offset=\"\">Requisitos<\/a><\/li>\n<li><a class=\"_ps2id\" href=\"#etapas\" data-ps2id-offset=\"\">Etapas e provas<\/a><\/li>\n<li><a class=\"_ps2id\" href=\"#atribui%C3%A7%C3%B5es\" data-ps2id-offset=\"\">Atribui\u00e7\u00f5es<\/a><\/li>\n<li><a class=\"_ps2id\" href=\"#%C3%BAltimo-concurso\" data-ps2id-offset=\"\">\u00daltimos concursos<\/a><\/li>\n<li><a class=\"_ps2id\" href=\"#sobre-ager-mt\" data-ps2id-offset=\"\">Sobre a AGER MT<\/a><\/li>\n<\/ul><h2 id=\"\"><\/h2>\n<h2 id=\"ps2id-idinscricoes-targetcomo-fazer-a-inscrio-no-concurso-ag\">[ps2id id=\u2019inscricoes\u2019 target=\u201d\/]Como fazer a inscri\u00e7\u00e3o no concurso AGER MT 2023?<\/h2>\n<p>As inscri\u00e7\u00f5es poder\u00e3o ser feitas por meio do site do <a href=\"https:\/\/www.cebraspe.org.br\/concursos\/ager_mt_23\" target=\"_blank\" rel=\"noopener noreferrer\">Cebraspe<\/a> (Centro Brasileiro de Pesquisa em Avalia\u00e7\u00e3o e Sele\u00e7\u00e3o e de Promo\u00e7\u00e3o de Eventos) entre os dias 24 de fevereiro e 15 de mar\u00e7o de 2023.<\/p>\n<p>Confira o valor das\u00a0<strong>taxas de inscri\u00e7\u00e3o<\/strong>, que poder\u00e3o ser pagas at\u00e9 o dia 17 de mar\u00e7o de 2023 e ir\u00e3o variar conforme o cargo pretendido:<\/p>\n<ul><li>Inspetor Regulador: R$ 80,00<\/li>\n<li>T\u00e9cnico Administrativo: R$ 90,00<\/li>\n<li>Analista Administrativo: R$ 120,00<\/li>\n<li>Analista Regulador: R$ 130,00<\/li>\n<\/ul><p>\u00a0<\/p>\n<p>Haver\u00e1 possibilidade de\u00a0<strong>isen\u00e7\u00e3o\u00a0<\/strong>do valor para os concorrentes que se enquadrarem em uma ou mais das situa\u00e7\u00f5es listadas abaixo:<\/p>\n<ul><li>Desempregados ou trabalhadores que recebem at\u00e9 um sal\u00e1rio m\u00ednimo e meio;<\/li>\n<li>Doadores de sangue;<\/li>\n<li>Volunt\u00e1rios da Justi\u00e7a Eleitoral no \u00e2mbito do Estado de Mato Grosso;<\/li>\n<li>Jurados que atuarem no Tribunal do J\u00fari no \u00e2mbito do Estado de Mato Grosso.<\/li>\n<\/ul><p>\u00a0<\/p>\n<p>Estude para o concurso dos seus sonhos com o\u00a0<strong>M\u00e9todo<\/strong>\u00a0que j\u00e1 ajudou na\u00a0<strong>aprova\u00e7\u00e3o de mais de 70 mil alunos<\/strong>.\u00a0<a class=\"c-link\" tabindex=\"-1\" href=\"https:\/\/www.novaconcursos.com.br\/eventos\/assinatura?promo_creative=Clique+aqui&amp;promo_name=concurso&amp;promo_id=%2Fportal%2Fconcursos%2Fconcurso-uespi-edital-autorizado-160-vagas&amp;promo_position=corpo-texto\" target=\"_blank\" rel=\"noopener noreferrer\" data-stringify-link=\"https:\/\/www.novaconcursos.com.br\/eventos\/assinatura?promo_creative=Clique+aqui&amp;promo_name=concurso&amp;promo_id=%2Fportal%2Fconcursos%2Fconcurso-uespi-edital-autorizado-160-vagas&amp;promo_position=corpo-texto\" data-sk=\"tooltip_parent\" data-remove-tab-index=\"true\">Clique aqui<\/a>e saiba mais!<\/p>\n<h2 id=\"ps2id-idcarreira-targetvagas-cargos-e-salrios\">[ps2id id=\u2019carreira\u2019 target=\u201d\/]Vagas, cargos e sal\u00e1rios<\/h2>\n<p>A Ag\u00eancia de Regula\u00e7\u00e3o dos Servi\u00e7os P\u00fablicos Delegados do Estado de <a href=\"https:\/\/www.novaconcursos.com.br\/portal\/concursos-abertos\/mt\/\">Mato Grosso<\/a> est\u00e1 ofertando 54 vagas para forma\u00e7\u00e3o de cadastro-reserva para cargos de n\u00edveis m\u00e9dio e superior.<\/p>\n<p>Confira as carreiras e especialidades contempladas, bem como os <strong>sal\u00e1rios iniciais <\/strong>aos quais far\u00e3o jus os aprovados (entre par\u00eanteses est\u00e1 o n\u00famero de CR disponibilizado para cada cargo):<\/p>\n<p><strong>N\u00edvel M\u00e9dio<\/strong><\/p>\n<ul><li>Inspetor Regulador (30)<\/li>\n<li><strong>Sal\u00e1rio: R$ 3.707,18<\/strong><\/li>\n<\/ul><p>\u00a0<\/p>\n<p><strong>N\u00edvel Superior<\/strong><\/p>\n<ul><li>Analista Administrativo\n<ul><li>Administra\u00e7\u00e3o (1)<\/li>\n<li>Ci\u00eancias Cont\u00e1beis (1)<\/li>\n<\/ul><\/li>\n<li><strong>Sal\u00e1rio: R$ 7.153,53<\/strong><\/li>\n<\/ul><p>\u00a0<\/p>\n<ul><li>Analista Regulador\n<ul><li>Administra\u00e7\u00e3o (1)<\/li>\n<li>Ci\u00eancias Cont\u00e1beis (4)<\/li>\n<li>Ci\u00eancias da Computa\u00e7\u00e3o e\/ou Sistemas de Informa\u00e7\u00e3o (2)<\/li>\n<li>Direito (1)<\/li>\n<li>Economia (3)<\/li>\n<li>Engenharia\n<ul><li>Civil (7)<\/li>\n<li>El\u00e9trica (1)<\/li>\n<li>Sanit\u00e1ria (2)<\/li>\n<\/ul><\/li>\n<\/ul><\/li>\n<li><strong>Sal\u00e1rio: R$ 8.288,82<\/strong><\/li>\n<\/ul><p>\u00a0<\/p>\n<ul><li>T\u00e9cnico Administrativo (1)<\/li>\n<li><strong>Sal\u00e1rio: R$ 3.769,89<\/strong><\/li>\n<\/ul><p>\u00a0<\/p>\n<p>Vale destacar que os aprovados dever\u00e3o cumprir jornadas de trabalho de 40 horas semanais e ser\u00e3o\u00a0<strong>lotados\u00a0<\/strong>nos seguintes munic\u00edpios do Estado (a depender do cargo):<\/p>\n<ul><li>Cuiab\u00e1<\/li>\n<li>Alta Floresta<\/li>\n<li>Barra do Gar\u00e7as<\/li>\n<li>C\u00e1ceres<\/li>\n<li>Ju\u00edna<\/li>\n<li>Lucas do Rio Verde<\/li>\n<li>Ribeir\u00e3o Cascalheira<\/li>\n<li>Rondon\u00f3polis<\/li>\n<li>Sinop<\/li>\n<li>Tangar\u00e1 da Serra<\/li>\n<\/ul><p>\u00a0<\/p>\n<p>Quanto ao prazo de\u00a0<strong>validade\u00a0<\/strong>do certame, \u00e9 importante salientar que a sele\u00e7\u00e3o permanecer\u00e1 v\u00e1lida por dois anos, podendo ser prorrogada uma vez por igual per\u00edodo.<\/p>\n<p>Al\u00e9m disso, embora estejam sendo ofertadas apenas oportunidades para forma\u00e7\u00e3o de CR, as chances de\u00a0<strong>convoca\u00e7\u00e3o\u00a0<\/strong>s\u00e3o consider\u00e1veis, uma vez que, conforme divulgado anteriormente, 83 vagas s\u00e3o necess\u00e1rias para o preenchimento do quadro efetivo de servidores.<\/p>\n<h2 id=\"ps2id-idrequisitos-targetrequisitos\">[ps2id id=\u2019requisitos\u2019 target=\u201d\/]Requisitos<\/h2>\n<p>Os\u00a0<strong>requisitos b\u00e1sicos\u00a0<\/strong>para a admiss\u00e3o s\u00e3o os seguintes:<\/p>\n<ul><li>Ter nacionalidade brasileira ou portuguesa e, no caso de nacionalidade portuguesa, estar amparado pelo Estatuto de Igualdade entre Brasileiros e Portugueses;<\/li>\n<li>Estar\n<ul><li>em gozo dos direitos pol\u00edticos;<\/li>\n<li>quite com as obriga\u00e7\u00f5es militares, em caso de candidato do sexo masculino;<\/li>\n<li>quite com as obriga\u00e7\u00f5es eleitorais;<\/li>\n<\/ul><\/li>\n<li>Ter idade m\u00ednima de 18 anos completos, na data da posse;<\/li>\n<li>Ter aptid\u00e3o f\u00edsica e mental para o exerc\u00edcio das atribui\u00e7\u00f5es do cargo\/perfil.<\/li>\n<\/ul><p>\u00a0<\/p>\n<p>J\u00e1 os\u00a0<strong>requisitos espec\u00edficos\u00a0<\/strong>est\u00e3o diretamente atrelados ao n\u00edvel de escolaridade exigido por cada cargo, podendo ser n\u00edvel m\u00e9dio ou superior na \u00e1rea de atua\u00e7\u00e3o, a depender da carreira pretendida.<\/p>\n<p>Os candidatos a\u00a0<strong>T\u00e9cnico Administrativo\u00a0<\/strong>poder\u00e3o ser graduados em qualquer curso de n\u00edvel superior, n\u00e3o possuindo especialidade.<\/p>\n<p>J\u00e1 os interessados no cargo de <strong>Inspetor Regulador\u00a0<\/strong>poder\u00e3o ter apenas o ensino m\u00e9dio completo, mas dever\u00e3o possuir, tamb\u00e9m, CNH AB.<\/p>\n<h2 id=\"h-etapas-do-concurso\">[ps2id id=\u2019etapas\u2019 target=\u201d\/]Etapas e provas<\/h2>\n<p>A <a href=\"https:\/\/www.novaconcursos.com.br\/portal\/concursos-previstos\/mt\/\">sele\u00e7\u00e3o<\/a> contar\u00e1 com as seguintes etapas avaliativas:<\/p>\n<ul><li>Prova Objetiva (eliminat\u00f3ria e classificat\u00f3ria);<\/li>\n<li>Prova Discursiva (eliminat\u00f3ria e classificat\u00f3ria);<\/li>\n<li>Avalia\u00e7\u00e3o de T\u00edtulos (classificat\u00f3ria, apenas para Analista Regulador e Inspetor).<\/li>\n<\/ul><p>\u00a0<\/p>\n<p>As provas objetiva e discursiva ser\u00e3o aplicadas juntas no dia <strong>30\u00a0de abril de 2023<\/strong>.<\/p>\n<p>Os candidatos ter\u00e3o <strong>cinco horas<\/strong> para a conclus\u00e3o das avalia\u00e7\u00f5es, que ser\u00e3o aplicadas em Cuiab\u00e1 \u2013 MT, com possibilidade de aplica\u00e7\u00e3o tamb\u00e9m em V\u00e1rzea Grande \u2013 MT.<\/p>\n<p>Os\u00a0<strong>exames objetivos\u00a0<\/strong>contar\u00e3o com 60 quest\u00f5es de m\u00faltipla escolha (cada uma com cinco alternativas, dentre as quais apenas uma estar\u00e1 correta) distribu\u00eddas entre Conhecimentos B\u00e1sicos (25) e Espec\u00edficos (35).<\/p>\n<p>Confira as disciplinas de\u00a0<strong>Conhecimentos B\u00e1sicos\u00a0<\/strong>comuns a todos os cargos:<\/p>\n<ul><li>L\u00edngua Portuguesa<\/li>\n<li>Racioc\u00ednio L\u00f3gico<\/li>\n<li>\u00c9tica no Servi\u00e7o P\u00fablico<\/li>\n<li>Geografia e Hist\u00f3ria de Mato Grosso<\/li>\n<li>Legisla\u00e7\u00e3o<\/li>\n<li>No\u00e7\u00f5es de Inform\u00e1tica<\/li>\n<\/ul><p>\u00a0<\/p>\n<p>J\u00e1 as\u00a0<strong>provas discursivas\u00a0<\/strong>ser\u00e3o diferentes para cada cargo, aspecto que ir\u00e1 variar conforme a carreira pretendida.<\/p>\n<p>Para os cargos de\u00a0<strong>Inspetor Regulador e T\u00e9cnico Administrativo<\/strong>, a avalia\u00e7\u00e3o consistir\u00e1 na reda\u00e7\u00e3o de um texto dissertativo, de at\u00e9 30 linhas, acerca de tema relacionado a Atualidades.<\/p>\n<p>J\u00e1 os concorrentes a\u00a0<strong>Analista Administrativo e Analista Regulador\u00a0<\/strong>dever\u00e3o responder a quatro quest\u00f5es discursivas, em at\u00e9 10 linhas cada, acerca de Conhecimentos Espec\u00edficos do cargo\/especialidade.<\/p>\n<p>Finalmente, a\u00a0<strong>avalia\u00e7\u00e3o de t\u00edtulos\u00a0<\/strong>ser\u00e1 destinada aos candidatos a Inspetor e Analista Regulador aprovados nas etapas anteriores.<\/p>\n<p>Confira as titula\u00e7\u00f5es admitidas e <strong>pontuadas<\/strong> conforme cada carreira:<\/p>\n<p><strong>Inspetor Regulador<\/strong><\/p>\n<p><a href=\"https:\/\/www.novaconcursos.com.br\/portal\/wp-content\/uploads\/2022\/10\/imagem_2023-02-01_134214435.png\"><img decoding=\"async\" class=\"alignnone size-full wp-image-184929\" src=\"https:\/\/www.novaconcursos.com.br\/portal\/wp-content\/uploads\/2022\/10\/imagem_2023-02-01_134214435.png\" alt=\"\" width=\"924\" height=\"228\" loading=\"lazy\" title=\"\" srcset=\"https:\/\/www.novaconcursos.com.br\/portal\/wp-content\/uploads\/2022\/10\/imagem_2023-02-01_134214435-300x74.png 300w, https:\/\/www.novaconcursos.com.br\/portal\/wp-content\/uploads\/2022\/10\/imagem_2023-02-01_134214435.png 924w\" sizes=\"auto, (max-width: 480px) 100vw, (max-width: 768px) 100vw, (max-width: 1200px) 70vw, 768px\"><\/a><\/p>\n<p>\u00a0<\/p>\n<p><strong>Analista Regulador<\/strong><\/p>\n<p><a href=\"https:\/\/www.novaconcursos.com.br\/portal\/wp-content\/uploads\/2022\/10\/imagem_2023-02-01_134240914.png\"><img decoding=\"async\" class=\"alignnone size-full wp-image-184930\" src=\"https:\/\/www.novaconcursos.com.br\/portal\/wp-content\/uploads\/2022\/10\/imagem_2023-02-01_134240914.png\" alt=\"\" width=\"923\" height=\"212\" loading=\"lazy\" title=\"\" srcset=\"https:\/\/www.novaconcursos.com.br\/portal\/wp-content\/uploads\/2022\/10\/imagem_2023-02-01_134240914-300x69.png 300w, https:\/\/www.novaconcursos.com.br\/portal\/wp-content\/uploads\/2022\/10\/imagem_2023-02-01_134240914.png 923w\" sizes=\"auto, (max-width: 480px) 100vw, (max-width: 768px) 100vw, (max-width: 1200px) 70vw, 768px\"><\/a><\/p>\n<p>\u00a0<\/p>\n<h2 id=\"ps2id-idatribuies-targetatribuies\">[ps2id id=\u2019atribui\u00e7\u00f5es\u2019 target=\u201d\/]Atribui\u00e7\u00f5es<\/h2>\n<p>Veja quais s\u00e3o as\u00a0<strong>fun\u00e7\u00f5es gerais <\/strong>atribu\u00eddas a cada uma das carreiras:<\/p>\n<ul><li><strong>Inspetor Regulador<\/strong>\n<ul><li>Fiscalizar a execu\u00e7\u00e3o dos servi\u00e7os p\u00fablicos delegados, aplicando as penalidades correspondentes \u00e0s infra\u00e7\u00f5es relativas ao inciso IV do par\u00e1grafo \u00fanico do art. 4\u00ba da Lei Complementar n.\u00ba 429\/2011;<\/li>\n<li>Informar, por meio de termos de constata\u00e7\u00e3o, a ocorr\u00eancia das demais irregularidades n\u00e3o operacionais na presta\u00e7\u00e3o dos servi\u00e7os p\u00fablicos delegados, observadas durante a atividade de inspe\u00e7\u00e3o para fins de provocar a devida fiscaliza\u00e7\u00e3o e controle por parte da AGER MT;<\/li>\n<li>Coletar dados e informa\u00e7\u00f5es acerca da opera\u00e7\u00e3o dos servi\u00e7os p\u00fablicos delegados, inclusive com a aplica\u00e7\u00e3o de question\u00e1rios aos usu\u00e1rios, quando for o caso;<\/li>\n<li>Apoiar as atividades de fiscaliza\u00e7\u00e3o de campo, inclusive com a condu\u00e7\u00e3o de ve\u00edculos oficiais;<\/li>\n<li>Emitir relat\u00f3rios acerca de suas atividades;<\/li>\n<li>Cumprir a legisla\u00e7\u00e3o espec\u00edfica aos servi\u00e7os p\u00fablicos;<\/li>\n<li>Exercer outras atividades correlatas ou estabelecidas no Regimento Interno.<\/li>\n<\/ul><\/li>\n<\/ul><p>\u00a0<\/p>\n<ul><li><strong>Analista Administrativo<\/strong>\n<ul><li>Analisar, diagnosticar, avaliar e executar programas de Governo, projetos e a\u00e7\u00f5es;<\/li>\n<li>Realizar estudos, financeiros, cont\u00e1beis;<\/li>\n<li>Fornecer subs\u00eddios, prestar assessoria e elaborar minutas de instrumentos normativos e administrativos relacionados \u00e0 \u00e1rea de sua forma\u00e7\u00e3o\/atua\u00e7\u00e3o;<\/li>\n<li>Estudar e acompanhar o or\u00e7amento e sua execu\u00e7\u00e3o f\u00edsico-financeira;<\/li>\n<li>Desenvolver estudos visando \u00e0 implanta\u00e7\u00e3o e\/ou aprimoramento dos processos administrativos;<\/li>\n<li>Realizar atividades de planejamento, supervis\u00e3o, coordena\u00e7\u00e3o e controle dos recursos de tecnologia da informa\u00e7\u00e3o relativos ao funcionamento da administra\u00e7\u00e3o p\u00fablica estadual, bem como executar an\u00e1lises para o desenvolvimento, implanta\u00e7\u00e3o e suporte a sistemas de informa\u00e7\u00e3o e solu\u00e7\u00f5es tecnol\u00f3gicas espec\u00edficas;<\/li>\n<li>Promover o desenvolvimento de atividades relacionadas com o sistema de fiscaliza\u00e7\u00e3o, controle interno, gest\u00e3o de pessoas, patrim\u00f4nio, material e servi\u00e7os, administra\u00e7\u00e3o financeira, contabilidade p\u00fablica, or\u00e7amento, planejamento, organiza\u00e7\u00e3o, moderniza\u00e7\u00e3o, pesquisa e documenta\u00e7\u00e3o hist\u00f3rica, inspe\u00e7\u00e3o e controle, an\u00e1lise estat\u00edstica, an\u00e1lise econ\u00f4mica, entre outros que requeiram escolaridade de n\u00edvel superior completo.<\/li>\n<\/ul><\/li>\n<\/ul><p>\u00a0<\/p>\n<ul><li><strong>Analista Regulador<\/strong>\n<ul><li>Fiscalizar e avaliar a qualidade dos servi\u00e7os delegados, aplicando as penalidades correspondentes, quando for o caso;<\/li>\n<li>Proceder levantamentos cont\u00e1beis e financeiros com o objetivo de garantir o equil\u00edbrio econ\u00f4mico e financeiro dos servi\u00e7os p\u00fablicos delegados;<\/li>\n<li>Realizar auditorias operacionais ou econ\u00f4mico-financeiras nas empresas delegat\u00e1rias;<\/li>\n<li>Efetuar estudos objetivando o estabelecimento de tarifas, de esquemas operacionais e de planos de investimento necess\u00e1rios \u00e0 execu\u00e7\u00e3o das delega\u00e7\u00f5es de servi\u00e7o p\u00fablico;<\/li>\n<li>Emitir relat\u00f3rios, pareceres ou notas t\u00e9cnicas em processos regulat\u00f3rios ou, ainda, acerca de temas regulat\u00f3rios;<\/li>\n<li>Cumprir a legisla\u00e7\u00e3o espec\u00edfica aos servi\u00e7os p\u00fablicos delegados, sob regula\u00e7\u00e3o da AGER MT;<\/li>\n<li>Minutar propostas de concess\u00e3o ou permiss\u00e3o dos servi\u00e7os p\u00fablicos;<\/li>\n<li>Exercer as atribui\u00e7\u00f5es de assessoramento, consultoria jur\u00eddica e representa\u00e7\u00e3o judicial da autarquia em conjunto com o Advogado-Geral Regulador, se possuidor do diploma superior de Direito e inscrito na Ordem dos Advogados do Brasil (OAB);<\/li>\n<li>Exercer outras atividades correlatas.<\/li>\n<\/ul><\/li>\n<\/ul><p>\u00a0<\/p>\n<ul><li><strong>T\u00e9cnico Administrativo<\/strong>\n<ul><li>Realizar atividades de secretariado, digita\u00e7\u00e3o, arquivo, protocolo, manuten\u00e7\u00e3o de dados, programa\u00e7\u00e3o e t\u00e9cnicas em contabilidade, bem como prestar suporte \u00e0 elabora\u00e7\u00e3o, programa\u00e7\u00e3o, execu\u00e7\u00e3o e controle do or\u00e7amento do Estado;<\/li>\n<li>Auxiliar no controle das atividades de log\u00edstica, patrimonial, contratual, aquisi\u00e7\u00f5es e gest\u00e3o de pessoal;<\/li>\n<li>Operar sistemas de planejamento, gest\u00e3o de pessoas, aquisi\u00e7\u00f5es, financeiro e cont\u00e1bil;<\/li>\n<li>Prestar suporte em atividades correspondentes ao desenvolvimento profissional, organizacional e previdenci\u00e1rio, bem como todo atendimento direto aos usu\u00e1rios que requeiram escolaridade compat\u00edvel com suas atribui\u00e7\u00f5es.<\/li>\n<\/ul><\/li>\n<\/ul><p>\u00a0<\/p>\n<h2 id=\"ps2id-idltimoconcurso-targetltimos-concursos-ager-mt\"><strong>[ps2id id=\u2019\u00faltimo-concurso\u2019 target=\u201d\/]\u00daltimos concursos AGER MT<\/strong><\/h2>\n<p>O \u00faltimo concurso AGER MT ocorreu em<strong> 2009<\/strong>\u00a0sob organiza\u00e7\u00e3o da FUNEMAT (Funda\u00e7\u00e3o Universidade do Estado de Mato Grosso).<\/p>\n<p>\u00c0 \u00e9poca, foram ofertadas<strong> 14 vagas <\/strong>para o cargo de Analista Regulador, nos seguintes perfis profissionais:<\/p>\n<ul><li>Advogado<\/li>\n<li>Economista<\/li>\n<li>Contador<\/li>\n<li>Engenheiro Civil<\/li>\n<li>Engenheiro Eletricista<\/li>\n<\/ul><p>\u00a0<\/p>\n<p>A <strong>avalia\u00e7\u00e3o <\/strong>dos candidatos se deu por meio das mesmas etapas constituintes do certame atual.<\/p>\n<p>J\u00e1 em <strong>2020<\/strong>, a Ag\u00eancia realizou um Processo Seletivo Simplificado, no qual ofertou 11 vagas de n\u00edveis m\u00e9dio e superior.<\/p>\n<p>A sele\u00e7\u00e3o tamb\u00e9m contou com <strong>oportunidades<\/strong> de forma\u00e7\u00e3o de cadastro-reserva.<\/p>\n<p>Confira os\u00a0<strong>cargos\u00a0<\/strong>e especialidades contemplados, bem como a distribui\u00e7\u00e3o das vagas:<\/p>\n<p><strong>N\u00edvel M\u00e9dio<\/strong><\/p>\n<ul><li>Inspetor Regulador \u2013 3 vagas<\/li>\n<li>T\u00e9cnico Administrativo \u2013 4 vagas<\/li>\n<\/ul><p>\u00a0<\/p>\n<p><strong>N\u00edvel Superior<\/strong><\/p>\n<ul><li>Analista Regulador\n<ul><li>Advogado \u2013 2 vagas<\/li>\n<li>Engenheiro Civil \u2013 1 vaga<\/li>\n<li>Engenheiro Eletricista \u2013 1 vaga<\/li>\n<\/ul><\/li>\n<\/ul><p>\u00a0<\/p>\n<p>Os\u00a0<strong>sal\u00e1rios\u00a0<\/strong>dos aprovados em 2020 variavam entre R$ 3.210,83 e R$ 7.179,01. Diante disto, \u00e9 poss\u00edvel notar o\u00a0<strong>aumento\u00a0<\/strong>nos proventos dos servidores.<\/p>\n<p>No PSS, os concorrentes foram <strong>avaliados<\/strong> por meio de an\u00e1lises de t\u00edtulos e de experi\u00eancia profissional, ambas de car\u00e1ter classificat\u00f3rio. Al\u00e9m disso, tamb\u00e9m foi aplicada uma prova oral de car\u00e1ter eliminat\u00f3rio e classificat\u00f3rio.<\/p>\n<h2 id=\"ps2id-idsobreagermt-targetsobre-a-ager-mt\">[ps2id id=\u2019sobre-ager-mt\u2019 target=\u201d\/]Sobre a AGER MT<\/h2>\n<p>A <a href=\"http:\/\/www.ager.mt.gov.br\" target=\"_blank\" rel=\"noopener noreferrer\">Ag\u00eancia de Regula\u00e7\u00e3o dos Servi\u00e7os P\u00fablicos Delegados do Estado de Mato Grosso<\/a>, de natureza aut\u00e1rquica, foi criada pela Lei n.\u00ba 7.101, de 14 de janeiro de 1999, e alterada pela Lei Complementar n.\u00ba 66, de 22 de dezembro de 1999.<\/p>\n<p>De acordo com a Lei Complementar n.\u00ba 429, de 21 de julho de 2011, <strong>compete<\/strong> \u00e0 AGER MT regular, normatizar, controlar e fiscalizar, nos limites da lei, os servi\u00e7os p\u00fablicos e suas respectivas tarifas, prestados diretamente pelo Estado de Mato Grosso ou prestados indiretamente por meio de delega\u00e7\u00e3o \u00e0 iniciativa privada por meio de concess\u00e3o, permiss\u00e3o ou autoriza\u00e7\u00e3o, referentes a:<\/p>\n<ul><li>Saneamento<\/li>\n<li>Rodovias<\/li>\n<li>Portos e hidrovias<\/li>\n<li>Transporte coletivo intermunicipal de passageiros e seus terminais rodovi\u00e1rios<\/li>\n<li>Distribui\u00e7\u00e3o de g\u00e1s canalizado<\/li>\n<li>Energia el\u00e9trica<\/li>\n<li>Telecomunica\u00e7\u00f5es<\/li>\n<li>Transporte ferrovi\u00e1rio de bens e passageiros<\/li>\n<\/ul><p>\u00a0<\/p>\n<p>Ademais, ainda segundo o documento, o \u00f3rg\u00e3o deve <strong>atuar<\/strong>\u00a0na regula\u00e7\u00e3o, controle e fiscaliza\u00e7\u00e3o de servi\u00e7os p\u00fablicos de compet\u00eancia pr\u00f3pria da Uni\u00e3o e dos Munic\u00edpios que lhe sejam delegados mediante legisla\u00e7\u00e3o espec\u00edfica ou conv\u00eanio.<\/p>","protected":false},"excerpt":{"rendered":"<p>O edital do concurso AGER MT (Ag\u00eancia de Regula\u00e7\u00e3o dos Servi\u00e7os P\u00fablicos Delegados do Estado de Mato Grosso) foi publicado!<br \/>\nS\u00e3o ofertadas vagas para carreiras de n\u00edveis m\u00e9dio e superior. As chances de convoca\u00e7\u00e3o s\u00e3o consider\u00e1veis, uma vez que, conforme divulgado anteriormente, 83 vagas s\u00e3o necess\u00e1rias para o preenchimento das vac\u00e2ncias da Ag\u00eancia. <\/p>\n","protected":false},"author":54662,"featured_media":169529,"comment_status":"closed","ping_status":"closed","sticky":false,"template":"","format":"standard","meta":{"_acf_changed":false,"footnotes":"","_wp_rev_ctl_limit":""},"categories":[44999],"tags":[],"class_list":["post-130513","post","type-post","status-publish","format-standard","has-post-thumbnail","hentry","category-concursos"],"acf":[],"_links":{"self":[{"href":"https:\/\/www.novaconcursos.com.br\/portal\/wp-json\/wp\/v2\/posts\/130513","targetHints":{"allow":["GET"]}}],"collection":[{"href":"https:\/\/www.novaconcursos.com.br\/portal\/wp-json\/wp\/v2\/posts"}],"about":[{"href":"https:\/\/www.novaconcursos.com.br\/portal\/wp-json\/wp\/v2\/types\/post"}],"author":[{"embeddable":true,"href":"https:\/\/www.novaconcursos.com.br\/portal\/wp-json\/wp\/v2\/users\/54662"}],"replies":[{"embeddable":true,"href":"https:\/\/www.novaconcursos.com.br\/portal\/wp-json\/wp\/v2\/comments?post=130513"}],"version-history":[{"count":27,"href":"https:\/\/www.novaconcursos.com.br\/portal\/wp-json\/wp\/v2\/posts\/130513\/revisions"}],"predecessor-version":[{"id":264575,"href":"https:\/\/www.novaconcursos.com.br\/portal\/wp-json\/wp\/v2\/posts\/130513\/revisions\/264575"}],"wp:featuredmedia":[{"embeddable":true,"href":"https:\/\/www.novaconcursos.com.br\/portal\/wp-json\/wp\/v2\/media\/169529"}],"wp:attachment":[{"href":"https:\/\/www.novaconcursos.com.br\/portal\/wp-json\/wp\/v2\/media?parent=130513"}],"wp:term":[{"taxonomy":"category","embeddable":true,"href":"https:\/\/www.novaconcursos.com.br\/portal\/wp-json\/wp\/v2\/categories?post=130513"},{"taxonomy":"post_tag","embeddable":true,"href":"https:\/\/www.novaconcursos.com.br\/portal\/wp-json\/wp\/v2\/tags?post=130513"}],"curies":[{"name":"wp","href":"https:\/\/api.w.org\/{rel}","templated":true}]}}