{"id":130907,"date":"2021-05-03T14:01:20","date_gmt":"2021-05-03T17:01:20","guid":{"rendered":"https:\/\/www.novaconcursos.com.br\/portal\/?p=130907"},"modified":"2025-04-16T14:37:19","modified_gmt":"2025-04-16T17:37:19","slug":"concurso-emgepron-inscricoes-reabertas","status":"publish","type":"post","link":"https:\/\/www.novaconcursos.com.br\/portal\/noticias\/concurso-emgepron-inscricoes-reabertas\/","title":{"rendered":"Concurso Emgepron: Inscri\u00e7\u00f5es ser\u00e3o reabertas!"},"content":{"rendered":"<p>O concurso Emgepron est\u00e1 com as<strong> inscri\u00e7\u00f5es reabertas<\/strong>! Os interessados poder\u00e3o se inscrever agora at\u00e9 o dia <strong>6 de junho<\/strong>.<\/p>\n\n\n\n<p> A sele\u00e7\u00e3o tamb\u00e9m conta com mudan\u00e7as na data de provas. <strong>As avalia\u00e7\u00f5es, <\/strong>antes agendadas para 9 de maio,\u00a0<strong>ser\u00e3o aplicadas em 27 de junho.<\/strong> <\/p>\n\n\n\n<p><\/p>\n\n\n\n<h2 class=\"wp-block-heading\" id=\"inscries-reabertas\">Inscri\u00e7\u00f5es reabertas<\/h2>\n\n\n\n<p>O concurso Emgepron\u00a0(Empresa Gerencial de Projetos Navais)\u00a0<strong>ter\u00e1 inscri\u00e7\u00f5es reabertas al\u00e9m de informar nova data de provas<\/strong>. De acordo com a retifica\u00e7\u00e3o,\u00a0<strong>os candidatos ter\u00e3o at\u00e9 6 de junho para se inscreverem.<\/strong><\/p>\n\n\n\n<p>Os interessados em se inscrever dever\u00e3o acessar o\u00a0<strong>site do Instituto Selecon, a banca organizadora\u00a0<\/strong>, e efetuar o pagamento das taxas nos valores de:\u00a0<\/p>\n\n\n\n<ul class=\"wp-block-list\"><li>N\u00edvel fundamental sem prova pr\u00e1tica: R$40<\/li>\n\n\n\n<li>N\u00edvel fundamental com prova pr\u00e1tica: R$50<\/li>\n\n\n\n<li>N\u00edvel m\u00e9dio\/m\u00e9dio t\u00e9cnico sem prova pr\u00e1tica: R$55<\/li>\n\n\n\n<li>N\u00edvel m\u00e9dio\/m\u00e9dio t\u00e9cnico com prova pr\u00e1tica: R$60<\/li>\n\n\n\n<li>N\u00edvel superior: R$80<\/li>\n<\/ul><p><\/p>\n\n\n\n<p>Devido a mudan\u00e7a, o pagamento da taxa passou para o prazo m\u00e1ximo de<strong> 7 de junho.<\/strong><\/p>\n\n\n\n<p>Na retifica\u00e7\u00e3o, a Engepron ressalta que\u00a0<strong>as inscri\u00e7\u00f5es\u00a0 j\u00e1 realizadas no concurso p\u00fablico permanecem v\u00e1lidas <\/strong>e que o cronograma com as novas datas das demais atividades ser\u00e1 divulgado nos sites da Selecon e da Engempron.<\/p>\n\n\n\n<p>Al\u00e9m disso, vale ressaltar que as inscri\u00e7\u00f5es haviam sido e encerradas no dia 11 de abril, mas retomam a partir deste dia 3 de maio.\u00a0<\/p>\n\n\n\n<p>As mudan\u00e7as foram realizadas por conta do <strong>alto n\u00edvel de alerta (n\u00edvel 3) para a Covid-19 <\/strong>no munic\u00edpio do Rio de Janeiro.<\/p>\n\n\n\n<h2 class=\"wp-block-heading\" id=\"provas-do-concurso-emgepron-sero-realizadas-em-junho\">Provas do concurso Emgepron ser\u00e3o realizadas em Junho<\/h2>\n\n\n\n<p> As\u00a0<strong>avalia\u00e7\u00f5es tamb\u00e9m sofrem altera\u00e7\u00f5es devido <\/strong>ao cen\u00e1rio de Covid-19. Sendo assim, as provas do concurso da Emgepron acabaram adiadas, mas j\u00e1<strong> est\u00e3o remarcadas para o dia 27 de junho.<\/strong> <\/p>\n\n\n\n<p>Anteriormente, as avalia\u00e7\u00f5es estavam previstas para ocorrer em 9 de maio. Com a retifica\u00e7\u00e3o, os candidatos ter\u00e3o mais um m\u00eas at\u00e9 o exame, que ter\u00e1\u00a0dura\u00e7\u00e3o prevista de tr\u00eas horas.\u00a0 <\/p>\n\n\n\n<h2 class=\"wp-block-heading\" id=\"etapas-do-concurso-emgepron\">Etapas do concurso Emgepron<\/h2>\n\n\n\n<p>A sele\u00e7\u00e3o Emgepron ser\u00e1 composta por:<\/p>\n\n\n\n<p>a) <strong>Prova Objetiva<\/strong>, de car\u00e1ter eliminat\u00f3rio e classificat\u00f3rio, para os candidatos a todos os empregos;<br>b) <strong>Prova Discursiva<\/strong>, de car\u00e1ter eliminat\u00f3rio e classificat\u00f3rio, para os candidatos a empregos de n\u00edvel superior, conforme previsto no edital<br>c) <strong>Avalia\u00e7\u00e3o de T\u00edtulos<\/strong>, de car\u00e1ter classificat\u00f3rio, para os candidatos, a empregos de n\u00edveis fundamental, m\u00e9dio e superior, conforme previsto no edital,<br>d) <strong>Prova Pr\u00e1tica<\/strong>, de car\u00e1ter eliminat\u00f3rio e classificat\u00f3rio, para candidatos a empregos de n\u00edvel fundamental e m\u00e9dio, conforme previsto no edital;<br>e) <strong>Avalia\u00e7\u00e3o M\u00e9dica Admissional<\/strong>, para todos os candidatos, de car\u00e1ter eliminat\u00f3rio; e<br>f) <strong>Checagem de Requisitos<\/strong>, do Anexo II, e Comprova\u00e7\u00e3o de Documentos, para todos os candidatos, de car\u00e1ter eliminat\u00f3rio.<\/p>","protected":false},"excerpt":{"rendered":"<p>O concurso Emgepron est\u00e1 com as inscri\u00e7\u00f5es reabertas! Os interessados poder\u00e3o se inscrever agora at\u00e9 o dia 6 de junho. A sele\u00e7\u00e3o tamb\u00e9m conta com mudan\u00e7as na data de provas. As avalia\u00e7\u00f5es, antes agendadas para 9 de maio,\u00a0ser\u00e3o aplicadas em 27 de junho. Inscri\u00e7\u00f5es reabertas O concurso Emgepron\u00a0(Empresa Gerencial de Projetos Navais)\u00a0ter\u00e1 inscri\u00e7\u00f5es reabertas al\u00e9m [&hellip;]<\/p>\n","protected":false},"author":54662,"featured_media":126692,"comment_status":"closed","ping_status":"closed","sticky":false,"template":"","format":"standard","meta":{"_acf_changed":false,"footnotes":"","_wp_rev_ctl_limit":""},"categories":[228],"tags":[19461,37370,38252,38251,38253],"class_list":["post-130907","post","type-post","status-publish","format-standard","has-post-thumbnail","hentry","category-noticias","tag-concurso-emgepron","tag-concurso-emgepron-vagas","tag-edital-concurso-emgepron","tag-inscricoes-concurso-emgepron","tag-provas-concurso-emgepron"],"acf":[],"_links":{"self":[{"href":"https:\/\/www.novaconcursos.com.br\/portal\/wp-json\/wp\/v2\/posts\/130907","targetHints":{"allow":["GET"]}}],"collection":[{"href":"https:\/\/www.novaconcursos.com.br\/portal\/wp-json\/wp\/v2\/posts"}],"about":[{"href":"https:\/\/www.novaconcursos.com.br\/portal\/wp-json\/wp\/v2\/types\/post"}],"author":[{"embeddable":true,"href":"https:\/\/www.novaconcursos.com.br\/portal\/wp-json\/wp\/v2\/users\/54662"}],"replies":[{"embeddable":true,"href":"https:\/\/www.novaconcursos.com.br\/portal\/wp-json\/wp\/v2\/comments?post=130907"}],"version-history":[{"count":7,"href":"https:\/\/www.novaconcursos.com.br\/portal\/wp-json\/wp\/v2\/posts\/130907\/revisions"}],"predecessor-version":[{"id":279663,"href":"https:\/\/www.novaconcursos.com.br\/portal\/wp-json\/wp\/v2\/posts\/130907\/revisions\/279663"}],"wp:featuredmedia":[{"embeddable":true,"href":"https:\/\/www.novaconcursos.com.br\/portal\/wp-json\/wp\/v2\/media\/126692"}],"wp:attachment":[{"href":"https:\/\/www.novaconcursos.com.br\/portal\/wp-json\/wp\/v2\/media?parent=130907"}],"wp:term":[{"taxonomy":"category","embeddable":true,"href":"https:\/\/www.novaconcursos.com.br\/portal\/wp-json\/wp\/v2\/categories?post=130907"},{"taxonomy":"post_tag","embeddable":true,"href":"https:\/\/www.novaconcursos.com.br\/portal\/wp-json\/wp\/v2\/tags?post=130907"}],"curies":[{"name":"wp","href":"https:\/\/api.w.org\/{rel}","templated":true}]}}