{"id":130976,"date":"2021-05-04T09:40:51","date_gmt":"2021-05-04T12:40:51","guid":{"rendered":"https:\/\/www.novaconcursos.com.br\/portal\/?p=130976"},"modified":"2021-05-04T09:49:05","modified_gmt":"2021-05-04T12:49:05","slug":"concurso-prf-provas-sao-suspensas","status":"publish","type":"post","link":"https:\/\/www.novaconcursos.com.br\/portal\/noticias\/concurso-prf-provas-sao-suspensas\/","title":{"rendered":"Concurso PRF: Provas do pr\u00f3ximo domingo (09) s\u00e3o Suspensas!"},"content":{"rendered":"<p>Aten\u00e7\u00e3o candidatos do <a href=\"https:\/\/www.novaconcursos.com.br\/portal\/concursos\/concurso-prf\/\">concurso PRF 2021<\/a>! Liminar suspende a aplica\u00e7\u00e3o das provas marcadas para o pr\u00f3ximo domingo, 9.<\/p>\n\n\n\n<ul class=\"wp-block-list\"><li><strong>Confira:<\/strong> <a rel=\"noreferrer noopener\" aria-label=\"Curso Gr\u00e1tis Pol\u00edcia Rodovi\u00e1ria Federal   (abre numa nova aba)\" href=\"https:\/\/www.novaconcursos.com.br\/eventos\/curso-gratis-prf\/\" target=\"_blank\">Curso Gr\u00e1tis Pol\u00edcia Rodovi\u00e1ria Federal  <\/a><\/li><\/ul><p><\/p>\n\n\n\n<p>De acordo com o magistrado, quando as provas foram adiadas e remarcadas para a data prov\u00e1vel de 9 de maio, havia presumido que a <em>\u201crealiza\u00e7\u00e3o das provas demandaria substancial melhora no quadro de sa\u00fade p\u00fablica\u201d. <\/em><\/p>\n\n\n\n<h2 class=\"wp-block-heading\" id=\"liminar-suspende-provas-do-concurso-prf\">Liminar suspende provas do concurso PRF<\/h2>\n\n\n\n<p>Mais uma mudan\u00e7a ocorreu no concurso da Pol\u00edcia Rodovi\u00e1ria Federal.  Ap\u00f3s uma liminar que<strong> suspendeu a realiza\u00e7\u00e3o das avalia\u00e7\u00f5es previstas para o pr\u00f3ximo domingo, 9,<\/strong>  a aplica\u00e7\u00e3o das provas poder\u00e1 ser adiada novamente.<\/p>\n\n\n\n<p>Essa decis\u00e3o \u00e9 resultado de uma a\u00e7\u00e3o popular que foi julgada, analisada e teve como fim esta suspens\u00e3o, que cabe recurso.<\/p>\n\n\n\n<p>A a\u00e7\u00e3o foi julgada em\u00a0Se\u00e7\u00e3o Judici\u00e1ria do Distrito Federal. A\u00a0decis\u00e3o liminar foi emitida acatando o pedido. O magistrado respons\u00e1vel justificou que\u00a0<strong>quando as provas foram adiadas e remarcadas<\/strong>\u00a0para a data prov\u00e1vel do pr\u00f3ximo domingo, 9, presumiu-se que a \u201crealiza\u00e7\u00e3o das provas demandaria substancial melhora no quadro de sa\u00fade p\u00fablica\u201d.<\/p>\n\n\n\n<p>O magistrado aponta que n\u00e3o houve essa melhora esperada e que, sendo assim, permanecem os mesmos motivos que teriam acarretado no primeiro adiamento.<\/p>\n\n\n\n<p><em>\u201cAssim, o que se verifica \u00e9 que, de acordo com os dados oficiais, n\u00e3o houve melhora significativa na situa\u00e7\u00e3o da sa\u00fade p\u00fablica de modo a justificar que uma prova adiada em 12 de mar\u00e7o de 2021 seja aplicada em 9 de maio de 2021.\u201d<\/em><\/p>\n\n\n\n<ul class=\"wp-block-list\"><li><strong>Adquira:<\/strong>\u00a0<a href=\"https:\/\/www.novaconcursos.com.br\/concurso\/prf-policia-rodoviaria-federal\/apostila\">Apostila completa PRF<\/a><\/li><li><strong>Adquira:<\/strong>\u00a0<a href=\"https:\/\/www.novaconcursos.com.br\/concurso\/prf-policia-rodoviaria-federal\/curso-online\">Curso online completo PRF<\/a><\/li><\/ul><p><\/p>\n\n\n\n<p>Ainda na decis\u00e3o, fica descrito que\u00a0diariamente\u00a0\u00e9 poss\u00edvel constatar que:<\/p>\n\n\n\n<p><em>\u201c\u2026 enquanto algumas unidades da federa\u00e7\u00e3o registram tend\u00eancia de queda no n\u00famero de mortes, outras revelam estabilidade e h\u00e1 ainda unidades que indicam alta no n\u00famero de mortes. Isso porque, tamb\u00e9m de acordo com boletim epidemiol\u00f3gico dispon\u00edvel no s\u00edtio eletr\u00f4nico do Minist\u00e9rio da Sa\u00fade, \u201cno decorrer das semanas epidemiol\u00f3gicas do ano de 2020 at\u00e9 a SE 16 de 2021, os casos e \u00f3bitos novos relacionados \u00e0 covid-19 se mostraram heterog\u00eaneos entre as diferentes regi\u00f5es do pa\u00eds\u201d<\/em><\/p>\n\n\n\n<p>Al\u00e9m disso, \u00e9 citado no documento o\u00a0Plano Nacional de Operacionaliza\u00e7\u00e3o da Vacina\u00e7\u00e3o contra a Covid-19 que est\u00e1 em curso em todo o pa\u00eds e diversas outras justificativas fomentadas e baseadas seguindo o tema da pandemia.<\/p>\n\n\n\n<p>De acordo com a decis\u00e3o, fica dito que:<\/p>\n\n\n\n<p><em>Por outro lado, n\u00e3o se mostra aceit\u00e1vel que as autoridades federais, a quem caberia zelar pela sa\u00fade p\u00fablica, acabem por implementar medidas que tenham potencial de agravar a j\u00e1 delicada situa\u00e7\u00e3o atual do pa\u00eds em virtude da pandemia da Covid-19. Ante o exposto, DEFIRO a medida liminar para suspender a aplica\u00e7\u00e3o das provas do certame para o provimento de vagas no cargo de policial rodovi\u00e1rio federal, prevista para ocorrer no dia 09 de maio de 2021.<\/em><\/p>\n\n\n\n<p> A Pol\u00edcia Rodovi\u00e1ria e o Cebraspe, banca organizadora, at\u00e9 ent\u00e3o n\u00e3o se manifestaram sobre a decis\u00e3o. <strong>Esta liminar ainda \u00e9 provis\u00f3ria e a corpora\u00e7\u00e3o junto ao Governo Federal poder\u00e1 recorrer. <\/strong><\/p>\n\n\n\n<h2 class=\"wp-block-heading\" id=\"locais-de-prova-do-concurso-prf-2021\"><strong>Locais de prova do concurso PRF 2021<\/strong><\/h2>\n\n\n\n<p>Como a corpora\u00e7\u00e3o n\u00e3o se pronunciou de maneira oficial, o cronograma do concurso segue valendo. <strong>De acordo com o cronograma os locais de prova ser\u00e3o divulgados hoje, 4 de maio.<\/strong><\/p>\n\n\n\n<p>O edital de convoca\u00e7\u00e3o divulgando a data de consulta aos locais no site da banca foi publicado na \u00faltima semana.<\/p>\n\n\n\n<p>Como dito anteriormente, <strong>as provas foram suspensas devido a uma liminar, e estavam marcadas para o pr\u00f3ximo domingo, 9<\/strong>. Agora, ser\u00e1 necess\u00e1rio, recorrer da liminar e garantir que todos os estados tenham condi\u00e7\u00f5es sanit\u00e1rias e de sa\u00fade p\u00fablica para a realiza\u00e7\u00e3o dos exames.<\/p>\n\n\n\n<p>Vale ressaltar que a <strong>PRF vem conversando com os governadores para viabilizar as provas, <\/strong>por\u00e9m s\u00e3o grandes as chances das avalia\u00e7\u00f5es serem novamente adiadas.<\/p>\n\n\n\n<h3 class=\"wp-block-heading\">Medidas sanit\u00e1rias s\u00e3o divulgadas pela banca<\/h3>\n\n\n\n<p>O<a href=\"https:\/\/www.novaconcursos.com.br\/portal\/concursos-abertos\/nacional\/\"> edital<\/a> de convoca\u00e7\u00e3o traz tamb\u00e9m as <strong>regras para aplica\u00e7\u00e3o das provas em meio \u00e0 pandemia da Covid-19.\u00a0<\/strong><\/p>\n\n\n\n<p>Os candidatos\u00a0<strong>s\u00f3 poder\u00e3o entrar de m\u00e1scara\u00a0<\/strong>de tecido, descart\u00e1veis ou de qualquer outro material. Tamb\u00e9m ser\u00e3o permitidas\u00a0<strong>viseiras transparentes, roupas de prote\u00e7\u00e3o e luvas descart\u00e1veis<\/strong>, caso o candidato deseje.<\/p>\n\n\n\n<p>Os inscritos dever\u00e3o levar seu pr\u00f3prio\u00a0<strong>frasco transparente de \u00e1lcool 70%<\/strong>, que deve ser de uso individual.<\/p>\n\n\n\n<p>O\u00a0<strong>Cebraspe<\/strong>\u00a0<strong>n\u00e3o oferecer\u00e1<\/strong>\u00a0mascar\u00e1 ou \u00e1lcool 70% de uso pessoal.<\/p>\n\n\n\n<p><strong>A temperatura de todos os participantes<\/strong>\u00a0da sele\u00e7\u00e3o tamb\u00e9m ser\u00e1 aferida no momento de chegada no local de aplica\u00e7\u00e3o da prova. Caso a temperatura seja\u00a0<strong>igual ou inferior a 37,5 \u00baC<\/strong>, o candidato poder\u00e1 realizar a avalia\u00e7\u00e3o.<\/p>\n\n\n\n<p>O edital tamb\u00e9m recomenda o uso de\u00a0<strong>garrafas de \u00e1gua pessoais<\/strong>, para evitar o uso de bebedouros coletivos.<\/p>","protected":false},"excerpt":{"rendered":"<p>Aten\u00e7\u00e3o candidatos do concurso PRF 2021! Liminar suspende a aplica\u00e7\u00e3o das provas marcadas para o pr\u00f3ximo domingo, 9. Confira: Curso Gr\u00e1tis Pol\u00edcia Rodovi\u00e1ria Federal De acordo com o magistrado, quando as provas foram adiadas e remarcadas para a data prov\u00e1vel de 9 de maio, havia presumido que a \u201crealiza\u00e7\u00e3o das provas demandaria substancial melhora no [&hellip;]<\/p>\n","protected":false},"author":54662,"featured_media":126271,"comment_status":"closed","ping_status":"closed","sticky":false,"template":"","format":"standard","meta":{"_acf_changed":false,"footnotes":"","_wp_rev_ctl_limit":""},"categories":[228],"tags":[6524,36567,37683,37682,36895],"class_list":["post-130976","post","type-post","status-publish","format-standard","has-post-thumbnail","hentry","category-noticias","tag-concurso-prf","tag-concurso-prf-2021","tag-concurso-prf-alteracoes","tag-concurso-prf-data-da-prova-2021","tag-concurso-prf-provas"],"acf":[],"_links":{"self":[{"href":"https:\/\/www.novaconcursos.com.br\/portal\/wp-json\/wp\/v2\/posts\/130976","targetHints":{"allow":["GET"]}}],"collection":[{"href":"https:\/\/www.novaconcursos.com.br\/portal\/wp-json\/wp\/v2\/posts"}],"about":[{"href":"https:\/\/www.novaconcursos.com.br\/portal\/wp-json\/wp\/v2\/types\/post"}],"author":[{"embeddable":true,"href":"https:\/\/www.novaconcursos.com.br\/portal\/wp-json\/wp\/v2\/users\/54662"}],"replies":[{"embeddable":true,"href":"https:\/\/www.novaconcursos.com.br\/portal\/wp-json\/wp\/v2\/comments?post=130976"}],"version-history":[{"count":5,"href":"https:\/\/www.novaconcursos.com.br\/portal\/wp-json\/wp\/v2\/posts\/130976\/revisions"}],"predecessor-version":[{"id":130991,"href":"https:\/\/www.novaconcursos.com.br\/portal\/wp-json\/wp\/v2\/posts\/130976\/revisions\/130991"}],"wp:featuredmedia":[{"embeddable":true,"href":"https:\/\/www.novaconcursos.com.br\/portal\/wp-json\/wp\/v2\/media\/126271"}],"wp:attachment":[{"href":"https:\/\/www.novaconcursos.com.br\/portal\/wp-json\/wp\/v2\/media?parent=130976"}],"wp:term":[{"taxonomy":"category","embeddable":true,"href":"https:\/\/www.novaconcursos.com.br\/portal\/wp-json\/wp\/v2\/categories?post=130976"},{"taxonomy":"post_tag","embeddable":true,"href":"https:\/\/www.novaconcursos.com.br\/portal\/wp-json\/wp\/v2\/tags?post=130976"}],"curies":[{"name":"wp","href":"https:\/\/api.w.org\/{rel}","templated":true}]}}