{"id":131047,"date":"2021-05-06T08:18:52","date_gmt":"2021-05-06T11:18:52","guid":{"rendered":"https:\/\/www.novaconcursos.com.br\/portal\/?p=131047"},"modified":"2021-05-06T08:18:56","modified_gmt":"2021-05-06T11:18:56","slug":"concursos-ceara-decreto-permite-aplicacao-provas","status":"publish","type":"post","link":"https:\/\/www.novaconcursos.com.br\/portal\/noticias\/concursos-ceara-decreto-permite-aplicacao-provas\/","title":{"rendered":"Concursos Cear\u00e1: Novo decreto permite aplica\u00e7\u00e3o de provas!"},"content":{"rendered":"<p>No \u00faltimo s\u00e1bado, 1\u00ba, foi publicado um decreto que permite a volta dos <a href=\"https:\/\/www.novaconcursos.com.br\/portal\/concursos-abertos\/ce\/\">concursos Cear\u00e1<\/a>. O <strong>documento autoriza a aplica\u00e7\u00e3o de provas <\/strong>para concursos e processos seletivos em todo o Estado.<\/p>\n\n\n\n<p>As sele\u00e7\u00f5es do <a href=\"https:\/\/www.novaconcursos.com.br\/portal\/concursos\/concurso-prf\/\">concurso PRF<\/a> e do <a href=\"https:\/\/www.novaconcursos.com.br\/portal\/concursos\/concurso-policia-federal\/\">concurso PF<\/a> podem ser beneficiados com essa nova autoriza\u00e7\u00e3o, j\u00e1 que t\u00eam<strong> provas previstas para o m\u00eas de maio<\/strong>.<\/p>\n\n\n\n<ul class=\"wp-block-list\"><li>Confira: <a rel=\"noreferrer noopener\" aria-label=\"Quest\u00f5es Comentadas Pol\u00edcia Federal (abre numa nova aba)\" href=\"https:\/\/www.novaconcursos.com.br\/eventos\/e-book-questoes-comentadas-policia-federal\/\" target=\"_blank\">Quest\u00f5es Comentadas Pol\u00edcia Federal<\/a> (Gr\u00e1tis)<\/li><\/ul><p><\/p>\n\n\n\n<p>Entretanto, ainda se faz necess\u00e1rio que as <strong>condi\u00e7\u00f5es da pandemia<\/strong> melhorem em todo o pa\u00eds.<\/p>\n\n\n\n<p>A publica\u00e7\u00e3o do dia 1\u00ba diz respeito ao <strong>Decreto n\u00b0 34.058<\/strong>, que diz:<\/p>\n\n\n\n<p>\u201c<em>Art, 7\u00ba \u2013 A partir da publica\u00e7\u00e3o deste Decreto, poder\u00e3o ser realizados concursos e sele\u00e7\u00f5es p\u00fablicas destinadas ao preenchimento de cargos ou fun\u00e7\u00f5es no servi\u00e7o p\u00fablico, cabendo aos respons\u00e1veis pela organiza\u00e7\u00e3o a obedi\u00eancia a todas as medidas e cautelas sanit\u00e1rias estabelecidas contra a dissemina\u00e7\u00e3o da Covid-19, buscando garantir a sa\u00fade de candidatos e demais pessoas envolvidas no procedimento.<\/em>\u201d<\/p>\n\n\n\n<p>Como explicitado no Decreto, a <strong>aplica\u00e7\u00e3o das provas<\/strong> est\u00e1 permitida, por\u00e9m os cuidados com as <strong>medidas de combate ao Covid-19<\/strong> continuam com a mesma rigidez.<\/p>\n\n\n\n<p>Assinado pelo Governador do Estado do Cear\u00e1, Camilo Santana, o <strong>Decreto j\u00e1 entrou em vigor<\/strong>.<\/p>\n\n\n\n<h2 class=\"wp-block-heading\" id=\"situao-atual-do-concurso-prf-\">Situa\u00e7\u00e3o atual do concurso PRF <\/h2>\n\n\n\n<p>A divulga\u00e7\u00e3o dos<strong> locais de prova<\/strong> est\u00e1 prevista para o dia <strong>4 de maio<\/strong>, pelo cart\u00e3o de confirma\u00e7\u00e3o da inscri\u00e7\u00e3o dos candidatos.<\/p>\n\n\n\n<p>As provas aconteceriam no pr\u00f3ximo domingo, <strong>9 de maio<\/strong>, mas uma liminar suspendeu a avalia\u00e7\u00e3o e abriu margem para um <strong>adiamento<\/strong>. Confira essa <a href=\"https:\/\/www.novaconcursos.com.br\/portal\/noticias\/concurso-prf-provas-sao-suspensas\/\">not\u00edcia na \u00edntegra<\/a>.<\/p>\n\n\n\n<p>Todas as <strong>informa\u00e7\u00f5es necess\u00e1rias<\/strong> para a realiza\u00e7\u00e3o das provas podem ser encontradas no site do <a href=\"https:\/\/www.cebraspe.org.br\/\" target=\"_blank\" rel=\"noreferrer noopener\" aria-label=\"Cebraspe (abre numa nova aba)\">Cebraspe<\/a>, a banca organizadora do certame.<\/p>\n\n\n\n<p>O candidato que tiver <strong>testado positivo para Covid-19<\/strong> n\u00e3o poder\u00e1 fazer a prova.<\/p>\n\n\n\n<ul class=\"wp-block-list\"><li>Adquira: <a href=\"https:\/\/www.novaconcursos.com.br\/concurso\/prf-policia-rodoviaria-federal\/apostila\">Apostila Completa PRF<\/a><\/li><li>Adquira: <a href=\"https:\/\/www.novaconcursos.com.br\/concurso\/prf-policia-rodoviaria-federal\/curso-online\">Curso Completo PRF<\/a><\/li><\/ul><p><\/p>\n\n\n\n<p>Na semana passada, o <strong>edital de convoca\u00e7\u00e3o <\/strong>do concurso PRF foi publicado e nele <strong>constam as regras<\/strong> que os interessados devem seguir para realizar os exames avaliativos durante a pandemia.<\/p>\n\n\n\n<p>\u00c9 de <strong>extrema necessidade<\/strong> que este comunicado seja lido com aten\u00e7\u00e3o pelos inscritos para que n\u00e3o haja transtornos.<\/p>\n\n\n\n<h2 class=\"wp-block-heading\" id=\"situao-atual-do-concurso-pf-\">Situa\u00e7\u00e3o atual do concurso PF <\/h2>\n\n\n\n<p>As provas do <strong>concurso PF<\/strong> est\u00e3o marcadas para o dia <strong>23 de maio<\/strong>, depois de j\u00e1 terem sido adiadas por conta da pandemia.<\/p>\n\n\n\n<p>De acordo com a banca organizadora, <strong>o hor\u00e1rio e os locais das provas<\/strong> ser\u00e3o divulgados no dia <strong>14 de maio<\/strong>, no site do Cebraspe.<\/p>\n\n\n\n<ul class=\"wp-block-list\"><li>Adquira: <a href=\"https:\/\/www.novaconcursos.com.br\/concurso\/pf-policia-federal\/apostila\">Apostila Completa PF<\/a><\/li><li>Adquira: <a href=\"https:\/\/www.novaconcursos.com.br\/concurso\/pf-policia-federal\/curso-online\">Curso Completo PF<\/a><\/li><\/ul><p><\/p>\n\n\n\n<p>No entanto, o cronograma <strong>pode ser adiado novamente<\/strong>, de acordo com informa\u00e7\u00f5es. Ainda assim, a PF est\u00e1 tentando <strong>contornar as liminares<\/strong> de adiamento para manter o calend\u00e1rio do edital. Confira esta <a href=\"https:\/\/www.novaconcursos.com.br\/portal\/noticias\/concurso-pf-adiamento-provas-quase-certo-entenda\/\">not\u00edcia<\/a>.<\/p>\n\n\n\n<p><strong>As avalia\u00e7\u00f5es<\/strong> acontecer\u00e3o nas 26 capitais, al\u00e9m do Distrito Federal e acredita-se que a PF, juntamente ao Cebraspe, realizar\u00e1 um <strong>esquema especial para a aplica\u00e7\u00e3o dos exames<\/strong> por conta da pandemia.<\/p>\n\n\n\n<p><strong>Todos os cargos<\/strong> ter\u00e3o provas aplicadas no mesmo dia e hor\u00e1rio e a <strong>primeira fase<\/strong> da sele\u00e7\u00e3o tem car\u00e1ter eliminat\u00f3rio e classificat\u00f3rio.<\/p>","protected":false},"excerpt":{"rendered":"<p>No \u00faltimo s\u00e1bado, 1\u00ba, foi publicado um decreto que permite a volta dos concursos Cear\u00e1. O documento autoriza a aplica\u00e7\u00e3o de provas para concursos e processos seletivos em todo o Estado. As sele\u00e7\u00f5es do concurso PRF e do concurso PF podem ser beneficiados com essa nova autoriza\u00e7\u00e3o, j\u00e1 que t\u00eam provas previstas para o m\u00eas [&hellip;]<\/p>\n","protected":false},"author":54673,"featured_media":125201,"comment_status":"closed","ping_status":"closed","sticky":false,"template":"","format":"standard","meta":{"_acf_changed":false,"footnotes":"","_wp_rev_ctl_limit":""},"categories":[228],"tags":[6524,38295,27779,38297,38125,38294,38298,38296,288,8018],"class_list":["post-131047","post","type-post","status-publish","format-standard","has-post-thumbnail","hentry","category-noticias","tag-concurso-prf","tag-concursos-ce","tag-concursos-ceara","tag-concursos-pf","tag-editais-ce","tag-editais-ceara","tag-editais-pf","tag-editais-prf","tag-pf","tag-prf"],"acf":[],"_links":{"self":[{"href":"https:\/\/www.novaconcursos.com.br\/portal\/wp-json\/wp\/v2\/posts\/131047","targetHints":{"allow":["GET"]}}],"collection":[{"href":"https:\/\/www.novaconcursos.com.br\/portal\/wp-json\/wp\/v2\/posts"}],"about":[{"href":"https:\/\/www.novaconcursos.com.br\/portal\/wp-json\/wp\/v2\/types\/post"}],"author":[{"embeddable":true,"href":"https:\/\/www.novaconcursos.com.br\/portal\/wp-json\/wp\/v2\/users\/54673"}],"replies":[{"embeddable":true,"href":"https:\/\/www.novaconcursos.com.br\/portal\/wp-json\/wp\/v2\/comments?post=131047"}],"version-history":[{"count":8,"href":"https:\/\/www.novaconcursos.com.br\/portal\/wp-json\/wp\/v2\/posts\/131047\/revisions"}],"predecessor-version":[{"id":131213,"href":"https:\/\/www.novaconcursos.com.br\/portal\/wp-json\/wp\/v2\/posts\/131047\/revisions\/131213"}],"wp:featuredmedia":[{"embeddable":true,"href":"https:\/\/www.novaconcursos.com.br\/portal\/wp-json\/wp\/v2\/media\/125201"}],"wp:attachment":[{"href":"https:\/\/www.novaconcursos.com.br\/portal\/wp-json\/wp\/v2\/media?parent=131047"}],"wp:term":[{"taxonomy":"category","embeddable":true,"href":"https:\/\/www.novaconcursos.com.br\/portal\/wp-json\/wp\/v2\/categories?post=131047"},{"taxonomy":"post_tag","embeddable":true,"href":"https:\/\/www.novaconcursos.com.br\/portal\/wp-json\/wp\/v2\/tags?post=131047"}],"curies":[{"name":"wp","href":"https:\/\/api.w.org\/{rel}","templated":true}]}}