{"id":131195,"date":"2021-05-06T08:35:57","date_gmt":"2021-05-06T11:35:57","guid":{"rendered":"https:\/\/www.novaconcursos.com.br\/portal\/?p=131195"},"modified":"2021-05-06T08:36:10","modified_gmt":"2021-05-06T11:36:10","slug":"concurso-tj-am-candidatos-aprovados-sao-convocados","status":"publish","type":"post","link":"https:\/\/www.novaconcursos.com.br\/portal\/noticias\/concurso-tj-am-candidatos-aprovados-sao-convocados\/","title":{"rendered":"Concurso TJ AM: Candidatos aprovados s\u00e3o convocados!"},"content":{"rendered":"<p>O Tribunal de Justi\u00e7a do Estado do Amazonas <strong>convocou mais candidatos<\/strong> aprovados no <a href=\"https:\/\/www.novaconcursos.com.br\/portal\/concursos\/concurso-tj-am\/\">concurso TJ AM! <\/a><\/p>\n\n\n\n<ul class=\"wp-block-list\"><li><strong>Confira:<\/strong> <a rel=\"noreferrer noopener\" aria-label=\"Matem\u00e1tica para Concursos (abre numa nova aba)\" href=\"https:\/\/www.novaconcursos.com.br\/eventos\/matematica-concursos\/\" target=\"_blank\">Matem\u00e1tica para Concursos<\/a> (Gr\u00e1tis)<\/li><\/ul><p><\/p>\n\n\n\n<p>No dia 3 maio foi publicado o ato que informava a <strong>nomea\u00e7\u00e3o de mais 11 aprovados<\/strong> no concurso do TJ AM.<\/p>\n\n\n\n<p>Os <strong>cargos ocupados<\/strong> foram de Assistente Judici\u00e1rio e Assistente Judici\u00e1rio \u2013 especialidade Programador.<\/p>\n\n\n\n<p>Os recentes convocados para o cargo de Assistente Judici\u00e1rio ocupavam as <strong>posi\u00e7\u00f5es de 112\u00ba a 117\u00ba<\/strong> da Ampla Concorr\u00eancia, al\u00e9m de um convocado da <strong>cota para Pessoas com Defici\u00eancia<\/strong>, que ocupava a 17\u00ba coloca\u00e7\u00e3o.<\/p>\n\n\n\n<p>Tamb\u00e9m foi convocado o 32\u00ba aprovado da <strong>cota para pessoas Negras.<\/strong><\/p>\n\n\n\n<p>Para o cargo de Assistente Judici\u00e1rio com especialidade em Programa\u00e7\u00e3o, o convocado foi o <strong>10\u00ba colocado<\/strong> da Ampla Concorr\u00eancia.<\/p>\n\n\n\n<p>Foram convocados, tamb\u00e9m, os <strong>3\u00ba e 4\u00ba lugares <\/strong>da Ampla Concorr\u00eancia para o interior do Estado do <a href=\"https:\/\/www.novaconcursos.com.br\/portal\/concursos-abertos\/am\/\">Amazonas<\/a>. Os aprovados foram convocados para a <strong>9\u00aa Sub-Regi\u00e3o.<\/strong><\/p>\n\n\n\n<h2 class=\"wp-block-heading\" id=\"informaes-sobre-o-concurso-tj-am-\">Informa\u00e7\u00f5es sobre o concurso TJ AM <\/h2>\n\n\n\n<p>O concurso que formou o <strong>Cadastro de Reserva<\/strong> das nomea\u00e7\u00f5es que est\u00e3o ocorrendo agora, aconteceu no ano de <strong>2019<\/strong>. <\/p>\n\n\n\n<p>Foram <strong>160 vagas imediatas <\/strong>ofertadas na \u00e9poca e <strong>460 em car\u00e1ter de Cadastro de Reserva<\/strong> para atua\u00e7\u00e3o o <a href=\"https:\/\/www.novaconcursos.com.br\/portal\/concursos-previstos\/am\/\">Amzonas.<\/a><\/p>\n\n\n\n<p><strong>As nomea\u00e7\u00f5es do CR<\/strong> poderiam ser feitas dentro da validade do concurso, que seria de dois anos. No entanto, esse <strong>prazo foi prolongado<\/strong> por mais dois anos ap\u00f3s a homologa\u00e7\u00e3o, o que \u00e9 uma \u00f3tima not\u00edcia para quem esperava a convoca\u00e7\u00e3o.<\/p>\n\n\n\n<p><strong>Para as duas carreiras<\/strong> com vagas que est\u00e3o sendo ocupadas agora, era exigido forma\u00e7\u00e3o no <strong>Ensino M\u00e9dio <\/strong>e, no caso, da especialidade, era preciso ter c<strong>urso t\u00e9cnico<\/strong> nas \u00e1reas:<\/p>\n\n\n\n<ul class=\"wp-block-list\"><li>Suporte ao Usu\u00e1rio de Inform\u00e1tica;<\/li><li>Programador;<\/li><li>Web Designer;<\/li><li>Editor Gr\u00e1fico;<\/li><li>Inform\u00e1tica.<\/li><\/ul><p>Os candidatos passaram por <strong>provas<\/strong> de Conhecimentos B\u00e1sicos e Espec\u00edficos e por <strong>avalia\u00e7\u00e3o de T\u00edtulos<\/strong>.<\/p>\n\n\n\n<p>Os sal\u00e1rios para os nomeados ser\u00e3o de <strong>R$ 4,8 mil<\/strong> inicialmente. Com o passar do tempo, o vencimento pode chegar at\u00e9 <strong>R$ 8,8 mil<\/strong>.<\/p>","protected":false},"excerpt":{"rendered":"<p>O Tribunal de Justi\u00e7a do Estado do Amazonas convocou mais candidatos aprovados no concurso TJ AM! Confira: Matem\u00e1tica para Concursos (Gr\u00e1tis) No dia 3 maio foi publicado o ato que informava a nomea\u00e7\u00e3o de mais 11 aprovados no concurso do TJ AM. Os cargos ocupados foram de Assistente Judici\u00e1rio e Assistente Judici\u00e1rio \u2013 especialidade Programador. [&hellip;]<\/p>\n","protected":false},"author":54673,"featured_media":131198,"comment_status":"closed","ping_status":"closed","sticky":false,"template":"","format":"standard","meta":{"_acf_changed":false,"footnotes":"","_wp_rev_ctl_limit":""},"categories":[228],"tags":[38351,37852,37956,38352,33783,38349,2551],"class_list":["post-131195","post","type-post","status-publish","format-standard","has-post-thumbnail","hentry","category-noticias","tag-concurso-tjam","tag-concursos-am","tag-edital-am","tag-edital-tjam","tag-tj-am","tag-tjam","tag-tribunal-de-justica"],"acf":[],"_links":{"self":[{"href":"https:\/\/www.novaconcursos.com.br\/portal\/wp-json\/wp\/v2\/posts\/131195","targetHints":{"allow":["GET"]}}],"collection":[{"href":"https:\/\/www.novaconcursos.com.br\/portal\/wp-json\/wp\/v2\/posts"}],"about":[{"href":"https:\/\/www.novaconcursos.com.br\/portal\/wp-json\/wp\/v2\/types\/post"}],"author":[{"embeddable":true,"href":"https:\/\/www.novaconcursos.com.br\/portal\/wp-json\/wp\/v2\/users\/54673"}],"replies":[{"embeddable":true,"href":"https:\/\/www.novaconcursos.com.br\/portal\/wp-json\/wp\/v2\/comments?post=131195"}],"version-history":[{"count":4,"href":"https:\/\/www.novaconcursos.com.br\/portal\/wp-json\/wp\/v2\/posts\/131195\/revisions"}],"predecessor-version":[{"id":131234,"href":"https:\/\/www.novaconcursos.com.br\/portal\/wp-json\/wp\/v2\/posts\/131195\/revisions\/131234"}],"wp:featuredmedia":[{"embeddable":true,"href":"https:\/\/www.novaconcursos.com.br\/portal\/wp-json\/wp\/v2\/media\/131198"}],"wp:attachment":[{"href":"https:\/\/www.novaconcursos.com.br\/portal\/wp-json\/wp\/v2\/media?parent=131195"}],"wp:term":[{"taxonomy":"category","embeddable":true,"href":"https:\/\/www.novaconcursos.com.br\/portal\/wp-json\/wp\/v2\/categories?post=131195"},{"taxonomy":"post_tag","embeddable":true,"href":"https:\/\/www.novaconcursos.com.br\/portal\/wp-json\/wp\/v2\/tags?post=131195"}],"curies":[{"name":"wp","href":"https:\/\/api.w.org\/{rel}","templated":true}]}}