{"id":131203,"date":"2021-05-05T15:13:41","date_gmt":"2021-05-05T18:13:41","guid":{"rendered":"https:\/\/www.novaconcursos.com.br\/portal\/?p=131203"},"modified":"2021-05-05T15:13:45","modified_gmt":"2021-05-05T18:13:45","slug":"ibama-vagas-temporarias-autorizadas","status":"publish","type":"post","link":"https:\/\/www.novaconcursos.com.br\/portal\/noticias\/ibama-vagas-temporarias-autorizadas\/","title":{"rendered":"Concurso Ibama: 1.659 vagas tempor\u00e1rias s\u00e3o autorizadas!"},"content":{"rendered":"<p>Aten\u00e7\u00e3o concurseiros! Uma nova sele\u00e7\u00e3o foi autorizada pelo Minist\u00e9rio da Economia, para preenchimento de <strong>1.659 vagas tempor\u00e1rias<\/strong> em <a href=\"https:\/\/www.novaconcursos.com.br\/portal\/concursos\/concurso-ibama\/\">concurso Ibama<\/a> (Instituto Brasileiro do Meio Ambiente e dos Recursos Naturais Renov\u00e1veis). Um outro concurso ainda segue com <strong>previs\u00e3o para este ano<\/strong> de 2021.<\/p>\n\n\n\n<ul class=\"wp-block-list\"><li><strong>Confira:<\/strong> <a rel=\"noreferrer noopener\" aria-label=\"Guia Racioc\u00ednio L\u00f3gico para Concursos (Gr\u00e1tis) (abre numa nova aba)\" href=\"https:\/\/www.novaconcursos.com.br\/eventos\/raciocinio-logico-concursos\/\" target=\"_blank\">Guia Racioc\u00ednio L\u00f3gico para Concursos (Gr\u00e1tis)<\/a><\/li><\/ul><p><\/p>\n\n\n\n<h2 class=\"wp-block-heading\" id=\"concurso-ibama-vagas-ofertadas\">Concurso Ibama: vagas ofertadas<\/h2>\n\n\n\n<p>A autoriza\u00e7\u00e3o para a <a href=\"https:\/\/www.novaconcursos.com.br\/portal\/concursos-previstos\/nacional\">nova sele\u00e7\u00e3o<\/a> do Ibama foi concedida pelo <strong>Minist\u00e9rio da Economia <\/strong>nesta ter\u00e7a-feira (04).<\/p>\n\n\n\n<ul class=\"wp-block-list\"><li><strong>Adquira:<\/strong> <a href=\"https:\/\/www.novaconcursos.com.br\/concurso\/ibama-instituto-brasileiro-do-meio-ambiente\/apostila\">Apostila completa concurso Ibama<\/a><\/li><li><strong>Adquira:<\/strong> <a href=\"https:\/\/www.novaconcursos.com.br\/concurso\/ibama-instituto-brasileiro-do-meio-ambiente\/curso-online\">Curso online concurso Ibama<\/a><\/li><\/ul><p><\/p>\n\n\n\n<p>A oferta traz a possibilidade de preenchimento de at\u00e9\u00a0<strong>1.659 vagas<\/strong>\u00a0para\u00a0o atendimento de emerg\u00eancias ambientais, distribu\u00eddas pelos cargos de:<\/p>\n\n\n\n<ul class=\"wp-block-list\"><li><strong>alfabetizado<\/strong>: Brigadista (1.305 vagas) e Chefe de Esquadr\u00e3o (213);<\/li><li><strong>n\u00edvel m\u00e9dio<\/strong>: Chefe de Brigada (96);<\/li><li><strong>n\u00edvel superior<\/strong>: Gerente Estadual (40) e Gerente Federal (05).<\/li><\/ul><p><\/p>\n\n\n\n<p>\u00c9 importante ressaltar que a <strong>escolaridade exigida<\/strong> para se candidatar \u00e0s vagas ser\u00e3o confirmadas ap\u00f3s a publica\u00e7\u00e3o do edital, uma vez que os n\u00edveis citados acima s\u00e3o com base no \u00faltimo edital para tempor\u00e1rios do instituto.<\/p>\n\n\n\n<p>A publica\u00e7\u00e3o afirma que os profissionais <strong>poder\u00e3o ser contratados<\/strong> j\u00e1 a partir deste m\u00eas, o que deixa claro que o edital dever\u00e1 ser publicado a qualquer momento pelo Ibama. <\/p>\n\n\n\n<p>O documento afirma ainda que o <strong>prazo de validade <\/strong>dos contratos ser\u00e1 de at\u00e9 seis meses,\u00a0podendo\u00a0ser prorrogado por\u00a0at\u00e9 o limite de dois anos, posteriormente. <\/p>\n\n\n\n<h2 class=\"wp-block-heading\" id=\"ltimo-edital-para-temporrios-no-concurso-ibama\"><strong>\u00daltimo edital para tempor\u00e1rios no concurso Ibama<\/strong><\/h2>\n\n\n\n<p>Publicado em 2020, recentemente, o\u00a0<strong>\u00faltimo processo seletivo para tempor\u00e1rios do Ibama<\/strong>\u00a0ofertou\u00a0800 vagas, que foram distribu\u00eddas entre diversos estados:<\/p>\n\n\n\n<ul class=\"wp-block-list\"><li>Acre;<\/li><li>Amazonas;<\/li><li>Bahia;<\/li><li>Cear\u00e1;<\/li><li>Distrito Federal;<\/li><li>Goi\u00e1s;<\/li><li>Maranh\u00e3o;<\/li><li>Mato Grosso;<\/li><li>Mato Grosso do Sul;<\/li><li>Minas Gerais;<\/li><li>Pernambuco;<\/li><li>Rio de Janeiro;<\/li><li>Piau\u00ed;<\/li><li>Rond\u00f4nia; e<\/li><li>Tocantins.\u00a0<\/li><\/ul><p><\/p>\n\n\n\n<p>Foram <strong>oportunidades nos cargos<\/strong> de Supervisor de Brigada Estadual (25 vagas); Brigadista (656 vagas); Chefe de Esquadr\u00e3o (112 vagas) e Chefe de Brigada (46 vagas). <\/p>\n\n\n\n<p>Os sal\u00e1rios de Gerente e Supervisor, na \u00faltima sele\u00e7\u00e3o, foram de <strong>R$ 4.180<\/strong>. O Chefe de Brigada tinha inicial de\u00a0<strong>R$ 2.090<\/strong>.\u00a0J\u00e1 os ganhos para\u00a0Brigadista de Preven\u00e7\u00e3o foram de <strong>R$ 1.045.<\/strong> E o\u00a0Chefe de Esquadr\u00e3o recebia<strong> R$ 1.567,50<\/strong>. <\/p>\n\n\n\n<p>Al\u00e9m disso, os aprovados recebiam aux\u00edlio-transporte, aux\u00edlio-alimenta\u00e7\u00e3o, aux\u00edlio pr\u00e9-escolar\u00a0e seguro acidente. O <strong>Ibama <\/strong>foi o respons\u00e1vel por colher as <strong>inscri\u00e7\u00f5es<\/strong>. <\/p>\n\n\n\n<p>A avalia\u00e7\u00e3o dos\u00a0candidatos que concorreram a uma das<strong> vagas de n\u00edveis m\u00e9dio e alfabetizado <\/strong>aconteceu por meio de an\u00e1lise curricular e Teste de Aptid\u00e3o F\u00edsica (TAF).<\/p>\n\n\n\n<p>Por outro lado, os <strong>candidatos \u00e0 Supervisores,<\/strong> de n\u00edvel superior, foram avaliados por meio de uma\u00a0an\u00e1lise do curr\u00edculo e uma\u00a0prova objetiva de conhecimentos espec\u00edficos.<\/p>\n\n\n\n<h2 class=\"wp-block-heading\" id=\"vicepresidente-hamilton-mouro-defende-concurso-ibama\">Vice-presidente Hamilton <strong>Mour\u00e3o defende concurso Ibama<\/strong><\/h2>\n\n\n\n<p>O <a href=\"https:\/\/www.novaconcursos.com.br\/portal\/concursos-abertos\/nacional\">concurso <\/a>Ibama est\u00e1 sendo preparado pelo instituto (fora a sele\u00e7\u00e3o citada acima). E, se depender do <strong>vice-presidente da Rep\u00fablica, Hamilton Mour\u00e3o<\/strong>, o edital sair\u00e1 em breve.<\/p>\n\n\n\n<p>Durante o<strong> \u201cF\u00f3rum Bandnews\u201d<\/strong>, ele comentou sobre as medidas que o Governo Federal tem adotado para o combate ao desmatamento ilegal na Floresta Amaz\u00f4nica.<\/p>\n\n\n\n<p><em>\u201cN\u00f3s temos tecnologias que foram desenvolvidas pela Pol\u00edcia Federal, mas n\u00e3o adianta eu observar um desmatamento em regi\u00e3o \u201cx\u201d e n\u00e3o ter a equipe necess\u00e1ria para atuar no combate.\u00a0<strong>Tem que abrir um grande concurso p\u00fablico, n\u00e3o jeito<\/strong>. O Ibama e ICMBio atuam com apenas 50% da capacidade. O candidato, inclusive, j\u00e1 deve ficar ciente onde ele vai trabalhar\u201d<\/em>, afirmou.<\/p>\n\n\n\n<p>Na \u00faltima semana, durante <strong>Confer\u00eancia sobre o Clima<\/strong>, o presidente Jair Bolsonaro foi questionado sobre o combate ao desmatamento ilegal. Ele afirmou que a meta \u00e9 zer\u00e1-lo at\u00e9 2023 e que, para isso, precisar\u00e1 fortalecer os \u00f3rg\u00e3os ambientais.\u00a0<\/p>\n\n\n\n<p>J\u00e1 o ministro do Meio Ambiente, Ricardo Salles, afirmou que o Or\u00e7amento para a fiscaliza\u00e7\u00e3o ambiental seria\u00a0duplicado, o que certamente ajudaria\u00a0na\u00a0<strong>autoriza\u00e7\u00e3o dos\u00a0concursos.<\/strong><\/p>\n\n\n\n<p>Entretanto, n\u00e3o foi o que aconteceu. O Or\u00e7amento do Minist\u00e9rio do Meio Ambiente sofreu um corte de 35,4% e o Governo Federal ainda aprovou o uso da For\u00e7a Nacional para o combate.\u00a0<\/p>\n\n\n\n<h3 class=\"wp-block-heading\">Quantas vagas?<\/h3>\n\n\n\n<p>De acordo com o Ibama,\u00a0<strong>foram solicitadas 2.311 vagas para o pr\u00f3ximo\u00a0certame<\/strong>, ao Minist\u00e9rio da Economia, no dia 29 de maio de 2020, dois dias antes do prazo final estipulado para que os pedidos fossem protocolados. Entretanto, at\u00e9 agora a sele\u00e7\u00e3o n\u00e3o caminhou.<\/p>\n\n\n\n<p>Al\u00e9m disso,\u00a0<strong>o Minist\u00e9rio P\u00fablico Federal (MPF)<\/strong>\u00a0solicitou a realiza\u00e7\u00e3o do certame, por meio da Recomenda\u00e7\u00e3o n\u00ba 7\/2019\u00a0\u2013 4\u00aa CCR, de 05 de setembro de 2019.<\/p>","protected":false},"excerpt":{"rendered":"<p>Aten\u00e7\u00e3o concurseiros! Uma nova sele\u00e7\u00e3o foi autorizada pelo Minist\u00e9rio da Economia, para preenchimento de 1.659 vagas tempor\u00e1rias em concurso Ibama (Instituto Brasileiro do Meio Ambiente e dos Recursos Naturais Renov\u00e1veis). Um outro concurso ainda segue com previs\u00e3o para este ano de 2021. Confira: Guia Racioc\u00ednio L\u00f3gico para Concursos (Gr\u00e1tis) Concurso Ibama: vagas ofertadas A autoriza\u00e7\u00e3o [&hellip;]<\/p>\n","protected":false},"author":54671,"featured_media":0,"comment_status":"closed","ping_status":"closed","sticky":false,"template":"","format":"standard","meta":{"_acf_changed":false,"footnotes":"","_wp_rev_ctl_limit":""},"categories":[228],"tags":[38344,20898,2578,35815,38341,115,38346,38348,38343],"class_list":["post-131203","post","type-post","status-publish","format-standard","hentry","category-noticias","tag-cargos-concurso-ibama","tag-concurso-ibama","tag-concursos-publicos","tag-ministerio-da-economia","tag-nacionais","tag-nova-concursos","tag-salarios-concurso-ibama","tag-ultimo-concurso-ibama","tag-vagas-concurso-ibama"],"acf":[],"_links":{"self":[{"href":"https:\/\/www.novaconcursos.com.br\/portal\/wp-json\/wp\/v2\/posts\/131203","targetHints":{"allow":["GET"]}}],"collection":[{"href":"https:\/\/www.novaconcursos.com.br\/portal\/wp-json\/wp\/v2\/posts"}],"about":[{"href":"https:\/\/www.novaconcursos.com.br\/portal\/wp-json\/wp\/v2\/types\/post"}],"author":[{"embeddable":true,"href":"https:\/\/www.novaconcursos.com.br\/portal\/wp-json\/wp\/v2\/users\/54671"}],"replies":[{"embeddable":true,"href":"https:\/\/www.novaconcursos.com.br\/portal\/wp-json\/wp\/v2\/comments?post=131203"}],"version-history":[{"count":5,"href":"https:\/\/www.novaconcursos.com.br\/portal\/wp-json\/wp\/v2\/posts\/131203\/revisions"}],"predecessor-version":[{"id":131217,"href":"https:\/\/www.novaconcursos.com.br\/portal\/wp-json\/wp\/v2\/posts\/131203\/revisions\/131217"}],"wp:attachment":[{"href":"https:\/\/www.novaconcursos.com.br\/portal\/wp-json\/wp\/v2\/media?parent=131203"}],"wp:term":[{"taxonomy":"category","embeddable":true,"href":"https:\/\/www.novaconcursos.com.br\/portal\/wp-json\/wp\/v2\/categories?post=131203"},{"taxonomy":"post_tag","embeddable":true,"href":"https:\/\/www.novaconcursos.com.br\/portal\/wp-json\/wp\/v2\/tags?post=131203"}],"curies":[{"name":"wp","href":"https:\/\/api.w.org\/{rel}","templated":true}]}}