{"id":131264,"date":"2021-05-06T15:17:00","date_gmt":"2021-05-06T18:17:00","guid":{"rendered":"https:\/\/www.novaconcursos.com.br\/portal\/?p=131264"},"modified":"2021-05-06T15:17:03","modified_gmt":"2021-05-06T18:17:03","slug":"enem-2021-estudantes-podem-pedir-isencao-taxa","status":"publish","type":"post","link":"https:\/\/www.novaconcursos.com.br\/portal\/noticias\/enem-2021-estudantes-podem-pedir-isencao-taxa\/","title":{"rendered":"ENEM 2021: Estudantes j\u00e1 podem pedir isen\u00e7\u00e3o da taxa!"},"content":{"rendered":"<p>O Minist\u00e9rio da Educa\u00e7\u00e3o liberou, na \u00faltima segunda-feira, 3 de maio, o <strong>cronograma com as datas <\/strong>para a justificativa de aus\u00eancia, e tamb\u00e9m o per\u00edodo em que <strong>poder\u00e1 ser feito<\/strong> o pedido de isen\u00e7\u00e3o da taxa para o <a href=\"https:\/\/www.novaconcursos.com.br\/portal\/concursos\/enem\/\">ENEM 2021<\/a>.<\/p>\n\n\n\n<ul class=\"wp-block-list\"><li><strong>Confira: <\/strong><a href=\"https:\/\/www.novaconcursos.com.br\/eventos\/guia-definitivo-como-montar-um-mapa-mental\/\" target=\"_blank\" rel=\"noreferrer noopener\" aria-label=\" (abre numa nova aba)\">Como Montar Mapas Mentais \u2013 guia GR\u00c1TIS<\/a><\/li><\/ul><p><\/p>\n\n\n\n<p>Segundo o \u00f3rg\u00e3o, os pedidos de isen\u00e7\u00e3o da taxa <strong>ser\u00e3o aceitos <\/strong>entre os dias <strong>17 e 28 de maio<\/strong> pelo <a href=\"https:\/\/enem.inep.gov.br\/participante\/#!\/\" target=\"_blank\" rel=\"noreferrer noopener\" aria-label=\"portal do Inep (abre numa nova aba)\">portal do Inep<\/a> (Instituto Nacional de Estudos e Pesquisas Educacionais An\u00edsio Teixeira). Para al\u00e9m disso, o mesmo per\u00edodo <strong>dever\u00e1 ser utilizado<\/strong> para fazer a justificativa de aus\u00eancia do candidato.<\/p>\n\n\n\n<p><strong>Aten\u00e7\u00e3o!<\/strong> O candidato que se ausentou no \u00faltimo Enem, e n\u00e3o se justificar, <strong>n\u00e3o poder\u00e1 fazer<\/strong> a solicita\u00e7\u00e3o de isen\u00e7\u00e3o da taxa do Enem 2021, visto que \u00e9 obrigat\u00f3rio a justificativa. <\/p>\n\n\n\n<p><strong>Os crit\u00e9rios<\/strong> para pedir Isen\u00e7\u00e3o do Enem 2021 s\u00e3o os seguintes:<\/p>\n\n\n\n<ul class=\"wp-block-list\"><li>Estar no \u00faltimo ano do ensino m\u00e9dio em 2021 em escola p\u00fablica;<\/li><li>Ter cursado integralmente todo o ensino m\u00e9dio em escola p\u00fablica, ou ser bolsista integral de institui\u00e7\u00e3o privada;<\/li><li>Ter renda per capita igual ou inferior a um sal\u00e1rio m\u00ednimo e meio;<\/li><li>Ser membro de fam\u00edlia com baixa renda, com cadastro no Cad\u00danico, informando o NIS (N\u00famero de Identifica\u00e7\u00e3o Social).<\/li><\/ul><ul class=\"wp-block-list\"><li><strong>Adquira: <\/strong><a href=\"https:\/\/www.novaconcursos.com.br\/concurso\/enem\/apostila\">Apostilas ENEM 2021<\/a><\/li><li><strong>Adquira:<\/strong> <a href=\"https:\/\/www.novaconcursos.com.br\/concurso\/enem\/curso-online\">Curso Online ENEM 2021<\/a><\/li><\/ul><p><\/p>\n\n\n\n<h2 class=\"wp-block-heading\" id=\"cronograma\">Cronograma<\/h2>\n\n\n\n<p>A <strong>data para as provas<\/strong> ainda n\u00e3o foi divulgada. Se o candidato tiver seu pedido de isen\u00e7\u00e3o aprovado, ele dever\u00e1 fazer <strong>um novo cadastro<\/strong> no site, como em todos os anos de Enem, quando for fazer sua inscri\u00e7\u00e3o.<\/p>\n\n\n\n<p>O <strong>\u00faltimo cronograma<\/strong> foi publicado no Di\u00e1rio Oficial da Uni\u00e3o e disp\u00f5e do seguinte:<\/p>\n\n\n\n<ul class=\"wp-block-list\"><li>Justificativa de aus\u00eancia no Enem 2020 e solicita\u00e7\u00e3o da isen\u00e7\u00e3o da taxa de inscri\u00e7\u00e3o para o Enem 2021: de 17 a 28 de maio de 2021;<\/li><li>Resultado da justificativa de aus\u00eancia e solicita\u00e7\u00e3o de isen\u00e7\u00e3o da taxa de inscri\u00e7\u00e3o para o Enem 2021: a partir do dia 9 de junho de 2021;<\/li><li>Recurso da justificativa de aus\u00eancia e solicita\u00e7\u00e3o de isen\u00e7\u00e3o da taxa de inscri\u00e7\u00e3o para o Enem 2021: de 14 a 18 de junho de 2021;<\/li><li>Resultado do recurso da justificativa de aus\u00eancia e solicita\u00e7\u00e3o de isen\u00e7\u00e3o da taxa de inscri\u00e7\u00e3o para o Enem 2021: dia 25 de junho de 2021.<\/li><\/ul><p><\/p>\n\n\n\n<h2 class=\"wp-block-heading\" id=\"panorama-geral-do-enem\">Panorama Geral do ENEM<\/h2>\n\n\n\n<p>Por causa da pandemia do novo coronav\u00edrus, <strong>as provas<\/strong> do Enem 2020 ocorreram em <strong>janeiro de 2021<\/strong>. Os resultados <strong>foram divulgados<\/strong> em mar\u00e7o e o SiSU aconteceu em Abril.<\/p>\n\n\n\n<p><strong>Normalmente<\/strong>, o Enem acontece no final do ano, em novembro, e os resultados <strong>s\u00e3o divulgados<\/strong> em janeiro. S\u00e3o <strong>180 quest\u00f5es<\/strong> no total, com provas objetivas de m\u00faltipla escolha com 5 alternativas e s\u00f3 uma resposta certa.<\/p>\n\n\n\n<p>Al\u00e9m disso o Enem acontece em <strong>2 domingos<\/strong>, com provas de Ci\u00eancias Humanas, Linguagens e Reda\u00e7\u00e3o; Ci\u00eancias da Natureza, Matem\u00e1tica e suas Tecnologias.<\/p>\n\n\n\n<p>Ademais, <strong>as provas<\/strong> do Enem acontecem pelas escolas de todo o Brasil, e como novidade, o MEC lan\u00e7ou a prova digital, que foi aplicada no ano de 2020 e pretende ser um <strong>processo cont\u00ednuo<\/strong>.<\/p>\n\n\n\n<p>De acordo com o MEC, o Enem Digital <strong>deve ser consolidado<\/strong> at\u00e9 2026, <strong>extinguindo<\/strong> as provas impressas. <\/p>\n\n\n\n<p>Para al\u00e9m disso, o Enem 2020 contou com <strong>6,1 milh\u00f5es de inscritos<\/strong>, sendo que <strong>65% dos candidatos<\/strong> j\u00e1 concluiu o ensino m\u00e9dio. 6.020,263 inscritos escolheram a prova impressa, enquanto 101.100 realizaram a vers\u00e3o digital do processo.<\/p>","protected":false},"excerpt":{"rendered":"<p>O Minist\u00e9rio da Educa\u00e7\u00e3o liberou, na \u00faltima segunda-feira, 3 de maio, o cronograma com as datas para a justificativa de aus\u00eancia, e tamb\u00e9m o per\u00edodo em que poder\u00e1 ser feito o pedido de isen\u00e7\u00e3o da taxa para o ENEM 2021. Confira: Como Montar Mapas Mentais \u2013 guia GR\u00c1TIS Segundo o \u00f3rg\u00e3o, os pedidos de isen\u00e7\u00e3o [&hellip;]<\/p>\n","protected":false},"author":16,"featured_media":0,"comment_status":"closed","ping_status":"closed","sticky":false,"template":"","format":"standard","meta":{"_acf_changed":false,"footnotes":"","_wp_rev_ctl_limit":""},"categories":[228],"tags":[38369,38367,38370,115,38371,38368,20696],"class_list":["post-131264","post","type-post","status-publish","format-standard","hentry","category-noticias","tag-cronograma-enem-2021","tag-edital-enem-2021","tag-justificativa-de-ausencia-enem-2021","tag-nova-concursos","tag-panorama-geral-enem-2021","tag-pedido-de-isencao-de-taxa-enem-2021","tag-provas-enem"],"acf":[],"_links":{"self":[{"href":"https:\/\/www.novaconcursos.com.br\/portal\/wp-json\/wp\/v2\/posts\/131264","targetHints":{"allow":["GET"]}}],"collection":[{"href":"https:\/\/www.novaconcursos.com.br\/portal\/wp-json\/wp\/v2\/posts"}],"about":[{"href":"https:\/\/www.novaconcursos.com.br\/portal\/wp-json\/wp\/v2\/types\/post"}],"author":[{"embeddable":true,"href":"https:\/\/www.novaconcursos.com.br\/portal\/wp-json\/wp\/v2\/users\/16"}],"replies":[{"embeddable":true,"href":"https:\/\/www.novaconcursos.com.br\/portal\/wp-json\/wp\/v2\/comments?post=131264"}],"version-history":[{"count":4,"href":"https:\/\/www.novaconcursos.com.br\/portal\/wp-json\/wp\/v2\/posts\/131264\/revisions"}],"predecessor-version":[{"id":131352,"href":"https:\/\/www.novaconcursos.com.br\/portal\/wp-json\/wp\/v2\/posts\/131264\/revisions\/131352"}],"wp:attachment":[{"href":"https:\/\/www.novaconcursos.com.br\/portal\/wp-json\/wp\/v2\/media?parent=131264"}],"wp:term":[{"taxonomy":"category","embeddable":true,"href":"https:\/\/www.novaconcursos.com.br\/portal\/wp-json\/wp\/v2\/categories?post=131264"},{"taxonomy":"post_tag","embeddable":true,"href":"https:\/\/www.novaconcursos.com.br\/portal\/wp-json\/wp\/v2\/tags?post=131264"}],"curies":[{"name":"wp","href":"https:\/\/api.w.org\/{rel}","templated":true}]}}