{"id":131398,"date":"2021-05-07T10:02:12","date_gmt":"2021-05-07T13:02:12","guid":{"rendered":"https:\/\/www.novaconcursos.com.br\/portal\/?p=131398"},"modified":"2021-05-07T10:02:15","modified_gmt":"2021-05-07T13:02:15","slug":"concurso-prf-ainda-corre-risco-ser-suspenso","status":"publish","type":"post","link":"https:\/\/www.novaconcursos.com.br\/portal\/noticias\/concurso-prf-ainda-corre-risco-ser-suspenso\/","title":{"rendered":"Concurso PRF: Ainda corre risco de ser suspenso?"},"content":{"rendered":"<p>A manh\u00e3 desta sexta-feira, 7 de maio, come\u00e7ou agitada para o <a href=\"https:\/\/www.novaconcursos.com.br\/portal\/concursos\/concurso-prf\/\">concurso PRF<\/a>. O autor que pede a suspens\u00e3o do processo, entrou <strong>novamente com recurso<\/strong> e peticionou um Agravo Interno, com pedido para que seja reconsiderada o dia das provas em 9 de maio.<\/p>\n\n\n\n<ul class=\"wp-block-list\"><li><strong>Confira:<\/strong> <a rel=\"noreferrer noopener\" aria-label=\"Quest\u00f5es Comentadas CESPE - GR\u00c1TIS (abre numa nova aba)\" href=\"https:\/\/www.novaconcursos.com.br\/eventos\/e-book-questoes-comentadas-cespe\/\" target=\"_blank\">Quest\u00f5es Comentadas CESPE \u2013 GR\u00c1TIS<\/a><\/li><\/ul><p><\/p>\n\n\n\n<p>De acordo com o documento, pede para que o desembargador <strong>reveja sua decis\u00e3o<\/strong>, e para que a reveja de forma individual. Caso n\u00e3o o fa\u00e7a, o caso ter\u00e1 de ir at\u00e9 o Conselho Especial.<\/p>\n\n\n\n<ul class=\"wp-block-list\"><li><strong>Adquira: <\/strong><a href=\"https:\/\/www.novaconcursos.com.br\/concurso\/prf-policia-rodoviaria-federal\/apostila\">Apostilas concurso PRF <\/a><\/li><li><strong>Adquira:<\/strong> <a href=\"https:\/\/www.novaconcursos.com.br\/concurso\/prf-policia-rodoviaria-federal\/curso-online\">Cursos Online concurso PRF<\/a><\/li><\/ul><p><\/p>\n\n\n\n<h2 class=\"wp-block-heading\" id=\"provas-do-concurso-seguem-mantidas\">Provas do concurso seguem mantidas<\/h2>\n\n\n\n<p>Nessa quinta-feira, 6 de maio, <strong>o pedido da AGU<\/strong> (Advocacia Geral da Uni\u00e3o) para que se mantivesse a data das provas, <strong>foi aceito<\/strong> pela Justi\u00e7a Federal. Isso porque <strong>a liminar <\/strong>que suspendia o concurso, foi derrubada.<\/p>\n\n\n\n<p>A justificativa da AGU para manter a decis\u00e3o da data das provas do concurso, foi o caso do ENEM e IBGE.<\/p>\n\n\n\n<p>Nessa sexta-feira, 7, o Cebraspe, banca organizadora do <a href=\"https:\/\/www.novaconcursos.com.br\/portal\/concursos-abertos\/nacional\/\">certame<\/a>, publicou no Di\u00e1rio Oficial da Uni\u00e3o que <strong>os candidatos<\/strong> de Bras\u00edlia e Rond\u00f4nia <strong>retornem ao sistema<\/strong> de consulta. Dessa forma eles podem confirmar se <strong>houve altera\u00e7\u00e3o<\/strong> nos locais das avalia\u00e7\u00f5es.<\/p>\n\n\n\n<h2 class=\"wp-block-heading\" id=\"resumo-concurso-prf\">Resumo Concurso PRF<\/h2>\n\n\n\n<p>O <a href=\"https:\/\/cdn.cebraspe.org.br\/concursos\/PRF_21\/arquivos\/ED_1_PRF_2021_ABERTURA.PDF\" target=\"_blank\" rel=\"noreferrer noopener\" aria-label=\"edital do concurso (abre numa nova aba)\">edital do concurso<\/a> oferta <strong>1.500 vagas imediatas<\/strong> e mais <strong>500 contrata\u00e7\u00f5es<\/strong> em 2022, os valores iniciais podem chegar at\u00e9 <strong>R$ 9,8 mil<\/strong>.<\/p>\n\n\n\n<p>O <a href=\"https:\/\/www.novaconcursos.com.br\/portal\/concursos-previstos\/nacional\/\">concurso<\/a> passar\u00e1 por <strong>8 etapas<\/strong>, sendo elas: prova objetiva, discursiva, exame de aptid\u00e3o f\u00edsica, avalia\u00e7\u00e3o psicol\u00f3gica, apresenta\u00e7\u00e3o de documentos, avalia\u00e7\u00e3o de sa\u00fade, avalia\u00e7\u00e3o de t\u00edtulos e investiga\u00e7\u00e3o social.<\/p>\n\n\n\n<p>Conforme o edital, as provas objetivas ter\u00e3o <strong>120 quest\u00f5es<\/strong> de CERTO ou Errado. A prova ter\u00e1 a dura\u00e7\u00e3o de 4h30m. E as disciplinas cobradas na prova, ser\u00e3o:<\/p>\n\n\n\n<ul class=\"wp-block-list\"><li>Habilidades;<\/li><li>L\u00edngua Portuguesa;<\/li><li>Racioc\u00ednio L\u00f3gico-Matem\u00e1tico;<\/li><li>Inform\u00e1tica;<\/li><li>F\u00edsica;<\/li><li>\u00c9tica e Cidadania;<\/li><li>Geopol\u00edtica;<\/li><li>L\u00edngua Estrangeira (Ingl\u00eas ou Espanhol);<\/li><li>Legisla\u00e7\u00e3o de Tr\u00e2nsito;<\/li><li>Direito Administrativo, Constitucional, Penal, Processual Penal;<\/li><li>Legisla\u00e7\u00e3o Especial;<\/li><li>Direitos Humanos.<\/li><\/ul><p><\/p>\n\n\n\n<p>Al\u00e9m disso, confira <strong>alguns requisitos <\/strong>para investidura no cargo, de acordo com o documento do Cebraspe:<\/p>\n\n\n\n<ul class=\"wp-block-list\"><li>Ser aprovado em todas as etapas do concurso p\u00fablico;<\/li><li>Ter nacionalidade brasileira ou portuguesa;<\/li><li>Ter conclu\u00eddo curso de gradua\u00e7\u00e3o, comprovado e reconhecido pelo Minist\u00e9rio da Educa\u00e7\u00e3o;<\/li><li>Estar em pleno gozo dos direitos pol\u00edticos;<\/li><li>Estar quite com as obriga\u00e7\u00f5es eleitorais e militares (caso do sexo masculino);<\/li><li>Ter aptid\u00e3o f\u00edsica e mental para o exerc\u00edcio de suas atribui\u00e7\u00f5es;<\/li><li>Possuir CNH na categoria \u201cB\u201d ou superior.<\/li><\/ul><p><\/p>","protected":false},"excerpt":{"rendered":"<p>A manh\u00e3 desta sexta-feira, 7 de maio, come\u00e7ou agitada para o concurso PRF. O autor que pede a suspens\u00e3o do processo, entrou novamente com recurso e peticionou um Agravo Interno, com pedido para que seja reconsiderada o dia das provas em 9 de maio. Confira: Quest\u00f5es Comentadas CESPE \u2013 GR\u00c1TIS De acordo com o documento, [&hellip;]<\/p>\n","protected":false},"author":16,"featured_media":126271,"comment_status":"closed","ping_status":"closed","sticky":false,"template":"","format":"standard","meta":{"_acf_changed":false,"footnotes":"","_wp_rev_ctl_limit":""},"categories":[228],"tags":[6524,35835,2578,25120,38410,115,2135,34237],"class_list":["post-131398","post","type-post","status-publish","format-standard","has-post-thumbnail","hentry","category-noticias","tag-concurso-prf","tag-concurso-prf-suspenso","tag-concursos-publicos","tag-edital-concurso-prf","tag-liminar-derrubada-concurso-prf","tag-nova-concursos","tag-policia-rodoviaria-federal","tag-provas-do-concurso-prf"],"acf":[],"_links":{"self":[{"href":"https:\/\/www.novaconcursos.com.br\/portal\/wp-json\/wp\/v2\/posts\/131398","targetHints":{"allow":["GET"]}}],"collection":[{"href":"https:\/\/www.novaconcursos.com.br\/portal\/wp-json\/wp\/v2\/posts"}],"about":[{"href":"https:\/\/www.novaconcursos.com.br\/portal\/wp-json\/wp\/v2\/types\/post"}],"author":[{"embeddable":true,"href":"https:\/\/www.novaconcursos.com.br\/portal\/wp-json\/wp\/v2\/users\/16"}],"replies":[{"embeddable":true,"href":"https:\/\/www.novaconcursos.com.br\/portal\/wp-json\/wp\/v2\/comments?post=131398"}],"version-history":[{"count":4,"href":"https:\/\/www.novaconcursos.com.br\/portal\/wp-json\/wp\/v2\/posts\/131398\/revisions"}],"predecessor-version":[{"id":131410,"href":"https:\/\/www.novaconcursos.com.br\/portal\/wp-json\/wp\/v2\/posts\/131398\/revisions\/131410"}],"wp:featuredmedia":[{"embeddable":true,"href":"https:\/\/www.novaconcursos.com.br\/portal\/wp-json\/wp\/v2\/media\/126271"}],"wp:attachment":[{"href":"https:\/\/www.novaconcursos.com.br\/portal\/wp-json\/wp\/v2\/media?parent=131398"}],"wp:term":[{"taxonomy":"category","embeddable":true,"href":"https:\/\/www.novaconcursos.com.br\/portal\/wp-json\/wp\/v2\/categories?post=131398"},{"taxonomy":"post_tag","embeddable":true,"href":"https:\/\/www.novaconcursos.com.br\/portal\/wp-json\/wp\/v2\/tags?post=131398"}],"curies":[{"name":"wp","href":"https:\/\/api.w.org\/{rel}","templated":true}]}}