{"id":131438,"date":"2021-05-07T12:51:22","date_gmt":"2021-05-07T15:51:22","guid":{"rendered":"https:\/\/www.novaconcursos.com.br\/portal\/?p=131438"},"modified":"2021-05-07T12:51:25","modified_gmt":"2021-05-07T15:51:25","slug":"concurso-semace-edital-previsto-para-2021","status":"publish","type":"post","link":"https:\/\/www.novaconcursos.com.br\/portal\/noticias\/concurso-semace-edital-previsto-para-2021\/","title":{"rendered":"Concurso Semace: Edital est\u00e1 previsto para 2021!"},"content":{"rendered":"<p>Nessa quinta-feira, 6 de maio, o governador do Cear\u00e1, Camilo Santana, <strong>confirmou a previs\u00e3o<\/strong> de um novo <a href=\"https:\/\/www.novaconcursos.com.br\/portal\/concursos\/concurso-semace\/\">concurso Semace<\/a>.<\/p>\n\n\n\n<ul class=\"wp-block-list\"><li><strong>Confira: <\/strong><a rel=\"noreferrer noopener\" aria-label=\" (abre numa nova aba)\" href=\"https:\/\/www.novaconcursos.com.br\/eventos\/guia-definitivo-plano-de-estudos-passo-a-passo\/\" target=\"_blank\">Plano de Estudos Passo a Passo \u2013 guia GR\u00c1TIS<\/a><\/li><\/ul><p><\/p>\n\n\n\n<p><em>\u201cEstamos avaliando tamb\u00e9m outros concursos. Para a Semace, por exemplo, devemos realizar este ano\u201d<\/em> afirmou Camilo.<\/p>\n\n\n\n<p>Al\u00e9m disso, o governador falou sobre o concurso em outra oportunidade, no dia 6 de abril. Entretanto, o edital ainda <strong>precisa do aval<\/strong> do Governo do estado, a comiss\u00e3o trabalha no certame <strong>h\u00e1 2 anos<\/strong>.<\/p>\n\n\n\n<p>O <a href=\"https:\/\/www.novaconcursos.com.br\/portal\/concursos-abertos\/ce\/\">concurso<\/a> tem previs\u00e3o de <strong>40 vagas imediatas<\/strong> para o cargo de Fiscal Ambiental, que requer <strong>ensino superior<\/strong>.<\/p>\n\n\n\n<p>A comiss\u00e3o organizadora do concurso p\u00fablico est\u00e1 formada <strong>desde de 2019<\/strong>, previsto para 2020, a sele\u00e7\u00e3o <strong>s\u00f3 n\u00e3o aconteceu<\/strong> por conta da pandemia do novo coronav\u00edrus.<\/p>\n\n\n\n<p>O pr\u00f3ximo edital ainda <strong>n\u00e3o tem banca<\/strong> organizadora, visto que o processo de escolha foi uma das <strong>etapas de elabora\u00e7\u00e3o<\/strong> n\u00e3o conclu\u00eddas.<\/p>\n\n\n\n<h2 class=\"wp-block-heading\" id=\"edital-semace-crdito-suplementar-liberado\">Edital Semace: cr\u00e9dito suplementar liberado<\/h2>\n\n\n\n<p>O <a href=\"https:\/\/www.novaconcursos.com.br\/portal\/concursos-previstos\/ce\/\">concurso<\/a> recebeu do Governo do Cear\u00e1 um <strong>cr\u00e9dito suplementar<\/strong>, que est\u00e1 previsto na Lei Or\u00e7ament\u00e1ria Anual (LOA 2021), por isso a expectativa t\u00e3o grande da <strong>realiza\u00e7\u00e3o do certame<\/strong> este ano.<\/p>\n\n\n\n<p>O concurso Semace, que ocorrer\u00e1 em Fortaleza, teve recurso de <strong>R$ 200 mil<\/strong> liberado.<\/p>\n\n\n\n<h2 class=\"wp-block-heading\" id=\"ltimo-concurso\">\u00daltimo Concurso<\/h2>\n\n\n\n<p>O <strong>\u00faltimo edital<\/strong> teve como banca organizadora a Funcab (Funda\u00e7\u00e3o Professor Carlos Augusto Bittencourt), e foi liberado em 2009. Foram ofertadas <strong>122 vagas<\/strong> para cargos de <strong>n\u00edvel superior<\/strong>.<\/p>\n\n\n\n<p>O <strong>sal\u00e1rio inicial<\/strong> era de <strong>R$ 1.641,72<\/strong>. Por\u00e9m como bonifica\u00e7\u00f5es, o sal\u00e1rio poderia passar de <strong>R$ 2.400,00<\/strong>.<\/p>\n\n\n\n<p>O cargo de Fiscal exigiu dos candidatos ensino superior em uma das seguintes \u00e1reas: <\/p>\n\n\n\n<ul class=\"wp-block-list\"><li>Arquitetura;<\/li><li>Biologia;<\/li><li>Engenharia Agr\u00f4nomica, Ambiental, Civil, de Pesca, El\u00e9trica, Florestal, Qu\u00edmica e Sanit\u00e1ria;<\/li><li>Geografia;<\/li><li>Geologia;<\/li><li>Qu\u00edmica Industrial;<\/li><li>Tecnologia em Gest\u00e3o Ambiental, Processos Qu\u00edmicos ou Saneamento Ambiental.<\/li><\/ul><p><\/p>\n\n\n\n<p>Para <strong>al\u00e9m disso<\/strong>, os candidatos aos cargos de Fiscal e Gestor Ambiental passaram por <strong>2 fases<\/strong>, sendo a prova objetiva e o exame de t\u00edtulos. J\u00e1 o cargo oferecido de Procurador Aut\u00e1rquico passou por <strong>3 fases<\/strong>, acrescentado apenas a prova discursiva.<\/p>\n\n\n\n<p>Das provas objetivas para todos os cargos, foram cobradas <strong>60 quest\u00f5es<\/strong>, e as disciplinas foram:<\/p>\n\n\n\n<ul class=\"wp-block-list\"><li>L\u00edngua Portuguesa;<\/li><li>No\u00e7\u00f5es de Inform\u00e1tica;<\/li><li>Conhecimentos B\u00e1sicos;<\/li><li>Conhecimentos Espec\u00edficos.<\/li><\/ul><p><\/p>","protected":false},"excerpt":{"rendered":"<p>Nessa quinta-feira, 6 de maio, o governador do Cear\u00e1, Camilo Santana, confirmou a previs\u00e3o de um novo concurso Semace. Confira: Plano de Estudos Passo a Passo \u2013 guia GR\u00c1TIS \u201cEstamos avaliando tamb\u00e9m outros concursos. Para a Semace, por exemplo, devemos realizar este ano\u201d afirmou Camilo. Al\u00e9m disso, o governador falou sobre o concurso em outra [&hellip;]<\/p>\n","protected":false},"author":16,"featured_media":128483,"comment_status":"closed","ping_status":"closed","sticky":false,"template":"","format":"standard","meta":{"_acf_changed":false,"footnotes":"","_wp_rev_ctl_limit":""},"categories":[228],"tags":[37763,38423,3685,37608,2578,38426,115,38424,38425],"class_list":["post-131438","post","type-post","status-publish","format-standard","has-post-thumbnail","hentry","category-noticias","tag-camilo-santana","tag-cargos-do-concurso-semace","tag-ceara","tag-concurso-semace","tag-concursos-publicos","tag-edital-concurso-semace","tag-nova-concursos","tag-salario-concurso-semace","tag-vagas-concurso-semace"],"acf":[],"_links":{"self":[{"href":"https:\/\/www.novaconcursos.com.br\/portal\/wp-json\/wp\/v2\/posts\/131438","targetHints":{"allow":["GET"]}}],"collection":[{"href":"https:\/\/www.novaconcursos.com.br\/portal\/wp-json\/wp\/v2\/posts"}],"about":[{"href":"https:\/\/www.novaconcursos.com.br\/portal\/wp-json\/wp\/v2\/types\/post"}],"author":[{"embeddable":true,"href":"https:\/\/www.novaconcursos.com.br\/portal\/wp-json\/wp\/v2\/users\/16"}],"replies":[{"embeddable":true,"href":"https:\/\/www.novaconcursos.com.br\/portal\/wp-json\/wp\/v2\/comments?post=131438"}],"version-history":[{"count":3,"href":"https:\/\/www.novaconcursos.com.br\/portal\/wp-json\/wp\/v2\/posts\/131438\/revisions"}],"predecessor-version":[{"id":131447,"href":"https:\/\/www.novaconcursos.com.br\/portal\/wp-json\/wp\/v2\/posts\/131438\/revisions\/131447"}],"wp:featuredmedia":[{"embeddable":true,"href":"https:\/\/www.novaconcursos.com.br\/portal\/wp-json\/wp\/v2\/media\/128483"}],"wp:attachment":[{"href":"https:\/\/www.novaconcursos.com.br\/portal\/wp-json\/wp\/v2\/media?parent=131438"}],"wp:term":[{"taxonomy":"category","embeddable":true,"href":"https:\/\/www.novaconcursos.com.br\/portal\/wp-json\/wp\/v2\/categories?post=131438"},{"taxonomy":"post_tag","embeddable":true,"href":"https:\/\/www.novaconcursos.com.br\/portal\/wp-json\/wp\/v2\/tags?post=131438"}],"curies":[{"name":"wp","href":"https:\/\/api.w.org\/{rel}","templated":true}]}}