{"id":131544,"date":"2021-05-10T13:50:13","date_gmt":"2021-05-10T16:50:13","guid":{"rendered":"https:\/\/www.novaconcursos.com.br\/portal\/?p=131544"},"modified":"2021-05-10T13:50:18","modified_gmt":"2021-05-10T16:50:18","slug":"concurso-prf-gabaritos-preliminares-saem-amanha","status":"publish","type":"post","link":"https:\/\/www.novaconcursos.com.br\/portal\/noticias\/concurso-prf-gabaritos-preliminares-saem-amanha\/","title":{"rendered":"Concurso PRF: Gabaritos preliminares saem amanh\u00e3 (11)!"},"content":{"rendered":"<p>Com a <strong>aplica\u00e7\u00e3o das provas<\/strong> nesse domingo, 9 de maio, <strong>os gabaritos<\/strong> do <a href=\"https:\/\/www.novaconcursos.com.br\/portal\/concursos\/concurso-prf\/\">concurso PRF<\/a> j\u00e1 tem data prevista para divulga\u00e7\u00e3o. O Cebraspe afirma que, os gabaritos preliminares sair\u00e3o nesta ter\u00e7a-feira (11).<\/p>\n\n\n\n<ul class=\"wp-block-list\"><li><strong>Confira:<\/strong> <a href=\"https:\/\/www.novaconcursos.com.br\/eventos\/e-book-questoes-comentadas-cespe\/\" target=\"_blank\" rel=\"noreferrer noopener\" aria-label=\" (abre numa nova aba)\">Quest\u00f5es Comentadas CESPE \u2013 GR\u00c1TIS<\/a><\/li><\/ul><p><\/p>\n\n\n\n<p>Para consultar o documento quando este for liberado, o candidato poder\u00e1 <a rel=\"noreferrer noopener\" aria-label=\"acessar o site (abre numa nova aba)\" href=\"https:\/\/www.cebraspe.org.br\/concursos\/PRF_21\" target=\"_blank\">acessar o site<\/a> da banca e ver as respostas da prova objetiva. A prova discursiva dos candidatos ainda ser\u00e1 corrigida.<\/p>\n\n\n\n<ul class=\"wp-block-list\"><li><strong>Adquira: <\/strong><a href=\"https:\/\/www.novaconcursos.com.br\/concurso\/prf-policia-rodoviaria-federal\/apostila\">Apostilas concurso PRF<\/a><\/li><li><strong>Adquira:<\/strong> <a href=\"https:\/\/www.novaconcursos.com.br\/concurso\/prf-policia-rodoviaria-federal\/curso-online\">Cursos Online concurso PRF<\/a><\/li><\/ul><p><\/p>\n\n\n\n<h2 class=\"wp-block-heading\" id=\"gabaritos-do-concurso-prf\">Gabaritos do concurso PRF<\/h2>\n\n\n\n<p>O <strong>novo cronograma<\/strong> divulgado pela Cebraspe, ap\u00f3s suspens\u00e3o das provas em mar\u00e7o, traz informa\u00e7\u00f5es sobre a <strong>entrada de recursos<\/strong> contra o gabarito da prova.<\/p>\n\n\n\n<p>Conforme o Cebraspe, os candidatos poder\u00e3o entrar com recursos contra os gabaritos nos dias <strong>12 e 13 de maio<\/strong>.<\/p>\n\n\n\n<p>De acordo com a banca, um Sistema Eletr\u00f4nico de Interposi\u00e7\u00e3o de Recurso <strong>estar\u00e1 dispon\u00edvel<\/strong> no site para que se entre com o recurso. <strong>Aten\u00e7\u00e3o<\/strong>, essa \u00e9 a \u00fanica forma de entrar com recurso contra os gabaritos.<\/p>\n\n\n\n<p>Recursos via fax, requerimento administrativa ou at\u00e9 via postal e correio eletr\u00f4nico fora do prazo, <strong>n\u00e3o ser\u00e3o aceitos<\/strong>.<\/p>\n\n\n\n<p>Al\u00e9m disso, mais datas das <strong>pr\u00f3ximas etapas<\/strong> do <a href=\"https:\/\/www.novaconcursos.com.br\/portal\/concursos-abertos\/nacional\/\">concurso<\/a> j\u00e1 foram confirmadas. Confira abaixo:<\/p>\n\n\n\n<ul class=\"wp-block-list\"><li>Resultado final da prova objetiva e provis\u00f3rio da prova discursiva: 28 de maio;<\/li><li>Per\u00edodo de interposi\u00e7\u00e3o de recursos contra resultado da prova discursiva \u2013 31 de maio e 1\u00ba de junho;<\/li><li>Resultado final da prova discursiva e chamada para exame de aptid\u00e3o f\u00edsica, preenchimento da FIP e para avalia\u00e7\u00e3o psicol\u00f3gica \u2013 14 de junho;<\/li><li>Envio da documenta\u00e7\u00e3o necess\u00e1ria \u00e0 matr\u00edcula no Curso de Forma\u00e7\u00e3o Policial \u2013 15 de junho;<\/li><li>Preenchimento da FIP \u2013 15 a 21 de junho;<\/li><li>Exame de aptid\u00e3o f\u00edsica \u2013 19 e 20 de junho;<\/li><li>Exame de avalia\u00e7\u00e3o psicol\u00f3gica \u2013 27 de junho;<\/li><li>Envio da documenta\u00e7\u00e3o para comprova\u00e7\u00e3o de t\u00edtulos \u2013 22 e 23 de julho;<\/li><li>Envio de exames laboratoriais \u2013 22 de julho a 2 de agosto;<\/li><li>Procedimento de heteroidentifica\u00e7\u00e3o para candidatos negros \u2013 31 de julho a 1\u00ba de agosto;<\/li><li>Avalia\u00e7\u00e3o biopsicossocial \u2013 8 de agosto;<\/li><li>Avalia\u00e7\u00e3o M\u00e9dica \u2013 31 de julho e 1\u00ba de agosto.<\/li><\/ul><p><\/p>\n\n\n\n<h2 class=\"wp-block-heading\" id=\"o-que-caiu-na-prova-do-concurso-prf\">O que caiu na prova do concurso PRF?<\/h2>\n\n\n\n<p>As <strong>provas objetivas<\/strong> que foram aplicadas nesse domingo, contaram com <strong>120 quest\u00f5es<\/strong> de m\u00faltipla escolha, e aconteceram por todo o Brasil.<\/p>\n\n\n\n<p>Al\u00e9m disso, a prova discursiva foi uma reda\u00e7\u00e3o. A <strong>dura\u00e7\u00e3o da prova <\/strong>foi de 4h30m e aconteceu durante a tarde. Veja as disciplinas cobradas pela prova:<\/p>\n\n\n\n<ul class=\"wp-block-list\"><li>L\u00edngua Portuguesa;<\/li><li>Racioc\u00ednio L\u00f3gico-Matem\u00e1tico;<\/li><li>Inform\u00e1tica;<\/li><li>No\u00e7\u00f5es de F\u00edsica;<\/li><li>\u00c9tica no Servi\u00e7o P\u00fablico;<\/li><li>Geopol\u00edtica Brasileira;<\/li><li>L\u00edngua Estrangeira (Ingl\u00eas ou Espanhol);<\/li><li>Legisla\u00e7\u00e3o de Tr\u00e2nsito;<\/li><li>No\u00e7\u00f5es de Direito Administrativo, Constitucional, Penal, Processual Penal;<\/li><li>Legisla\u00e7\u00e3o Especial;<\/li><li>Direitos Humanos e Cidadania.<\/li><\/ul><p><\/p>\n\n\n\n<p>Os aprovados no exame objetivo tinham que conseguir pelo menos <strong>75 pontos<\/strong> na prova em geral.<\/p>\n\n\n\n<p>J\u00e1 a <strong>prova discursiva<\/strong> foi constitu\u00edda por uma reda\u00e7\u00e3o dissertativa, com no m\u00e1ximo 30 linhas. O aprovado na reda\u00e7\u00e3o, ser\u00e1 aquele que de 20 pontos totais, conseguir <strong>10 pontos<\/strong>. <\/p>\n\n\n\n<h2 class=\"wp-block-heading\" id=\"edital-do-concurso\">Edital do concurso<\/h2>\n\n\n\n<p>O <a href=\"https:\/\/cdn.cebraspe.org.br\/concursos\/PRF_21\/arquivos\/ED_1_PRF_2021_ABERTURA.PDF\" target=\"_blank\" rel=\"noreferrer noopener\" aria-label=\"edital d (abre numa nova aba)\">edital<\/a> do <a href=\"https:\/\/www.novaconcursos.com.br\/portal\/concursos-previstos\/nacional\/\">concurso<\/a> PRF ofertou <strong>1.500 vagas<\/strong> para Policial Rodovi\u00e1rio Federal neste ano.<\/p>\n\n\n\n<p>As vagas <strong>foram divididas<\/strong> em 1.175 oportunidades para Ampla Concorr\u00eancia, 300 vagas para Negros e 75 vagas para PCD.<\/p>\n\n\n\n<p>Para participar, o candidato precisa ter <strong>ensino superior<\/strong> em qualquer \u00e1rea, al\u00e9m de <strong>CNH<\/strong> de categoria \u201cB\u201d ou superior.<\/p>\n\n\n\n<p>Al\u00e9m disso, a <strong>idade m\u00ednima<\/strong> para concorrer ao cargo, \u00e9 de 18 anos, e a <strong>idade m\u00e1xima <\/strong>de 65 anos. O concurso <strong>n\u00e3o teve<\/strong> restri\u00e7\u00e3o de sexo, podendo ter concorrido tanto homens como mulheres.<\/p>\n\n\n\n<p><strong>O sal\u00e1rio<\/strong> de um PRF \u00e9 de <strong>R$ 10.357,88<\/strong> j\u00e1 incluso no valor o aux\u00edlio alimenta\u00e7\u00e3o de <strong>R$ 458<\/strong>. Com carga de trabalho de <strong>40 horas semanais<\/strong>.<\/p>\n\n\n\n<p>Ademais o regime de contrata\u00e7\u00e3o do concurso <strong>\u00e9 estatut\u00e1rio<\/strong>, o que garante <strong>maior estabilidade<\/strong> ao servidor. <\/p>","protected":false},"excerpt":{"rendered":"<p>Com a aplica\u00e7\u00e3o das provas nesse domingo, 9 de maio, os gabaritos do concurso PRF j\u00e1 tem data prevista para divulga\u00e7\u00e3o. O Cebraspe afirma que, os gabaritos preliminares sair\u00e3o nesta ter\u00e7a-feira (11). Confira: Quest\u00f5es Comentadas CESPE \u2013 GR\u00c1TIS Para consultar o documento quando este for liberado, o candidato poder\u00e1 acessar o site da banca e [&hellip;]<\/p>\n","protected":false},"author":16,"featured_media":126271,"comment_status":"closed","ping_status":"closed","sticky":false,"template":"","format":"standard","meta":{"_acf_changed":false,"footnotes":"","_wp_rev_ctl_limit":""},"categories":[228],"tags":[38459,34453,6524,2578,38461,38460,38458,115,34237,38462],"class_list":["post-131544","post","type-post","status-publish","format-standard","has-post-thumbnail","hentry","category-noticias","tag-cargos-concurso-prf","tag-cebraspe","tag-concurso-prf","tag-concursos-publicos","tag-edital-concurso-prf-2021","tag-etapas-do-concurso-prf","tag-gabaritos-concurso-prf","tag-nova-concursos","tag-provas-do-concurso-prf","tag-salarios-policia-rodoviaria-federal"],"acf":[],"_links":{"self":[{"href":"https:\/\/www.novaconcursos.com.br\/portal\/wp-json\/wp\/v2\/posts\/131544","targetHints":{"allow":["GET"]}}],"collection":[{"href":"https:\/\/www.novaconcursos.com.br\/portal\/wp-json\/wp\/v2\/posts"}],"about":[{"href":"https:\/\/www.novaconcursos.com.br\/portal\/wp-json\/wp\/v2\/types\/post"}],"author":[{"embeddable":true,"href":"https:\/\/www.novaconcursos.com.br\/portal\/wp-json\/wp\/v2\/users\/16"}],"replies":[{"embeddable":true,"href":"https:\/\/www.novaconcursos.com.br\/portal\/wp-json\/wp\/v2\/comments?post=131544"}],"version-history":[{"count":4,"href":"https:\/\/www.novaconcursos.com.br\/portal\/wp-json\/wp\/v2\/posts\/131544\/revisions"}],"predecessor-version":[{"id":131556,"href":"https:\/\/www.novaconcursos.com.br\/portal\/wp-json\/wp\/v2\/posts\/131544\/revisions\/131556"}],"wp:featuredmedia":[{"embeddable":true,"href":"https:\/\/www.novaconcursos.com.br\/portal\/wp-json\/wp\/v2\/media\/126271"}],"wp:attachment":[{"href":"https:\/\/www.novaconcursos.com.br\/portal\/wp-json\/wp\/v2\/media?parent=131544"}],"wp:term":[{"taxonomy":"category","embeddable":true,"href":"https:\/\/www.novaconcursos.com.br\/portal\/wp-json\/wp\/v2\/categories?post=131544"},{"taxonomy":"post_tag","embeddable":true,"href":"https:\/\/www.novaconcursos.com.br\/portal\/wp-json\/wp\/v2\/tags?post=131544"}],"curies":[{"name":"wp","href":"https:\/\/api.w.org\/{rel}","templated":true}]}}