{"id":132010,"date":"2021-05-13T13:35:07","date_gmt":"2021-05-13T16:35:07","guid":{"rendered":"https:\/\/www.novaconcursos.com.br\/portal\/?p=132010"},"modified":"2021-05-13T13:35:10","modified_gmt":"2021-05-13T16:35:10","slug":"ufpb-tramites-para-novo-edital-iniciados","status":"publish","type":"post","link":"https:\/\/www.novaconcursos.com.br\/portal\/noticias\/ufpb-tramites-para-novo-edital-iniciados\/","title":{"rendered":"Concurso UFPB: Tr\u00e2mites para novo edital j\u00e1 foram iniciados!"},"content":{"rendered":"<p>Boa not\u00edcia concurseiros! Um novo <a href=\"https:\/\/www.novaconcursos.com.br\/portal\/concursos\/concurso-ufpb\/\">concurso UFPB<\/a> (Universidade Federal da Para\u00edba) j\u00e1 <strong>iniciou os tr\u00e2mites <\/strong>para ter um novo edital publicado. A informa\u00e7\u00e3o foi confirmada pelo reitor da Universidade, <strong>Valdiney Gouveia.<\/strong> <\/p>\n\n\n\n<ul class=\"wp-block-list\"><li><strong>Confira:<\/strong> <a rel=\"noreferrer noopener\" aria-label=\"Guia Racioc\u00ednio L\u00f3gico para Concursos (Gr\u00e1tis) (abre numa nova aba)\" href=\"https:\/\/www.novaconcursos.com.br\/eventos\/raciocinio-logico-concursos\/\" target=\"_blank\">Guia Racioc\u00ednio L\u00f3gico para Concursos (Gr\u00e1tis)<\/a><\/li><\/ul><p><\/p>\n\n\n\n<h2 class=\"wp-block-heading\" id=\"concurso-ufpb-previso-de-vagas-no-novo-edital\">Concurso UFPB: previs\u00e3o de vagas no novo edital<\/h2>\n\n\n\n<p>Segundo o reitor, os estudos para a realiza\u00e7\u00e3o de um novo concurso j\u00e1 foram iniciados. A informa\u00e7\u00e3o foi confirmada por <strong>Valdiney Gouveia<\/strong> durante entrevista a um jornal local, nesta quarta-feira (12). <\/p>\n\n\n\n<ul class=\"wp-block-list\"><li><strong>Adquira: <\/strong><a href=\"https:\/\/www.novaconcursos.com.br\/concurso\/ufpb-universidade-federal-da-paraiba\/apostila\">Apostila completa concurso UFPB<\/a><\/li><\/ul><p><\/p>\n\n\n\n<p>Ele afirmou que atualmente existem <strong>mais de mil funcion\u00e1rios acima dos 60 anos<\/strong> na institui\u00e7\u00e3o e que, por isso, a inten\u00e7\u00e3o \u00e9 de renovar os quadros.<\/p>\n\n\n\n<p>Al\u00e9m disso, o reitor da universidade garantiu aos concurseiros que somente <strong>vagas que estejam em car\u00eancia<\/strong> \u00e9 que ser\u00e3o ofertadas no novo certame. <\/p>\n\n\n\n<p><em>\u201cAinda n\u00e3o podemos precisar se o concurso vai acontecer no primeiro ou no segundo semestre, pois existem tr\u00e2mites ainda em curso\u201d<\/em>, disse.<\/p>\n\n\n\n<p>Agora, ap\u00f3s iniciar os estudos para publica\u00e7\u00e3o de um edital, a universidade dever\u00e1 realizar o <strong>levantamento dos cargos, vagas e or\u00e7amento<\/strong> necess\u00e1rio para as novas contrata\u00e7\u00f5es.<\/p>\n\n\n\n<p>A previs\u00e3o \u00e9 de que sejam ofertadas vagas para <strong>Professores e Servidores<\/strong> em 2022. O n\u00famero de vagas, por\u00e9m, ainda n\u00e3o foi revelado.<\/p>\n\n\n\n<h2 class=\"wp-block-heading\" id=\"o-que-mais-disse-o-reitor\">O que mais disse o reitor?<\/h2>\n\n\n\n<p>Posteriormente, o reitor ainda comentou sobre o Concurso vigente <strong>realizado em 2018<\/strong>, em que a UF da <a href=\"https:\/\/www.novaconcursos.com.br\/portal\/concursos-previstos\/pb\/\">Para\u00edba <\/a>aguarda autoriza\u00e7\u00e3o do Minist\u00e9rio da Educa\u00e7\u00e3o (MEC) para nomea\u00e7\u00f5es de mais aprovados no certame.<\/p>\n\n\n\n<p><em>\u201cHavendo vagas, vamos chamar, at\u00e9 acabarem todas as vagas. Quando preencherem todas as vagas, ent\u00e3o, no pr\u00f3ximo ano pretendemos fazer concurso. J\u00e1 pedimos \u00e0 Pr\u00f3-reitora de Gest\u00e3o de Pessoas, Profa. Rita Pereira, para dar andamento, de forma a conseguirmos fazer um concurso no pr\u00f3ximo ano\u201d<\/em>, adiantou.<\/p>\n\n\n\n<p>Entretanto, a universidade n\u00e3o divulgou quantos <strong>aprovados da sele\u00e7\u00e3o<\/strong> de 2018 ainda aguardam nomea\u00e7\u00e3o.<\/p>\n\n\n\n<p>Durante a transmiss\u00e3o ao vivo, o reitor destacou tamb\u00e9m os <strong>resultados e desafios<\/strong> enfrentados pela universidade durante o<strong> \u00faltimo semestre<\/strong>. Ele citou a ajuda da UFPB no combate\u00a0aos impactos da pandemia causada pelo novo\u00a0Coronav\u00edrus.<\/p>\n\n\n\n<p><em>\u201cMesmo na pandemia, estamos produzindo\u00a0solu\u00e7\u00f5es, como o\u00a0ventilador pulmonar, teste\u00a0r\u00e1pido\u00a0para Covid-19 e a m\u00e1scara que uso \u2013 antiviral, de baixo custo e\u00a0nanotecnologia\u00a0\u2013\u00a0com\u00a099% de efic\u00e1cia\u201d,<\/em>\u00a0disse.<\/p>\n\n\n\n<h2 class=\"wp-block-heading\" id=\"h-concurso-ufpb-detalhes-do-ltimo-edital\">\u00daltimo concurso UFPB<\/h2>\n\n\n\n<p>Publicado em 2018, o \u00faltimo concurso da Universidade Federal da <a href=\"https:\/\/www.novaconcursos.com.br\/portal\/concursos-abertos\/pb\/\">Para\u00edba <\/a>contou com a oferta de <strong>131 vagas,<\/strong> para preenchimento no cargo de T\u00e9cnico Administrativo. <\/p>\n\n\n\n<p>As oportunidades foram distribu\u00eddas entre carreiras\u00a0de\u00a0n\u00edveis m\u00e9dio, t\u00e9cnico e superior. As<strong> vagas foram destinadas<\/strong> para\u00a0os quatro campi da universidade.\u00a0<\/p>\n\n\n\n<p>Quase <strong>75 mil pessoas <\/strong>realizaram inscri\u00e7\u00e3o para disputar as vagas. Para se candidatar foi preciso ter apenas o n\u00edvel m\u00e9dio completo. <\/p>\n\n\n\n<p>Os candidatos foram avaliados com provas objetivas, sob organiza\u00e7\u00e3o do Instituto AOCP.\u00a0As a<strong>valia\u00e7\u00f5es foram aplicadas<\/strong> em dois turnos, nas cidades de Jo\u00e3o Pessoa, Mamanguape, Rio Tinto, Bananeiras e Areia, na Para\u00edba, em abril de 2019.<\/p>","protected":false},"excerpt":{"rendered":"<p>Boa not\u00edcia concurseiros! Um novo concurso UFPB (Universidade Federal da Para\u00edba) j\u00e1 iniciou os tr\u00e2mites para ter um novo edital publicado. A informa\u00e7\u00e3o foi confirmada pelo reitor da Universidade, Valdiney Gouveia. Confira: Guia Racioc\u00ednio L\u00f3gico para Concursos (Gr\u00e1tis) Concurso UFPB: previs\u00e3o de vagas no novo edital Segundo o reitor, os estudos para a realiza\u00e7\u00e3o de [&hellip;]<\/p>\n","protected":false},"author":54671,"featured_media":132015,"comment_status":"closed","ping_status":"closed","sticky":false,"template":"","format":"standard","meta":{"_acf_changed":false,"footnotes":"","_wp_rev_ctl_limit":""},"categories":[228],"tags":[34497,15182,3726,198,2578,35387,35880,34499,15277],"class_list":["post-132010","post","type-post","status-publish","format-standard","has-post-thumbnail","hentry","category-noticias","tag-certame-ufpb","tag-concurso-ufpb","tag-concursos-abertos","tag-concursos-previstos","tag-concursos-publicos","tag-inscricoes-do-concurso-ufpb","tag-inscricoes-encerrando-concurso-ufpb","tag-ufpb","tag-universidade-federal-da-paraiba"],"acf":[],"_links":{"self":[{"href":"https:\/\/www.novaconcursos.com.br\/portal\/wp-json\/wp\/v2\/posts\/132010","targetHints":{"allow":["GET"]}}],"collection":[{"href":"https:\/\/www.novaconcursos.com.br\/portal\/wp-json\/wp\/v2\/posts"}],"about":[{"href":"https:\/\/www.novaconcursos.com.br\/portal\/wp-json\/wp\/v2\/types\/post"}],"author":[{"embeddable":true,"href":"https:\/\/www.novaconcursos.com.br\/portal\/wp-json\/wp\/v2\/users\/54671"}],"replies":[{"embeddable":true,"href":"https:\/\/www.novaconcursos.com.br\/portal\/wp-json\/wp\/v2\/comments?post=132010"}],"version-history":[{"count":4,"href":"https:\/\/www.novaconcursos.com.br\/portal\/wp-json\/wp\/v2\/posts\/132010\/revisions"}],"predecessor-version":[{"id":132108,"href":"https:\/\/www.novaconcursos.com.br\/portal\/wp-json\/wp\/v2\/posts\/132010\/revisions\/132108"}],"wp:featuredmedia":[{"embeddable":true,"href":"https:\/\/www.novaconcursos.com.br\/portal\/wp-json\/wp\/v2\/media\/132015"}],"wp:attachment":[{"href":"https:\/\/www.novaconcursos.com.br\/portal\/wp-json\/wp\/v2\/media?parent=132010"}],"wp:term":[{"taxonomy":"category","embeddable":true,"href":"https:\/\/www.novaconcursos.com.br\/portal\/wp-json\/wp\/v2\/categories?post=132010"},{"taxonomy":"post_tag","embeddable":true,"href":"https:\/\/www.novaconcursos.com.br\/portal\/wp-json\/wp\/v2\/tags?post=132010"}],"curies":[{"name":"wp","href":"https:\/\/api.w.org\/{rel}","templated":true}]}}