{"id":132020,"date":"2021-05-14T10:47:01","date_gmt":"2021-05-14T13:47:01","guid":{"rendered":"https:\/\/www.novaconcursos.com.br\/portal\/?p=132020"},"modified":"2021-05-14T10:47:04","modified_gmt":"2021-05-14T13:47:04","slug":"concurso-pc-rn-retomada-certame-2-semestre","status":"publish","type":"post","link":"https:\/\/www.novaconcursos.com.br\/portal\/noticias\/concurso-pc-rn-retomada-certame-2-semestre\/","title":{"rendered":"Concurso PC RN: Retomada do certame ocorrer\u00e1 no 2\u00ba semestre!"},"content":{"rendered":"<p>O <a href=\"https:\/\/www.novaconcursos.com.br\/portal\/concursos\/concurso-pc-rn\/\">concurso PC RN<\/a> (Pol\u00edcia Civil do Rio Grande do Norte) <strong>deve ser retomado<\/strong> apenas no 2\u00ba semestre, afirma a delegada-geral, Ana Cl\u00e1udia Saraiva. O an\u00fancio foi feito na \u00faltima segunda-feira, 10 de maio.<\/p>\n\n\n\n<ul class=\"wp-block-list\"><li><strong>Confira:<\/strong> <a rel=\"noreferrer noopener\" aria-label=\" (abre numa nova aba)\" href=\"https:\/\/www.novaconcursos.com.br\/eventos\/matematica-concursos\/\" target=\"_blank\">Matem\u00e1tica para Concursos \u2013 guia GR\u00c1TIS<\/a><\/li><\/ul><p><\/p>\n\n\n\n<p>A afirma\u00e7\u00e3o aconteceu durante uma reuni\u00e3o com a Secretaria P\u00fablica do estado, para esclarecer que <strong>o atraso do concurso<\/strong> atrasaria a <strong>abertura de novas delegacias<\/strong> pelo RN.<\/p>\n\n\n\n<p>S\u00f3 ap\u00f3s o concurso p\u00fablico, <strong>ser\u00e1 poss\u00edvel a abertura<\/strong> dessas delegacias, afirma a delegada-geral, e assim <strong>ser\u00e1 vi\u00e1vel<\/strong> atender a classe pol\u00edtica de Serid\u00f3.<\/p>\n\n\n\n<ul class=\"wp-block-list\"><li><strong>Adquira: <\/strong><a href=\"https:\/\/www.novaconcursos.com.br\/concurso\/pc-rn\/apostila\">Apostilas concurso PC RN<\/a><\/li><li><strong>Adquira:<\/strong> <a href=\"https:\/\/www.novaconcursos.com.br\/concurso\/pc-rn\/curso-online\">Curso Online concurso PC RN<\/a><\/li><\/ul><p><\/p>\n\n\n\n<h2 class=\"wp-block-heading\" id=\"edital-do-concurso-pc-rn-foi-suspenso\">Edital do concurso PC RN foi suspenso<\/h2>\n\n\n\n<p>As provas <strong>est\u00e3o suspensas desde mar\u00e7o<\/strong>. A decis\u00e3o de adiar o <a href=\"https:\/\/www.novaconcursos.com.br\/portal\/concursos-abertos\/rn\/\">concurso<\/a> aconteceu <strong>em raz\u00e3o da pandemia<\/strong> do novo coronav\u00edrus no pa\u00eds e no Rio Grande do Norte.<\/p>\n\n\n\n<p>A banca organizadora do certame \u00e9 a FGV (Funda\u00e7\u00e3o Get\u00falio Vargas), e o edital divulgado oferta <strong>301 vagas imediatas<\/strong>, a sele\u00e7\u00e3o tinha sido divulgada ainda em 2020.<\/p>\n\n\n\n<p>Entre as oportunidades, foram <strong>abertas vagas para<\/strong> as carreiras de Delegado, Agente e Escriv\u00e3o. O <strong>sal\u00e1rio inicial<\/strong>, ultrapassa os <strong>R$ 16 mil<\/strong> de acordo com o cargo pretendido. Os cargos s\u00e3o de <strong>n\u00edvel superior<\/strong> de forma\u00e7\u00e3o em qualquer \u00e1rea.<\/p>\n\n\n\n<p>Seriam divididos da seguinte forma: <strong>47 vagas<\/strong> para Delegado, <strong>230 vagas<\/strong> para Agente e <strong>24 vagas <\/strong>para Escriv\u00e3o.<\/p>\n\n\n\n<p><em>\u201cA Pol\u00edcia Civil do Rio Grande do Norte informa que, ap\u00f3s reuni\u00e3o extraordin\u00e1ria realizada nesta segunda-feira (22), a Comiss\u00e3o Especial do Concurso P\u00fablico da Pol\u00edcia Civil decidiu por unanimidade pelo adiamento das provas, aprazadas para os dias 07 e 14 de mar\u00e7o, em face do agravamento dos indicadores da pandemia, conforme dados estat\u00edsticos e an\u00e1lise por parte do Comit\u00ea de Especialistas da Secretaria Estadual de Sa\u00fade P\u00fablica. A Comiss\u00e3o continuar\u00e1 vigilante e atenta \u00e0 mudan\u00e7a dos fatos ensejadores da decis\u00e3o atual, para que, t\u00e3o logo a situa\u00e7\u00e3o da pandemia seja estabilizada no estado, o processo seletivo tenha prosseguimento, o qual \u00e9 do total interesse da Pol\u00edcia Civil\u201d<\/em> informou a PC RN.<\/p>\n\n\n\n<h2 class=\"wp-block-heading\" id=\"ltimo-concurso\">\u00daltimo concurso<\/h2>\n\n\n\n<p>O <a rel=\"noreferrer noopener\" aria-label=\" (abre numa nova aba)\" href=\"http:\/\/www.cespe.unb.br\/concursos\/PCRN2008\/arquivos\/ED_1_2008_PCRN_ABT.PDF\" target=\"_blank\">\u00faltimo edital<\/a> foi feito em 2008, e o <a href=\"https:\/\/www.novaconcursos.com.br\/portal\/concursos-previstos\/rn\/\">concurso p\u00fablico<\/a> foi organizado pelo Cebraspe. Foram oferecidas <strong>438 vagas<\/strong> na \u00e9poca, para os cargos de Delegado, Escriv\u00e3o e Agente.<\/p>\n\n\n\n<p>Na ocasi\u00e3o, <strong>os sal\u00e1rios<\/strong> variavam de <strong>R$ 2.085,78 a R$ 7.957,18<\/strong>. Com jornadas de trabalho de 40 horas semanais.<\/p>\n\n\n\n<p>As vagas para o concurso, ficaram distribu\u00eddas entre os seguintes cargos: <strong>107 vagas<\/strong> para Escriv\u00e3o, <strong>263 vagas<\/strong> para Agente e <strong>68 vagas<\/strong> para Delegado.<\/p>\n\n\n\n<p>Ainda, o concurso foi feito em <strong>6 etapas<\/strong>, sendo elas: Prova Objetiva, Prova Discursiva, Avalia\u00e7\u00e3o F\u00edsica (apenas para Escriv\u00e3o e Agente), Prova Pr\u00e1tica (apenas para Delegado), Exame Psicot\u00e9cnico e Curso de Forma\u00e7\u00e3o.<\/p>\n\n\n\n<p>Al\u00e9m disso, a<strong> prova objetiva<\/strong> contou com<strong> 100 quest\u00f5es<\/strong> e foi de car\u00e1ter eliminat\u00f3rio e classificat\u00f3rio. Os candidatos tinham at\u00e9 5 horas para realizar as provas.<\/p>\n\n\n\n<p>Das disciplinas comuns a todos os cargos, foram cobradas as seguintes:<\/p>\n\n\n\n<ul class=\"wp-block-list\"><li>Habilidades;<\/li><li>L\u00edngua Portuguesa;<\/li><li>No\u00e7\u00f5es de Inform\u00e1tica;<\/li><li>Atualidades;<\/li><li>Conhecimentos Espec\u00edficos.<\/li><\/ul><p><\/p>","protected":false},"excerpt":{"rendered":"<p>O concurso PC RN (Pol\u00edcia Civil do Rio Grande do Norte) deve ser retomado apenas no 2\u00ba semestre, afirma a delegada-geral, Ana Cl\u00e1udia Saraiva. O an\u00fancio foi feito na \u00faltima segunda-feira, 10 de maio. Confira: Matem\u00e1tica para Concursos \u2013 guia GR\u00c1TIS A afirma\u00e7\u00e3o aconteceu durante uma reuni\u00e3o com a Secretaria P\u00fablica do estado, para esclarecer [&hellip;]<\/p>\n","protected":false},"author":16,"featured_media":124496,"comment_status":"closed","ping_status":"closed","sticky":false,"template":"","format":"standard","meta":{"_acf_changed":false,"footnotes":"","_wp_rev_ctl_limit":""},"categories":[228],"tags":[38612,22161,2578,36610,115,6986,38613,38614,27750],"class_list":["post-132020","post","type-post","status-publish","format-standard","has-post-thumbnail","hentry","category-noticias","tag-cargos-concurso-pc-rn","tag-concurso-pc-rn","tag-concursos-publicos","tag-edital-concurso-pc-rn","tag-nova-concursos","tag-rio-grande-do-norte","tag-salario-concurso-pc-rn","tag-ultimo-concurso-pc-rn","tag-vagas-concurso-pc-rn"],"acf":[],"_links":{"self":[{"href":"https:\/\/www.novaconcursos.com.br\/portal\/wp-json\/wp\/v2\/posts\/132020","targetHints":{"allow":["GET"]}}],"collection":[{"href":"https:\/\/www.novaconcursos.com.br\/portal\/wp-json\/wp\/v2\/posts"}],"about":[{"href":"https:\/\/www.novaconcursos.com.br\/portal\/wp-json\/wp\/v2\/types\/post"}],"author":[{"embeddable":true,"href":"https:\/\/www.novaconcursos.com.br\/portal\/wp-json\/wp\/v2\/users\/16"}],"replies":[{"embeddable":true,"href":"https:\/\/www.novaconcursos.com.br\/portal\/wp-json\/wp\/v2\/comments?post=132020"}],"version-history":[{"count":4,"href":"https:\/\/www.novaconcursos.com.br\/portal\/wp-json\/wp\/v2\/posts\/132020\/revisions"}],"predecessor-version":[{"id":132163,"href":"https:\/\/www.novaconcursos.com.br\/portal\/wp-json\/wp\/v2\/posts\/132020\/revisions\/132163"}],"wp:featuredmedia":[{"embeddable":true,"href":"https:\/\/www.novaconcursos.com.br\/portal\/wp-json\/wp\/v2\/media\/124496"}],"wp:attachment":[{"href":"https:\/\/www.novaconcursos.com.br\/portal\/wp-json\/wp\/v2\/media?parent=132020"}],"wp:term":[{"taxonomy":"category","embeddable":true,"href":"https:\/\/www.novaconcursos.com.br\/portal\/wp-json\/wp\/v2\/categories?post=132020"},{"taxonomy":"post_tag","embeddable":true,"href":"https:\/\/www.novaconcursos.com.br\/portal\/wp-json\/wp\/v2\/tags?post=132020"}],"curies":[{"name":"wp","href":"https:\/\/api.w.org\/{rel}","templated":true}]}}