{"id":132342,"date":"2021-05-17T15:34:47","date_gmt":"2021-05-17T18:34:47","guid":{"rendered":"https:\/\/www.novaconcursos.com.br\/portal\/?p=132342"},"modified":"2021-05-17T15:37:33","modified_gmt":"2021-05-17T18:37:33","slug":"concurso-pf-candidato-entra-com-acao-favor-da-prova","status":"publish","type":"post","link":"https:\/\/www.novaconcursos.com.br\/portal\/noticias\/concurso-pf-candidato-entra-com-acao-favor-da-prova\/","title":{"rendered":"Concurso Pol\u00edcia Federal: Candidato entra a favor da prova!"},"content":{"rendered":"<p>A AGU (Advocacia-Geral da Uni\u00e3o) entrou nos processos de <strong>pedido de suspens\u00e3o<\/strong> da prova do <a href=\"https:\/\/www.novaconcursos.com.br\/portal\/concursos\/concurso-policia-federal\/\">concurso PF<\/a>. Tamb\u00e9m, um candidato entrou com <strong>pedido favor\u00e1vel para a realiza\u00e7\u00e3o<\/strong> do concurso p\u00fablico.<\/p>\n\n\n\n<ul class=\"wp-block-list\"><li><strong>Confira: <\/strong><a rel=\"noreferrer noopener\" aria-label=\"Quest\u00f5es Comentadas CESPE - GR\u00c1TIS (abre numa nova aba)\" href=\"https:\/\/www.novaconcursos.com.br\/eventos\/e-book-questoes-comentadas-cespe\/\" target=\"_blank\">Quest\u00f5es Comentadas CESPE \u2013 GR\u00c1TIS<\/a><\/li><\/ul><p><\/p>\n\n\n\n<p>O Advogado, Jos\u00e9 Moura Neto, fez uma live nesse domingo, 16 de maio, em seu <em>Instagram<\/em> para explicar os processos do caso.<\/p>\n\n\n\n<p>A Advocacia se manifestou, segundo Neto, no s\u00e1bado de manh\u00e3 e alegou <strong>\u201cpreven\u00e7\u00e3o\u201d<\/strong> entre a <strong>a\u00e7\u00e3o popular atual<\/strong> e uma a\u00e7\u00e3o popular que est\u00e1 em processo desde fevereiro, em S\u00e3o Paulo.<\/p>\n\n\n\n<p>O jurista disse n\u00e3o haver uma<strong> \u201cpreven\u00e7\u00e3o\u201d<\/strong>, j\u00e1 que as causas s\u00e3o diferentes. A primeira, impugnava o edital.<\/p>\n\n\n\n<p>De acordo com o Advogado, os <strong>prazos s\u00e3o diferentes<\/strong> tamb\u00e9m. A atual a\u00e7\u00e3o popular <strong>pede suspens\u00e3o <\/strong>at\u00e9 a situa\u00e7\u00e3o da pandemia se amenizar, <strong>enquanto a primeira a\u00e7\u00e3o<\/strong>, pede suspens\u00e3o por tempo indeterminado.<\/p>\n\n\n\n<ul class=\"wp-block-list\"><li><strong>Adquira: <\/strong><a href=\"https:\/\/www.novaconcursos.com.br\/concurso\/pf-policia-federal\/apostila\">Apostilas concurso PF<\/a><\/li><li><strong>Adquira:<\/strong> <a href=\"https:\/\/www.novaconcursos.com.br\/concurso\/pf-policia-federal\/curso-online\">Cursos Online concurso PF<\/a><\/li><\/ul><p><\/p>\n\n\n\n<h2 class=\"wp-block-heading\" id=\"suspenso-do-concurso-pf\">Suspens\u00e3o do concurso PF<\/h2>\n\n\n\n<p>Como \u00e9 uma a\u00e7\u00e3o popular, Moura Neto explica que <strong>qualquer um pode entrar com a\u00e7\u00e3o <\/strong>contra ou a favor do <a href=\"https:\/\/www.novaconcursos.com.br\/portal\/concursos-abertos\/nacional\/\">concurso p\u00fablico<\/a>.<\/p>\n\n\n\n<p>O candidato que entrou com <strong>recurso favor\u00e1vel <\/strong>\u00e0 realiza\u00e7\u00e3o do certame, alega que a suspens\u00e3o <strong>pode acarretar grave les\u00e3o<\/strong> \u00e0 economia p\u00fablica.<\/p>\n\n\n\n<p>O Advogado j\u00e1 disse que <strong>vai lutar pelo adiamento<\/strong> do concurso, inclusive pela <strong>anula\u00e7\u00e3o da prova da PRF<\/strong>. Al\u00e9m disso, um argumento a favor dele \u00e9 de que <strong>uma candidata pegou<\/strong> coronav\u00edrus ap\u00f3s a prova da Pol\u00edcia Rodovi\u00e1ria Federal.<\/p>\n\n\n\n<p>Al\u00e9m disso, candidatos diversos se manifestam nas redes sociais usando a <em>hashtag \u201cAdiaPF\u201d<\/em>. V\u00e1rios candidatos s\u00e3o <strong>a favor da suspens\u00e3o<\/strong> e do adiamento da prova.<\/p>\n\n\n\n<p>O argumento \u00e9 de que um concurso realizado agora, causaria <strong>caos e desorganiza\u00e7\u00e3o<\/strong> nas situa\u00e7\u00f5es sanit\u00e1rias atuais.<\/p>\n\n\n\n<h3 class=\"wp-block-heading\">MPF pede suspens\u00e3o do concurso<\/h3>\n\n\n\n<p>O Minist\u00e9rio P\u00fablico Federal entrou na briga pelo adiamento do certame da PF. Al\u00e9m disso, intimou a banca organizadora, o Cebraspe.<\/p>\n\n\n\n<p>Isso porque, o Cebraspe tamb\u00e9m <strong>\u00e9 respons\u00e1vel por organizar<\/strong> a prova da PRF, e o MPF quer explica\u00e7\u00f5es sobre a desorganiza\u00e7\u00e3o da \u00faltima prova envolvendo <strong>as quest\u00f5es sanit\u00e1rias<\/strong>.<\/p>\n\n\n\n<p>O MPF entra no caso depois do jurista Jos\u00e9 Moura Neto, protocolar a a\u00e7\u00e3o com <strong>diversos relatos e den\u00fancias<\/strong> de candidatos sobre a prova da PRF. E com <strong>a\u00e7\u00e3o favor\u00e1vel ao cancelamento<\/strong> do <a href=\"https:\/\/www.novaconcursos.com.br\/portal\/concursos-previstos\/nacional\/\">concurso<\/a>.<\/p>\n\n\n\n<p>O documento do MPF foi assinado pelo procurador da Rep\u00fablica, Oscar Costa Filho.<\/p>\n\n\n\n<h2 class=\"wp-block-heading\" id=\"edital-e-cronograma-do-concurso-divulgados\">Edital e Cronograma do concurso divulgados<\/h2>\n\n\n\n<p>A PF <strong>confirmou um novo edital <\/strong>com o cronograma e data de publica\u00e7\u00e3o dos <strong>locais das provas<\/strong>. O exame <strong>segue confirmad<\/strong>o para realiza\u00e7\u00e3o no dia <strong>23 de maio<\/strong>.<\/p>\n\n\n\n<p>Al\u00e9m disso, os locais das provas ser\u00e3o divulgados no dia <strong>18\/05<\/strong>, no site do Cebraspe. Com <strong>exce\u00e7\u00e3o apenas<\/strong> do cargo de Delegado, com prova de dura\u00e7\u00e3o de 3h30m, os <strong>demais cargos<\/strong> ter\u00e3o provas com dura\u00e7\u00e3o de 4h30m.<\/p>\n\n\n\n<p>O exame discursivo ter\u00e1 dura\u00e7\u00e3o de 5h. Confira abaixo as datas confirmadas pela Pol\u00edcia Federal:<\/p>\n\n\n\n<ul class=\"wp-block-list\"><li>Prova Objetiva e Discursiva \u2013 23\/05\/2021;<\/li><li>Gabarito Preliminar e Padr\u00e3o Preliminar das provas \u2013 25\/05\/2021 \u00e0s 19h;<\/li><li>Prazo para recursos \u2013 26 e 27\/05\/2021;<\/li><li>Resultado Final da Prova Objetiva \u2013 11\/05\/2021;<\/li><li>Resultado Final da Prova Discursiva e convoca\u00e7\u00e3o para Teste de Aptid\u00e3o F\u00edsica \u2013 29\/06\/2021;<\/li><li>Aplica\u00e7\u00e3o do Teste de Aptid\u00e3o F\u00edsica \u2013 3 e 4\/07\/2021<\/li><li>Resultado do TAF, convoca\u00e7\u00e3o para FIC e Avalia\u00e7\u00e3o M\u00e9dica \u2013 23\/07\/2021;<\/li><li>Realiza\u00e7\u00e3o da Avalia\u00e7\u00e3o M\u00e9dica (presencial) \u2013 7 e 8\/08\/2021;<\/li><li>Aplica\u00e7\u00e3o da Prova Oral (Delegado) \u2013 23 e 24\/10\/2021;<\/li><li>Aplica\u00e7\u00e3o da Prova Pr\u00e1tica (Escriv\u00e3o) \u2013 24\/10\/2021;<\/li><li>Resultado Final e convoca\u00e7\u00e3o para o Curso de Forma\u00e7\u00e3o \u2013 21\/12\/2021.<\/li><\/ul><p><\/p>\n\n\n\n<h2 class=\"wp-block-heading\" id=\"provas-concurso-pf\">Provas concurso PF<\/h2>\n\n\n\n<p>As provas ser\u00e3o aplicadas <strong>nas 26 capitais<\/strong>, al\u00e9m do Distrito Federal. O Cebraspe juntamente com a PF dever\u00e1 encontrar um jeito de <strong>contornar a quest\u00e3o da pandemia<\/strong> e realizar as aplica\u00e7\u00f5es das avalia\u00e7\u00f5es seguindo <strong>todas as medidas sanit\u00e1rias<\/strong>.<\/p>\n\n\n\n<p>A primeira fase ser\u00e1 de car\u00e1ter eliminat\u00f3rio e classificat\u00f3rio, a <strong>prova objetiva<\/strong> contar\u00e1 com <strong>120 quest\u00f5es<\/strong> de Conhecimentos Gerais e Espec\u00edficos, de acordo com o cargo espec\u00edfico.<\/p>","protected":false},"excerpt":{"rendered":"<p>A AGU (Advocacia-Geral da Uni\u00e3o) entrou nos processos de pedido de suspens\u00e3o da prova do concurso PF. Tamb\u00e9m, um candidato entrou com pedido favor\u00e1vel para a realiza\u00e7\u00e3o do concurso p\u00fablico. Confira: Quest\u00f5es Comentadas CESPE \u2013 GR\u00c1TIS O Advogado, Jos\u00e9 Moura Neto, fez uma live nesse domingo, 16 de maio, em seu Instagram para explicar os [&hellip;]<\/p>\n","protected":false},"author":16,"featured_media":125942,"comment_status":"closed","ping_status":"closed","sticky":false,"template":"","format":"standard","meta":{"_acf_changed":false,"footnotes":"","_wp_rev_ctl_limit":""},"categories":[228],"tags":[38718,38662,34453,22777,2506,2578,283,115,38661,38716,38717],"class_list":["post-132342","post","type-post","status-publish","format-standard","has-post-thumbnail","hentry","category-noticias","tag-adiamento-concurso-pf","tag-cargos-concurso-pf","tag-cebraspe","tag-concurso-policia-federal-pf","tag-concursos-nacionais","tag-concursos-publicos","tag-edital-concurso-policia-federal","tag-nova-concursos","tag-provas-concurso-policia-federal","tag-salarios-concurso-pf","tag-suspensao-concurso-pf"],"acf":[],"_links":{"self":[{"href":"https:\/\/www.novaconcursos.com.br\/portal\/wp-json\/wp\/v2\/posts\/132342","targetHints":{"allow":["GET"]}}],"collection":[{"href":"https:\/\/www.novaconcursos.com.br\/portal\/wp-json\/wp\/v2\/posts"}],"about":[{"href":"https:\/\/www.novaconcursos.com.br\/portal\/wp-json\/wp\/v2\/types\/post"}],"author":[{"embeddable":true,"href":"https:\/\/www.novaconcursos.com.br\/portal\/wp-json\/wp\/v2\/users\/16"}],"replies":[{"embeddable":true,"href":"https:\/\/www.novaconcursos.com.br\/portal\/wp-json\/wp\/v2\/comments?post=132342"}],"version-history":[{"count":5,"href":"https:\/\/www.novaconcursos.com.br\/portal\/wp-json\/wp\/v2\/posts\/132342\/revisions"}],"predecessor-version":[{"id":132392,"href":"https:\/\/www.novaconcursos.com.br\/portal\/wp-json\/wp\/v2\/posts\/132342\/revisions\/132392"}],"wp:featuredmedia":[{"embeddable":true,"href":"https:\/\/www.novaconcursos.com.br\/portal\/wp-json\/wp\/v2\/media\/125942"}],"wp:attachment":[{"href":"https:\/\/www.novaconcursos.com.br\/portal\/wp-json\/wp\/v2\/media?parent=132342"}],"wp:term":[{"taxonomy":"category","embeddable":true,"href":"https:\/\/www.novaconcursos.com.br\/portal\/wp-json\/wp\/v2\/categories?post=132342"},{"taxonomy":"post_tag","embeddable":true,"href":"https:\/\/www.novaconcursos.com.br\/portal\/wp-json\/wp\/v2\/tags?post=132342"}],"curies":[{"name":"wp","href":"https:\/\/api.w.org\/{rel}","templated":true}]}}