{"id":132365,"date":"2021-05-17T13:22:38","date_gmt":"2021-05-17T16:22:38","guid":{"rendered":"https:\/\/www.novaconcursos.com.br\/portal\/?p=132365"},"modified":"2021-05-17T13:22:41","modified_gmt":"2021-05-17T16:22:41","slug":"policia-penal-mg-edital-ate-julho-diz-rogerio-greco","status":"publish","type":"post","link":"https:\/\/www.novaconcursos.com.br\/portal\/noticias\/policia-penal-mg-edital-ate-julho-diz-rogerio-greco\/","title":{"rendered":"Concurso Pol\u00edcia Penal MG: Edital sai at\u00e9 Julho, diz Rog\u00e9rio Greco!"},"content":{"rendered":"<p>Boa not\u00edcia concurseiros! O <a href=\"https:\/\/www.novaconcursos.com.br\/portal\/concursos\/concurso-policia-penal-mg\/\">concurso Pol\u00edcia Penal MG<\/a> poder\u00e1 ter o <strong>edital publicado at\u00e9 julho<\/strong>, segundo informa\u00e7\u00f5es do secret\u00e1rio de\u00a0Justi\u00e7a e Seguran\u00e7a P\u00fablica do estado de Minas Gerais, <strong>Rog\u00e9rio Greco<\/strong>. O projeto b\u00e1sico traz a previs\u00e3o de\u00a0<strong>2420 vagas<\/strong>.<\/p>\n\n\n\n<ul class=\"wp-block-list\"><li><strong>Confira: <\/strong><a rel=\"noreferrer noopener\" aria-label=\"Guia Porcentagem para Concursos (Gr\u00e1tis) (abre numa nova aba)\" href=\"https:\/\/www.novaconcursos.com.br\/eventos\/porcentagens-para-concursos\/\" target=\"_blank\">Guia Porcentagem para Concursos (Gr\u00e1tis)<\/a><\/li><\/ul><p><\/p>\n\n\n\n<h2 class=\"wp-block-heading\" id=\"concurso-polcia-penal-mg-edital-em-julho-segundo-secretrio\">Concurso Pol\u00edcia Penal MG: edital em julho, segundo secret\u00e1rio<\/h2>\n\n\n\n<p>A informa\u00e7\u00e3o sobre a <strong>publica\u00e7\u00e3o do edital<\/strong> do concurso Pol\u00edcia Penal de <a href=\"https:\/\/www.novaconcursos.com.br\/portal\/concursos-abertos\/mg\/\">Minas Gerais<\/a>, que deve sair at\u00e9 julho, foi proferida pelo secret\u00e1rio durante live no Instagram, no \u00faltimo s\u00e1bado (15).<\/p>\n\n\n\n<ul class=\"wp-block-list\"><li><strong>Adquira:\u00a0<\/strong><a href=\"https:\/\/www.novaconcursos.com.br\/concurso\/policia-penal-mg\/apostila\">Apostilas concurso Pol\u00edcia Penal MG<\/a><\/li><li><strong>Adquira:<\/strong>\u00a0<a href=\"https:\/\/www.novaconcursos.com.br\/curso-online\/agepen-mg-agente-de-seguranca-penitenciario\">Cursos Online concurso Pol\u00edcia Penal MG<\/a><\/li><\/ul><p><\/p>\n\n\n\n<p><em>\u201cAt\u00e9 final de junho e in\u00edcio de julho, eu acho que a gente j\u00e1 deve ter o edital em m\u00e3os\u201d<\/em>, afirmou o secret\u00e1rio que tamb\u00e9m <strong>ressaltou a rapidez<\/strong> dos processos envolvendo o documento.<\/p>\n\n\n\n<p>O <strong>projeto b\u00e1sico<\/strong> da sele\u00e7\u00e3o foi publicado no dia 13 de maio e a abertura do processo de preg\u00e3o eletr\u00f4nico para o certame, ocorrer\u00e1 no dia 25 de maio de 2021, visando a sele\u00e7\u00e3o da banca examinadora.<\/p>\n\n\n\n<p>Segundo o projeto, a previs\u00e3o \u00e9 para oferta de\u00a0<strong>2420 vagas<\/strong>\u00a0para o cargo de Agente de Seguran\u00e7a Penitenci\u00e1rio\/Policial Penal. Destas, <strong>242 s\u00e3o para pessoas com defici\u00eancia<\/strong>. Al\u00e9m disso, haver\u00e1 ainda uma divis\u00e3o entre homens e mulheres.\u00a0 <\/p>\n\n\n\n<p>Os aprovados no certame ter\u00e3o sal\u00e1rios iniciais de\u00a0<strong>R$ 4.631,25<\/strong>, com jornada trabalhista de 40 horas semanais, per\u00edodo este que poder\u00e1 ser cumprido em\u00a0<strong>escala de plant\u00e3o,\u00a0<\/strong>de acordo com a necessidade do trabalho.<\/p>\n\n\n\n<p><em>\u201cDesde que eu cheguei a gente tem uma previs\u00e3o de (contratar), pelo menos, 2.400 policiais penais.(\u2026) A gente j\u00e1 est\u00e1 agilizando ao m\u00e1ximo para que esse concurso aconte\u00e7a o mais r\u00e1pido poss\u00edvel. \u00c9 interesse nosso, \u00e9 interesse da Administra\u00e7\u00e3o que esse concurso aconte\u00e7a logo\u201d<\/em>, disse o secret\u00e1rio.<\/p>\n\n\n\n<p>Vale ressaltar que al\u00e9m desta sele\u00e7\u00e3o prevista, o \u00f3rg\u00e3o j\u00e1 possui outro edital publicado para o <strong>cargo de Auxiliar Educacional<\/strong>, com a oferta de 211 vagas e inscri\u00e7\u00f5es em junho.<\/p>\n\n\n\n<h2 class=\"wp-block-heading\" id=\"concurso-polcia-penal-mg-o-que-diz-o-projeto-bsico\">Concurso Pol\u00edcia Penal MG: o que diz o projeto b\u00e1sico<\/h2>\n\n\n\n<p>O projeto b\u00e1sico da sele\u00e7\u00e3o da Pol\u00edcia Penal de <a href=\"https:\/\/www.novaconcursos.com.br\/portal\/concursos-previstos\/mg\/\">Minas Gerais,<\/a> j\u00e1 divulgado na \u00faltima semana, traz informa\u00e7\u00f5es sobre as\u00a0<strong>etapas de sele\u00e7\u00e3o e as disciplinas<\/strong>\u00a0que ser\u00e3o cobradas nas provas do certame. <\/p>\n\n\n\n<p>Primeiramente, ser\u00e3o\u00a0<strong>provas objetivas e de reda\u00e7\u00e3o<\/strong>, com 05 horas para aplica\u00e7\u00e3o, compostas por<strong>\u00a060 quest\u00f5es<\/strong>, que est\u00e3o distribu\u00eddas entre as disciplinas de:<\/p>\n\n\n\n<ul class=\"wp-block-list\"><li>L\u00edngua Portuguesa \u2013 10 quest\u00f5es;<\/li><li>Inform\u00e1tica Base \u2013 5 quest\u00f5es;<\/li><li>No\u00e7\u00f5es de Direito \u2013 10 quest\u00f5es;<\/li><li>Direitos Humanos \u2013 10 quest\u00f5es;<\/li><li>Legisla\u00e7\u00e3o Especial \u2013 20 quest\u00f5es;<\/li><li>Racioc\u00ednio L\u00f3gico \u2013 5 quest\u00f5es.<\/li><\/ul><p><\/p>\n\n\n\n<p>O candidato dever\u00e1 obter, no m\u00ednimo,<strong>\u00a060% do total<\/strong>\u00a0de pontos atribu\u00eddos na prova objetiva e, no m\u00ednimo,\u00a0<strong>40% em cada disciplina<\/strong>, para que seja aprovado.<\/p>\n\n\n\n<p>J\u00e1 na\u00a0reda\u00e7\u00e3o, ele dever\u00e1 utilizar entre\u00a0<strong>20 a 30 linhas<\/strong> para escrever sobre o tema que ser\u00e1 fornecido no momento da aplica\u00e7\u00e3o dos exames.<\/p>\n\n\n\n<p>Os exames <strong>ser\u00e3o aplicados nas cidades<\/strong>\u00a0de Belo Horizonte, Contagem, Vespasiano, Juiz de Fora, Uberaba, Lavras, Divin\u00f3polis, Governador Valadares, Uberl\u00e2ndia, Patos de Minas, Montes Claros, Ipatinga, Barbacena, Curvelo, Te\u00f3filio Otoni, Una\u00ed, Pouso Alegre, Po\u00e7os de Caldas, Sete Lagos.<\/p>\n\n\n\n<h3 class=\"wp-block-heading\">Outras etapas<\/h3>\n\n\n\n<p>O<strong> concurso contar\u00e1 ainda<\/strong> com prova de aptid\u00e3o psicol\u00f3gica e psicot\u00e9cnica; exames m\u00e9dicos; prova de condicionamento f\u00edsico; comprova\u00e7\u00e3o de idoneidade e conduta ilibada (investiga\u00e7\u00e3o social); curso de forma\u00e7\u00e3o t\u00e9cnico-profissional.<\/p>\n\n\n\n<p>Vale ressaltar que a prova de\u00a0<strong>aptid\u00e3o f\u00edsica<\/strong>\u00a0exigir\u00e1 os exerc\u00edcios de:<\/p>\n\n\n\n<ul class=\"wp-block-list\"><li>Teste de flex\u00e3o em barra fixa;<\/li><li>Teste de flex\u00e3o abdominal;<\/li><li>Teste de impuls\u00e3o horizontal;<\/li><li>Teste de flex\u00e3o de bra\u00e7os no solo;<\/li><li>Teste de corrida de 12 minutos.<\/li><\/ul><p>Por fim, os classificados\u00a0<strong>ser\u00e3o convocados para o curso de forma\u00e7\u00e3o<\/strong>, que deve acontecer em duas chamadas, sendo a primeira com os classificados entre a 1\u00aa e a 1.249\u00aa posi\u00e7\u00e3o e a segunda composta pelos aprovados na 1.250\u00aa a 2.497\u00aa coloca\u00e7\u00e3o.<\/p>","protected":false},"excerpt":{"rendered":"<p>Boa not\u00edcia concurseiros! O concurso Pol\u00edcia Penal MG poder\u00e1 ter o edital publicado at\u00e9 julho, segundo informa\u00e7\u00f5es do secret\u00e1rio de\u00a0Justi\u00e7a e Seguran\u00e7a P\u00fablica do estado de Minas Gerais, Rog\u00e9rio Greco. O projeto b\u00e1sico traz a previs\u00e3o de\u00a02420 vagas. Confira: Guia Porcentagem para Concursos (Gr\u00e1tis) Concurso Pol\u00edcia Penal MG: edital em julho, segundo secret\u00e1rio A informa\u00e7\u00e3o [&hellip;]<\/p>\n","protected":false},"author":54671,"featured_media":126096,"comment_status":"closed","ping_status":"closed","sticky":false,"template":"","format":"standard","meta":{"_acf_changed":false,"footnotes":"","_wp_rev_ctl_limit":""},"categories":[228],"tags":[37112,37894,37892,3726,2069,198,2578,36578],"class_list":["post-132365","post","type-post","status-publish","format-standard","has-post-thumbnail","hentry","category-noticias","tag-concurso-policia-penal-mg","tag-concurso-policia-penal-mg-edital","tag-concurso-policia-penal-minas-gerais","tag-concursos-abertos","tag-concursos-minas-gerais","tag-concursos-previstos","tag-concursos-publicos","tag-policia-penal-mg"],"acf":[],"_links":{"self":[{"href":"https:\/\/www.novaconcursos.com.br\/portal\/wp-json\/wp\/v2\/posts\/132365","targetHints":{"allow":["GET"]}}],"collection":[{"href":"https:\/\/www.novaconcursos.com.br\/portal\/wp-json\/wp\/v2\/posts"}],"about":[{"href":"https:\/\/www.novaconcursos.com.br\/portal\/wp-json\/wp\/v2\/types\/post"}],"author":[{"embeddable":true,"href":"https:\/\/www.novaconcursos.com.br\/portal\/wp-json\/wp\/v2\/users\/54671"}],"replies":[{"embeddable":true,"href":"https:\/\/www.novaconcursos.com.br\/portal\/wp-json\/wp\/v2\/comments?post=132365"}],"version-history":[{"count":2,"href":"https:\/\/www.novaconcursos.com.br\/portal\/wp-json\/wp\/v2\/posts\/132365\/revisions"}],"predecessor-version":[{"id":132372,"href":"https:\/\/www.novaconcursos.com.br\/portal\/wp-json\/wp\/v2\/posts\/132365\/revisions\/132372"}],"wp:featuredmedia":[{"embeddable":true,"href":"https:\/\/www.novaconcursos.com.br\/portal\/wp-json\/wp\/v2\/media\/126096"}],"wp:attachment":[{"href":"https:\/\/www.novaconcursos.com.br\/portal\/wp-json\/wp\/v2\/media?parent=132365"}],"wp:term":[{"taxonomy":"category","embeddable":true,"href":"https:\/\/www.novaconcursos.com.br\/portal\/wp-json\/wp\/v2\/categories?post=132365"},{"taxonomy":"post_tag","embeddable":true,"href":"https:\/\/www.novaconcursos.com.br\/portal\/wp-json\/wp\/v2\/tags?post=132365"}],"curies":[{"name":"wp","href":"https:\/\/api.w.org\/{rel}","templated":true}]}}