{"id":132704,"date":"2021-05-19T17:39:13","date_gmt":"2021-05-19T20:39:13","guid":{"rendered":"https:\/\/www.novaconcursos.com.br\/portal\/?p=132704"},"modified":"2025-04-16T14:37:50","modified_gmt":"2025-04-16T17:37:50","slug":"concurso-emgepron-edital-tem-retificacao","status":"publish","type":"post","link":"https:\/\/www.novaconcursos.com.br\/portal\/noticias\/concurso-emgepron-edital-tem-retificacao\/","title":{"rendered":"Concurso Emgepron: Edital tem nova retifica\u00e7\u00e3o, confira!"},"content":{"rendered":"<p>Boa not\u00edcia concurseiros! As <strong>inscri\u00e7\u00f5es <\/strong>do concurso Emgepron (Empresa Gerencial de Projetos Navais) foram <strong>reabertas <\/strong>e o edital sofreu <strong>retifica\u00e7\u00f5es<\/strong>, como nas datas e telefones para contato. Confira!<\/p>\n\n\n\n<h2 class=\"wp-block-heading\" id=\"concurso-emgepron-retificaes-no-edital\">Concurso Emgepron: retifica\u00e7\u00f5es no edital<\/h2>\n\n\n\n<p>O edital do concurso passou por <strong>algumas altera\u00e7\u00f5es<\/strong> nesta semana, como nas datas para pagamento da taxa de inscri\u00e7\u00e3o, ap\u00f3s as mesmas serem reabertas, e nos telefones para informa\u00e7\u00f5es.<\/p>\n\n\n\n<p>Por exemplo, <strong>quem desejar informa\u00e7\u00f5es <\/strong>e esclarecimentos dever\u00e1 usar o Pabx (21) 23233180, que funciona somente em dias \u00fateis, das 9h \u00e0s 17h.<\/p>\n\n\n\n<p>J\u00e1 os que <strong>realizaram inscri\u00e7\u00e3o<\/strong> entre os dias 03 de maio a 06 de junho de 2021 ter\u00e3o mais dias para pagamento da taxa, at\u00e9 07 de junho de 2021.<\/p>\n\n\n\n<p>Segundo o documento, caso haja inexatid\u00e3o em rela\u00e7\u00e3o \u00e0 eventual condi\u00e7\u00e3o de<strong> pessoa com defici\u00eancia <\/strong>(PCD) que tenha optado por concorrer \u00e0s vagas reservadas ou solicitado condi\u00e7\u00e3o de Atendimento Especial para realiza\u00e7\u00e3o das provas, o candidato dever\u00e1 entrar em contato com o Instituto <strong>Selecon<\/strong>.<\/p>\n\n\n\n<p>O <strong>hor\u00e1rio para contato<\/strong> \u00e9 das 9h \u00e0s 17h (hor\u00e1rio de Bras\u00edlia\/DF), nos dias 22 a 25 de junho de 2021, conforme orienta\u00e7\u00f5es constantes no endere\u00e7o eletr\u00f4nico www.selecon.org.br.<\/p>\n\n\n\n<p>Outra modifica\u00e7\u00e3o \u00e9 em rela\u00e7\u00e3o a <strong>data de divulga\u00e7\u00e3o<\/strong> do cart\u00e3o de respostas dos candidatos que ir\u00e3o realizar as provas, que passou a ser 06 de julho de 2021.<\/p>\n\n\n\n<h2 class=\"wp-block-heading\" id=\"concurso-emgepron-inscries-reabertas\">Concurso Emgepron: inscri\u00e7\u00f5es reabertas<\/h2>\n\n\n\n<p>Agora, com a prorroga\u00e7\u00e3o, os candidatos poder\u00e3o se inscrever at\u00e9 6 de junho. A prova foi reagendada para o dia\u00a0<strong>27 de junho<\/strong>.\u00a0<\/p>\n\n\n\n<p>As inscri\u00e7\u00f5es ser\u00e3o processadas no\u00a0site da banca organizadora, Instituto Selecon<strong>. <\/strong>Os candidatos precisam pagar uma taxa no valor\u00a0<strong>entre R$ 40,00 e R$ 80,00<\/strong>, a depender do cargo pretendido.<\/p>\n\n\n\n<h2 class=\"wp-block-heading\" id=\"concurso-emgepron-vagas-e-salrios\">Concurso Emgepron: vagas e sal\u00e1rios<\/h2>\n\n\n\n<p>Ao todo, est\u00e3o sendo ofertadas agora apenas\u00a0<strong>25 vagas imediatas<\/strong>, n\u00e3o 32 como era antes da retifica\u00e7\u00e3o, para cargos de n\u00edveis fundamental, m\u00e9dio e superior, para o Rio de Janeiro. <\/p>\n\n\n\n<p>Os sal\u00e1rios ficam entre <strong>R$ 1.115,00 e R$ 9.900,00<\/strong>. Al\u00e9m disso, haver\u00e1 alguns benef\u00edcios como seguro de vida, vale-transporte, cesta-alimenta\u00e7\u00e3o e conv\u00eanios assistenciais e educacionais. <\/p>\n\n\n\n<p>A carga de trabalho ser\u00e1 de <strong>40 horas por semana<\/strong>, com exce\u00e7\u00e3o dos cargos de Bombeiro (escala de revezamento 36 horas semanais), Cirurgi\u00e3o-Dentista, Fisioterapeuta e M\u00e9dico do Trabalho (jornada de 20 horas semanais).<\/p>\n\n\n\n<h2 class=\"wp-block-heading\" id=\"etapas-de-avaliao-do-concurso-emgepron\">Etapas de avalia\u00e7\u00e3o do concurso Emgepron<\/h2>\n\n\n\n<p>Os concurseiros inscritos no concurso Emgepron passar\u00e3o por diversas etapas de avalia\u00e7\u00e3o, sendo:<\/p>\n\n\n\n<ul class=\"wp-block-list\"><li>Prova objetiva para todos os inscritos;<\/li>\n\n\n\n<li>Prova discursiva para os candidatos aos empregos de n\u00edvel superior;<\/li>\n\n\n\n<li>Avalia\u00e7\u00e3o de t\u00edtulos, para todos os inscritos;<\/li>\n\n\n\n<li>Prova pr\u00e1tica para os empregos de n\u00edvel fundamental e m\u00e9dio;<\/li>\n\n\n\n<li>Avalia\u00e7\u00e3o m\u00e9dica admissional para todos;\u00a0<\/li>\n\n\n\n<li>Checagem de requisitos para todos os candidatos.<\/li>\n<\/ul><p><\/p>\n\n\n\n<p>As\u00a0<strong>provas objetivas<\/strong>\u00a0ter\u00e3o quest\u00f5es com 04 alternativas e somente uma ser\u00e1 a correta. A avalia\u00e7\u00e3o ser\u00e1 aplicada com dura\u00e7\u00e3o de tr\u00eas horas.<\/p>\n\n\n\n<p>Entretanto, vale lembrar que, para os empregos que ter\u00e3o no mesmo dia <strong>provas objetivas e discursivas<\/strong>, a dura\u00e7\u00e3o ser\u00e1 maior, de 04 horas.<\/p>","protected":false},"excerpt":{"rendered":"<p>Boa not\u00edcia concurseiros! As inscri\u00e7\u00f5es do concurso Emgepron (Empresa Gerencial de Projetos Navais) foram reabertas e o edital sofreu retifica\u00e7\u00f5es, como nas datas e telefones para contato. Confira! Concurso Emgepron: retifica\u00e7\u00f5es no edital O edital do concurso passou por algumas altera\u00e7\u00f5es nesta semana, como nas datas para pagamento da taxa de inscri\u00e7\u00e3o, ap\u00f3s as mesmas [&hellip;]<\/p>\n","protected":false},"author":54671,"featured_media":126692,"comment_status":"closed","ping_status":"closed","sticky":false,"template":"","format":"standard","meta":{"_acf_changed":false,"footnotes":"","_wp_rev_ctl_limit":""},"categories":[228],"tags":[19461,37370,3726,37392,198,2578,38252,38251,38253],"class_list":["post-132704","post","type-post","status-publish","format-standard","has-post-thumbnail","hentry","category-noticias","tag-concurso-emgepron","tag-concurso-emgepron-vagas","tag-concursos-abertos","tag-concursos-nacional","tag-concursos-previstos","tag-concursos-publicos","tag-edital-concurso-emgepron","tag-inscricoes-concurso-emgepron","tag-provas-concurso-emgepron"],"acf":[],"_links":{"self":[{"href":"https:\/\/www.novaconcursos.com.br\/portal\/wp-json\/wp\/v2\/posts\/132704","targetHints":{"allow":["GET"]}}],"collection":[{"href":"https:\/\/www.novaconcursos.com.br\/portal\/wp-json\/wp\/v2\/posts"}],"about":[{"href":"https:\/\/www.novaconcursos.com.br\/portal\/wp-json\/wp\/v2\/types\/post"}],"author":[{"embeddable":true,"href":"https:\/\/www.novaconcursos.com.br\/portal\/wp-json\/wp\/v2\/users\/54671"}],"replies":[{"embeddable":true,"href":"https:\/\/www.novaconcursos.com.br\/portal\/wp-json\/wp\/v2\/comments?post=132704"}],"version-history":[{"count":7,"href":"https:\/\/www.novaconcursos.com.br\/portal\/wp-json\/wp\/v2\/posts\/132704\/revisions"}],"predecessor-version":[{"id":279664,"href":"https:\/\/www.novaconcursos.com.br\/portal\/wp-json\/wp\/v2\/posts\/132704\/revisions\/279664"}],"wp:featuredmedia":[{"embeddable":true,"href":"https:\/\/www.novaconcursos.com.br\/portal\/wp-json\/wp\/v2\/media\/126692"}],"wp:attachment":[{"href":"https:\/\/www.novaconcursos.com.br\/portal\/wp-json\/wp\/v2\/media?parent=132704"}],"wp:term":[{"taxonomy":"category","embeddable":true,"href":"https:\/\/www.novaconcursos.com.br\/portal\/wp-json\/wp\/v2\/categories?post=132704"},{"taxonomy":"post_tag","embeddable":true,"href":"https:\/\/www.novaconcursos.com.br\/portal\/wp-json\/wp\/v2\/tags?post=132704"}],"curies":[{"name":"wp","href":"https:\/\/api.w.org\/{rel}","templated":true}]}}