{"id":133977,"date":"2021-06-02T13:20:43","date_gmt":"2021-06-02T16:20:43","guid":{"rendered":"https:\/\/www.novaconcursos.com.br\/portal\/?p=133977"},"modified":"2025-12-02T09:04:17","modified_gmt":"2025-12-02T12:04:17","slug":"bombeiros-rj-edital-oficiais-solicitado","status":"publish","type":"post","link":"https:\/\/www.novaconcursos.com.br\/portal\/noticias\/bombeiros-rj-edital-oficiais-solicitado\/","title":{"rendered":"Concurso Bombeiros RJ: Novo edital para Oficiais ser\u00e1 solicitado!"},"content":{"rendered":"<p>O <strong>Corpo de Bombeiros Militar<\/strong> do Rio de Janeiro est\u00e1 estudando a possibilidade de enviar um pedido para publica\u00e7\u00e3o de um <strong>edital <\/strong>do <a href=\"https:\/\/www.novaconcursos.com.br\/portal\/concursos\/bombeiros-rj-oficiais\/\">concurso Bombeiros RJ<\/a>. Segundo a corpora\u00e7\u00e3o,<strong> as vac\u00e2ncias<\/strong> est\u00e3o aumentando, o que faz necess\u00e1rio um novo edital.<\/p>\n\n\n\n<ul class=\"wp-block-list\"><li><strong>Confira:<\/strong> <a aria-label=\"Guia Matem\u00e1tica para Concursos (Gr\u00e1tis) (abre numa nova aba)\" href=\"https:\/\/www.novaconcursos.com.br\/eventos\/matematica-concursos\/\" target=\"_blank\" rel=\"noreferrer noopener\">Guia Matem\u00e1tica para Concursos (Gr\u00e1tis)<\/a><\/li>\n<\/ul><p><\/p>\n\n\n\n<h2 class=\"wp-block-heading\" id=\"concurso-bombeiros-rj-novo-pedido-ser-enviado\">Concurso Bombeiros RJ: novo pedido ser\u00e1 enviado<\/h2>\n\n\n\n<p>O Corpo de Bombeiros do <a href=\"https:\/\/www.novaconcursos.com.br\/portal\/concursos-abertos\/rj\/\">Rio de Janeiro<\/a> quer um novo concurso para <strong>Curso de Forma\u00e7\u00e3o de Oficiais<\/strong>, ainda em 2021. Com isso, um pedido deve ser enviado ao Governo do Estado. <\/p>\n\n\n\n<p>A corpora\u00e7\u00e3o afirmou que estuda enviar a solicita\u00e7\u00e3o, considerando que as <strong>vac\u00e2ncias <\/strong>v\u00eam aumentando nos \u00faltimos meses. <\/p>\n\n\n\n<p>Entre janeiro e maio, <strong>foram 30 novos cargos<\/strong> que vagaram no CBMERJ, al\u00e9m de duas mortes que constam no quadro, totalizando 32 cargos vagos.<\/p>\n\n\n\n<p>De acordo com o documento, existe ainda <em>\u201ca necessidade de abertura do presente processo de solicita\u00e7\u00e3o de autoriza\u00e7\u00e3o governamental para provimento de vagas para ingresso no 1\u00b0 ano do Curso de Forma\u00e7\u00e3o de Oficiais da Academia de Bombeiros Militar Dom Pedro II no\u00a0ano de 2022\u201d<\/em>.<\/p>\n\n\n\n<p>Vale ressaltar que o\u00a0<strong>concurso tem sido realizado anualmente<\/strong>, nos \u00faltimos anos, por meio do Vestibular da Universidade Estadual do Rio de Janeiro (Uerj).<\/p>\n\n\n\n<h2 class=\"wp-block-heading\" id=\"concurso-bombeiros-rj-oficiais-aconteceu-em-2020\"><strong>Concurso Bombeiros RJ Oficiais<\/strong> aconteceu em 2020<\/h2>\n\n\n\n<p>Em 2020, aconteceu o \u00faltimo concurso Bombeiros RJ, que <strong>ofertou 25 vagas<\/strong> para o quadro de Oficiais, com oportunidades para homens e mulheres, sem haver divis\u00e3o por sexo.<\/p>\n\n\n\n<p>Com exig\u00eancia de <strong>n\u00edvel m\u00e9dio<\/strong>, o concurso ainda pediu como requisito:<\/p>\n\n\n\n<ul class=\"wp-block-list\"><li>ser brasileiro;<\/li>\n\n\n\n<li>estar em dia com as obriga\u00e7\u00f5es militares nos termos da Lei de Servi\u00e7o Militar;<\/li>\n\n\n\n<li>possuir, no m\u00ednimo, 18 anos no ato da matr\u00edcula no curso de forma\u00e7\u00e3o;<\/li>\n\n\n\n<li><strong>n\u00e3o h\u00e1 limite de idade<\/strong>;<\/li>\n\n\n\n<li>para os candidatos militares, estar, no m\u00ednimo, classificado no comportamento \u201cbom\u201d.<\/li>\n<\/ul><p><\/p>\n\n\n\n<p>A <strong>avalia\u00e7\u00e3o dos candidatos <\/strong>aconteceu por meio de provas objetivas e a elabora\u00e7\u00e3o de uma reda\u00e7\u00e3o, ambos aplicados por meio de vestibular isolado na UERJ.<\/p>\n\n\n\n<p>Al\u00e9m disso, os aprovados ainda foram convocados para participarem da <strong>segunda fase<\/strong>, que teve organiza\u00e7\u00e3o do pr\u00f3prio Corpo de Bombeiros. Foram:<\/p>\n\n\n\n<ul class=\"wp-block-list\"><li>exame\u00a0f\u00edsico (corrida de meio fundo \u2013 2.400 m em 12 minutos; nata\u00e7\u00e3o \u2013 100 m em dois\u00a0minutos e meio; flex\u00e3o e extens\u00e3o de MMSS \u2013 barra fixa; abdominal \u2013 35 repeti\u00e7\u00f5es em um minuto);<\/li>\n\n\n\n<li>exame de de sa\u00fade; e\u00a0<\/li>\n\n\n\n<li>pesquisas documental e social.<\/li>\n<\/ul><p><\/p>\n\n\n\n<p>Um cadete dos Bombeiros, que \u00e9 um militar em forma\u00e7\u00e3o para se tornar Oficial, tem sal\u00e1rio em torno de R$ 3.200. Mas, ap\u00f3s tr\u00eas anos de forma\u00e7\u00e3o e j\u00e1 como Aspirante, os valores chegam a\u00a0<strong>R$ 6 mil<\/strong>.<\/p>\n\n\n\n<h2 class=\"wp-block-heading\" id=\"concurso-bombeiros-rj-para-temporrios-ter-3-mil-vagas\"><strong>Concurso Bombeiros RJ para tempor\u00e1rios ter\u00e1 3 mil vagas<\/strong><\/h2>\n\n\n\n<p>Al\u00e9m dos citados acima, <strong>um outro concurso<\/strong> Bombeiros do <a href=\"https:\/\/www.novaconcursos.com.br\/portal\/concursos-previstos\/rj\/\">Rio de Janeiro<\/a> est\u00e1 sendo organizado pela Funda\u00e7\u00e3o de Apoio ao Ensino, Pesquisa e Assist\u00eancia ligada \u00e0\u00a0Universidade Federal do Estado do Rio de Janeiro (FunRio). <\/p>\n\n\n\n<p>Ser\u00e3o oferecidas <strong>3 mil vagas tempor\u00e1rias<\/strong> para Soldado e Oficial. As oportunidades ser\u00e3o nas carreiras de:<\/p>\n\n\n\n<ul class=\"wp-block-list\"><li>Soldado (n\u00edvel m\u00e9dio)\n<ul class=\"wp-block-list\"><li>Combatente<\/li>\n\n\n\n<li>Motorista (combatente com CNH tipo B)<\/li>\n\n\n\n<li>Guarda-vidas<\/li>\n\n\n\n<li>T\u00e9cnicos de Enfermagem e\u00a0Socorrista (<strong>curso t\u00e9cnico\u00a0<\/strong>na \u00e1rea ser\u00e1 exigido)<\/li>\n<\/ul><\/li>\n\n\n\n<li>Oficial (n\u00edvel superior completo)\n<ul class=\"wp-block-list\"><li>M\u00e9dico (diversas especialidades)<\/li>\n\n\n\n<li>Enfermeiro<\/li>\n\n\n\n<li>Assistente Social<\/li>\n\n\n\n<li>Nutricionista<\/li>\n\n\n\n<li>Psic\u00f3logo<\/li>\n\n\n\n<li>Fisioterapeuta <\/li>\n\n\n\n<li>Fonoaudi\u00f3logo<\/li>\n<\/ul><\/li>\n<\/ul><p><\/p>\n\n\n\n<p>De acordo com o Servi\u00e7o Militar Tempor\u00e1rio, outros requisitos devem ser seguidos pelos concurseiros, como a<strong>\u00a0idade m\u00e1xima<\/strong>\u00a0para ocupar o posto de Pra\u00e7a tempor\u00e1rio ser\u00e1\u00a0de 25 anos e a de Oficial tempor\u00e1rio\u00a0de 35 anos.<\/p>\n\n\n\n<p>Ainda de acordo com a lei, <strong>ambos cargos tempor\u00e1rios<\/strong> ter\u00e3o\u00a0remunera\u00e7\u00e3o similar, no segundo ano de servi\u00e7o, mas n\u00e3o superior\u00a0a de um Bombeiro da classe ou n\u00edvel e escala hier\u00e1rquica.<\/p>","protected":false},"excerpt":{"rendered":"<p>O Corpo de Bombeiros Militar do Rio de Janeiro est\u00e1 estudando a possibilidade de enviar um pedido para publica\u00e7\u00e3o de um edital do concurso Bombeiros RJ. Segundo a corpora\u00e7\u00e3o, as vac\u00e2ncias est\u00e3o aumentando, o que faz necess\u00e1rio um novo edital. Concurso Bombeiros RJ: novo pedido ser\u00e1 enviado O Corpo de Bombeiros do Rio de Janeiro [&hellip;]<\/p>\n","protected":false},"author":54671,"featured_media":127456,"comment_status":"closed","ping_status":"closed","sticky":false,"template":"","format":"standard","meta":{"_acf_changed":false,"footnotes":"","_wp_rev_ctl_limit":""},"categories":[228],"tags":[4919,36867,38483,4922,36616,17761,12326,17234,6573,1326],"class_list":["post-133977","post","type-post","status-publish","format-standard","has-post-thumbnail","hentry","category-noticias","tag-bombeiros-rj","tag-bombeiros-rio-de-janeiro","tag-cbmerj","tag-concurso-bombeiros-rj","tag-concurso-cbmerj","tag-concursos-bombeiros","tag-concursos-rio-de-janeiro","tag-concursos-rj","tag-corpo-de-bombeiros","tag-rio-de-janeiro"],"acf":[],"_links":{"self":[{"href":"https:\/\/www.novaconcursos.com.br\/portal\/wp-json\/wp\/v2\/posts\/133977","targetHints":{"allow":["GET"]}}],"collection":[{"href":"https:\/\/www.novaconcursos.com.br\/portal\/wp-json\/wp\/v2\/posts"}],"about":[{"href":"https:\/\/www.novaconcursos.com.br\/portal\/wp-json\/wp\/v2\/types\/post"}],"author":[{"embeddable":true,"href":"https:\/\/www.novaconcursos.com.br\/portal\/wp-json\/wp\/v2\/users\/54671"}],"replies":[{"embeddable":true,"href":"https:\/\/www.novaconcursos.com.br\/portal\/wp-json\/wp\/v2\/comments?post=133977"}],"version-history":[{"count":6,"href":"https:\/\/www.novaconcursos.com.br\/portal\/wp-json\/wp\/v2\/posts\/133977\/revisions"}],"predecessor-version":[{"id":298028,"href":"https:\/\/www.novaconcursos.com.br\/portal\/wp-json\/wp\/v2\/posts\/133977\/revisions\/298028"}],"wp:featuredmedia":[{"embeddable":true,"href":"https:\/\/www.novaconcursos.com.br\/portal\/wp-json\/wp\/v2\/media\/127456"}],"wp:attachment":[{"href":"https:\/\/www.novaconcursos.com.br\/portal\/wp-json\/wp\/v2\/media?parent=133977"}],"wp:term":[{"taxonomy":"category","embeddable":true,"href":"https:\/\/www.novaconcursos.com.br\/portal\/wp-json\/wp\/v2\/categories?post=133977"},{"taxonomy":"post_tag","embeddable":true,"href":"https:\/\/www.novaconcursos.com.br\/portal\/wp-json\/wp\/v2\/tags?post=133977"}],"curies":[{"name":"wp","href":"https:\/\/api.w.org\/{rel}","templated":true}]}}