{"id":134000,"date":"2021-06-02T17:01:12","date_gmt":"2021-06-02T20:01:12","guid":{"rendered":"https:\/\/www.novaconcursos.com.br\/portal\/?p=134000"},"modified":"2025-12-08T10:30:28","modified_gmt":"2025-12-08T13:30:28","slug":"concurso-inss-novo-edital-10-mil-vagas","status":"publish","type":"post","link":"https:\/\/www.novaconcursos.com.br\/portal\/noticias\/concurso-inss-novo-edital-10-mil-vagas\/","title":{"rendered":"Concurso INSS: Novo edital poder\u00e1 contar com 10 mil vagas!"},"content":{"rendered":"<p>Novo <strong>pedido<\/strong> de <a href=\"https:\/\/www.novaconcursos.com.br\/portal\/concursos\/concurso-inss\/\">concurso INSS<\/a> (Instituto Nacional do Seguro Social) prev\u00ea oferta de <strong>10 mil vagas<\/strong>!<\/p>\n\n\n\n<p>O pedido foi enviado ao Minist\u00e9rio da Economia e o INSS afirmou que as <strong>10 mil vagas<\/strong> requisitadas podem ser <strong>revisadas<\/strong> se isso for contribuir para a aprova\u00e7\u00e3o do ME<\/p>\n\n\n\n<p>Os <strong>cargos<\/strong> para os quais vagas ser\u00e3o destinadas, no entanto, <strong>n\u00e3o foram divulgados.<\/strong><\/p>\n\n\n\n<p>O que se sabe \u00e9 que o Instituto sofre com o <strong>deficit de funcion\u00e1rios<\/strong>, principalmente com a falta de <strong>T\u00e9cnicos e Analistas<\/strong>.<\/p>\n\n\n\n<ul class=\"wp-block-list\"><li><strong>Adquira:<\/strong> <a href=\"https:\/\/www.novaconcursos.com.br\/concurso\/inss-instituto-nacional-do-seguro-social\/apostila\">Apostila Completa INSS<\/a><\/li>\n\n\n\n<li><strong>Adquira: <\/strong><a href=\"https:\/\/www.novaconcursos.com.br\/concurso\/inss-instituto-nacional-do-seguro-social\/curso-online\">Curso Online Completo INSS<\/a><\/li>\n<\/ul><p><\/p>\n\n\n\n<p>O \u00f3rg\u00e3o tem atuado com um deficit de 20.309 T\u00e9cnicos e 2.372 Analistas no seu quadro de servidores. Ou seja, o INSS tem uma <strong>car\u00eancia de mais de 22 mil funcion\u00e1rios <\/strong>em todo o <a href=\"https:\/\/www.novaconcursos.com.br\/portal\/concursos-abertos\/nacional\/\">Brasil<\/a>.<\/p>\n\n\n\n<p>No ano que vem, ser\u00e3o <strong>encerrados os contratos<\/strong> dos militares inativos e dos servidores aposentados, o que significa que o Instituto precisar\u00e1 de <strong>novas contrata\u00e7\u00f5es de imediato<\/strong>.<\/p>\n\n\n\n<p>Esse talvez seja o grande <strong>motivo<\/strong> para o Minist\u00e9rio da Economia aprovar uma<strong> nova sele\u00e7\u00e3o<\/strong> para 2022.<\/p>\n\n\n\n<h2 class=\"wp-block-heading\" id=\"ltimo-concurso-inss-foi-h-mais-de-cinco-anos-\">\u00daltimo concurso INSS foi h\u00e1 mais de cinco anos! <\/h2>\n\n\n\n<p>A \u00faltima sele\u00e7\u00e3o do INSS <strong>ocorreu em 2015<\/strong>, com uma oferta de<strong> 950 vagas<\/strong>.<\/p>\n\n\n\n<p>O Instituto j\u00e1 sofria com a <strong>falta de pessoal<\/strong> na \u00e9poca e as vagas ofertadas n\u00e3o foram <strong>suficientes <\/strong>para suprir as necessidades do \u00f3rg\u00e3o.<\/p>\n\n\n\n<p>As vagas ofertadas naquele ano foram para os cargos de <strong>T\u00e9cnico <\/strong>e de <strong>Analista<\/strong> e os candidatos foram avaliados por <strong>duas Provas<\/strong>, uma sobre Conhecimentos B\u00e1sicos e outra sobre Conhecimentos Espec\u00edficos.<\/p>\n\n\n\n<p>Na Prova dos <strong>T\u00e9cnicos<\/strong>, os assuntos cobrados foram:<\/p>\n\n\n\n<ul class=\"wp-block-list\"><li>\u00c9tica no Servi\u00e7o P\u00fablico;<\/li>\n\n\n\n<li>Regime Jur\u00eddico \u00danico;<\/li>\n\n\n\n<li>No\u00e7\u00f5es de Direito Constitucional;<\/li>\n\n\n\n<li>No\u00e7\u00f5es de Direito Administrativo;<\/li>\n\n\n\n<li>L\u00edngua Portuguesa;<\/li>\n\n\n\n<li>Racioc\u00ednio L\u00f3gico;<\/li>\n\n\n\n<li>No\u00e7\u00f5es de Inform\u00e1tica;<\/li>\n\n\n\n<li>Seguridade Social (Conhecimento Espec\u00edfico).<\/li>\n<\/ul><p><\/p>\n\n\n\n<p>J\u00e1 nas Provas dos <strong>Analistas<\/strong>, o que foi cobrado foi:<\/p>\n\n\n\n<ul class=\"wp-block-list\"><li>L\u00edngua Portuguesa;<\/li>\n\n\n\n<li>Racioc\u00ednio L\u00f3gico;<\/li>\n\n\n\n<li>No\u00e7\u00f5es de Inform\u00e1tica;<\/li>\n\n\n\n<li>Direito Constitucional;<\/li>\n\n\n\n<li>Direito Administrativo;<\/li>\n\n\n\n<li>Legisla\u00e7\u00e3o Previdenci\u00e1ria;<\/li>\n\n\n\n<li>Legisla\u00e7\u00e3o de Assist\u00eancia Social, Sa\u00fade do Trabalhador e da Pessoa com Defici\u00eancia;<\/li>\n\n\n\n<li>Servi\u00e7o Social (Conhecimentos Espec\u00edficos).<\/li>\n<\/ul><p><\/p>\n\n\n\n<p>Depois do concurso de 2015, o INSS fez outro <strong>pedido de novo certame <\/strong>em 2018, que tamb\u00e9m requisitou<strong> 10 mil vagas.<\/strong> A sele\u00e7\u00e3o n\u00e3o se iniciou, por\u00e9m, porque o<strong> ME recusou<\/strong> o pedido.<\/p>\n\n\n\n<h2 class=\"wp-block-heading\" id=\"deficit-no-quadro-de-servidores-afeta-o-funcionamento-do-ins\">Deficit no quadro de servidores afeta o funcionamento do INSS <\/h2>\n\n\n\n<p>O Instituto <a href=\"https:\/\/www.novaconcursos.com.br\/portal\/concursos-previstos\/nacional\/\">Nacional <\/a>de Seguro Social tem uma grande demanda de servi\u00e7os todos os anos. S\u00f3 em 2020, mais de <strong>1,282 milh\u00e3o de pessoas <\/strong>aguardavam para conseguir suas <strong>aposentadorias.<\/strong><\/p>\n\n\n\n<p>No entanto, esse n\u00famero em novembro de 2020 havia ca\u00eddo somente para <strong>1,251 milh\u00e3o.<\/strong><\/p>\n\n\n\n<p>Frente \u00e0 essa situa\u00e7\u00e3o, a solu\u00e7\u00e3o encontrada foi <strong>digitalizar<\/strong> alguns atendimentos e fazer <strong>contrata\u00e7\u00f5es tempor\u00e1rias <\/strong>de militares inativos e de aposentados.<\/p>\n\n\n\n<p>Esses<strong> contratos tempor\u00e1rios se encerram <\/strong>no ano que vem, 2022, e o INSS ter\u00e1 mais um motivo para se preocupar caso o novo concurso n\u00e3o seja aprovado.<\/p>","protected":false},"excerpt":{"rendered":"<p>Novo pedido de concurso INSS (Instituto Nacional do Seguro Social) prev\u00ea oferta de 10 mil vagas! O pedido foi enviado ao Minist\u00e9rio da Economia e o INSS afirmou que as 10 mil vagas requisitadas podem ser revisadas se isso for contribuir para a aprova\u00e7\u00e3o do ME Os cargos para os quais vagas ser\u00e3o destinadas, no [&hellip;]<\/p>\n","protected":false},"author":54673,"featured_media":125279,"comment_status":"closed","ping_status":"closed","sticky":false,"template":"","format":"standard","meta":{"_acf_changed":false,"footnotes":"","_wp_rev_ctl_limit":""},"categories":[228],"tags":[1792,2506,38120,14399,2130,4353,35815,34381],"class_list":["post-134000","post","type-post","status-publish","format-standard","has-post-thumbnail","hentry","category-noticias","tag-concurso-inss","tag-concursos-nacionais","tag-editais-nacionais","tag-edital-inss","tag-inss","tag-instituto-nacional-do-seguro-social-inss","tag-ministerio-da-economia","tag-pedido-concurso-inss"],"acf":[],"_links":{"self":[{"href":"https:\/\/www.novaconcursos.com.br\/portal\/wp-json\/wp\/v2\/posts\/134000","targetHints":{"allow":["GET"]}}],"collection":[{"href":"https:\/\/www.novaconcursos.com.br\/portal\/wp-json\/wp\/v2\/posts"}],"about":[{"href":"https:\/\/www.novaconcursos.com.br\/portal\/wp-json\/wp\/v2\/types\/post"}],"author":[{"embeddable":true,"href":"https:\/\/www.novaconcursos.com.br\/portal\/wp-json\/wp\/v2\/users\/54673"}],"replies":[{"embeddable":true,"href":"https:\/\/www.novaconcursos.com.br\/portal\/wp-json\/wp\/v2\/comments?post=134000"}],"version-history":[{"count":6,"href":"https:\/\/www.novaconcursos.com.br\/portal\/wp-json\/wp\/v2\/posts\/134000\/revisions"}],"predecessor-version":[{"id":299170,"href":"https:\/\/www.novaconcursos.com.br\/portal\/wp-json\/wp\/v2\/posts\/134000\/revisions\/299170"}],"wp:featuredmedia":[{"embeddable":true,"href":"https:\/\/www.novaconcursos.com.br\/portal\/wp-json\/wp\/v2\/media\/125279"}],"wp:attachment":[{"href":"https:\/\/www.novaconcursos.com.br\/portal\/wp-json\/wp\/v2\/media?parent=134000"}],"wp:term":[{"taxonomy":"category","embeddable":true,"href":"https:\/\/www.novaconcursos.com.br\/portal\/wp-json\/wp\/v2\/categories?post=134000"},{"taxonomy":"post_tag","embeddable":true,"href":"https:\/\/www.novaconcursos.com.br\/portal\/wp-json\/wp\/v2\/tags?post=134000"}],"curies":[{"name":"wp","href":"https:\/\/api.w.org\/{rel}","templated":true}]}}