{"id":134083,"date":"2021-06-07T14:21:31","date_gmt":"2021-06-07T17:21:31","guid":{"rendered":"https:\/\/www.novaconcursos.com.br\/portal\/?p=134083"},"modified":"2021-06-07T14:21:34","modified_gmt":"2021-06-07T17:21:34","slug":"concurso-cress-se-provas-suspensas","status":"publish","type":"post","link":"https:\/\/www.novaconcursos.com.br\/portal\/noticias\/concurso-cress-se-provas-suspensas\/","title":{"rendered":"Concurso Cress SE: Tem novamente suas provas suspensas!"},"content":{"rendered":"<p>As <strong>Provas <\/strong>do <a href=\"https:\/\/www.novaconcursos.com.br\/portal\/concursos\/concurso-cress-se\/\">Concurso Cress SE<\/a>, que estavam marcadas para o dia 13 de junho foram<strong> suspensas<\/strong> novamente!<\/p>\n\n\n\n<ul class=\"wp-block-list\"><li><strong>Confira<\/strong>: C<a href=\"https:\/\/www.novaconcursos.com.br\/eventos\/guia-definitivo-como-fazer-uma-boa-revisao\/\" target=\"_blank\" rel=\"noreferrer noopener\" aria-label=\"omo Fazer uma boa Revis\u00e3o  (abre numa nova aba)\">omo Fazer uma boa Revis\u00e3o <\/a>(Gr\u00e1tis)<\/li><\/ul><p><\/p>\n\n\n\n<p>A decis\u00e3o do adiamento, tomada pelo Conselho Regional de Servi\u00e7o Social da 18\u00aa Regi\u00e3o (Cress SE), se deu por conta da situa\u00e7\u00e3o atual da<strong> pandemia de Coronav\u00edrus<\/strong> no Brasil e para que o v\u00edrus n\u00e3o se propague ainda mais no Estado do <a href=\"https:\/\/www.novaconcursos.com.br\/portal\/concursos-abertos\/se\/\">Sergipe<\/a>.<\/p>\n\n\n\n<p>O <strong>comunicado<\/strong> foi feito no site da banca organizadora, o <a href=\"http:\/\/www.quadrix.org.br\/\" target=\"_blank\" rel=\"noreferrer noopener\" aria-label=\"Quadrix (abre numa nova aba)\">Quadrix<\/a>.<\/p>\n\n\n\n<p>As provas aconteceriam no <strong>pr\u00f3ximo dia 13<\/strong>, mas com o comunicado de suspens\u00e3o, o <strong>calend\u00e1rio<\/strong> do concurso fica indefinido.<\/p>\n\n\n\n<p>Um <strong>novo cronograma<\/strong> ser\u00e1 divulgado em um momento mais oportuno.<\/p>\n\n\n\n<h2 class=\"wp-block-heading\" id=\"concurso-cress-se-vagas-\">Concurso Cress SE: vagas <\/h2>\n\n\n\n<p>O edital vigente do Cress Sergipe oferta <strong>29 vagas<\/strong> no total, sendo quatro para ocupa\u00e7\u00e3o imediata e 25 para a forma\u00e7\u00e3o de um cadastro de reserva.<\/p>\n\n\n\n<p>As oportunidades s\u00e3o para os <strong>cargos <\/strong>de:<\/p>\n\n\n\n<ul class=\"wp-block-list\"><li>Assistente Administrativo;<\/li><li>Assistente Social ou Agente Fiscal (Servi\u00e7o Social), Coordenador Geral (Administra\u00e7\u00e3o) e Diretor T\u00e9cnico (Servi\u00e7o Social).<\/li><\/ul><p><\/p>\n\n\n\n<p>As vagas de Assistente Administrativo t\u00eam a exig\u00eancia do <strong>Ensino M\u00e9dio<\/strong>, enquanto as outras tr\u00eas vagas requerem forma\u00e7\u00e3o espec\u00edfica no <strong>Ensino Superior<\/strong> nos cursos de Servi\u00e7o Social e Administra\u00e7\u00e3o.<\/p>\n\n\n\n<p>A <strong>remunera\u00e7\u00e3o<\/strong> para o cargos de n\u00edvel m\u00e9dio fica em torno de <strong>R$ 1,6 mil <\/strong>por m\u00eas. J\u00e1 o sal\u00e1rio dos cargos de n\u00edvel superior \u00e9, em m\u00e9dia, <strong>R$ 2,9 mil<\/strong>.<\/p>\n\n\n\n<p>\u00c9 importante ressaltar que todas as vagas desse edital t\u00eam o direito ao <strong>Aux\u00edlio Sa\u00fade<\/strong> e ao <strong>Aux\u00edlio Transporte<\/strong>.<\/p>\n\n\n\n<p>O concurso ter\u00e1 <strong>validade de dois anos<\/strong> e poder\u00e1 ser prorrogado por igual per\u00edodo. O cadastro de reserva poder\u00e1 ser utilizado nesse meio tempo.<\/p>\n\n\n\n<p>A<strong> lota\u00e7\u00e3o <\/strong>dos cargos ser\u00e1 em Aracaj\u00fa, capital do Estado de<a href=\"https:\/\/www.novaconcursos.com.br\/portal\/concursos-previstos\/se\/\"> Sergipe<\/a>.<\/p>\n\n\n\n<h2 class=\"wp-block-heading\" id=\"como-sero-as-provas-do-concurso-cress-sergipe-\">Como ser\u00e3o as provas do concurso Cress Sergipe? <\/h2>\n\n\n\n<p>As provas do concurso Cress SE ser\u00e1 constitu\u00eddo de 120 quest\u00f5es dividas pelos <strong>t\u00f3picos<\/strong>:<\/p>\n\n\n\n<ul class=\"wp-block-list\"><li>Conhecimento B\u00e1sico (30 quest\u00f5es);<\/li><li>Conhecimentos Complementares (30 quest\u00f5es);<\/li><li>Conhecimentos Espec\u00edficos (60 quest\u00f5es).<\/li><\/ul><p><\/p>\n\n\n\n<p>As <strong>mat\u00e9rias <\/strong>cobradas em cada t\u00f3pico ser\u00e3o:<\/p>\n\n\n\n<ul class=\"wp-block-list\"><li><strong>Conhecimentos B\u00e1sicos<\/strong>: L\u00edngua Portuguesa, No\u00e7\u00f5es de Inform\u00e1tica e Racioc\u00ednio L\u00f3gico Matem\u00e1tico;<\/li><li><strong>Conhecimentos Complementares<\/strong>: Legisla\u00e7\u00e3o e \u00c9tica na Administra\u00e7\u00e3o P\u00fablica e No\u00e7\u00f5es de Direito Administrativo.<\/li><\/ul><p><\/p>\n\n\n\n<p>O<strong> candidato<\/strong> dever\u00e1 tirar dez pontos nas duas Provas de Conhecimentos B\u00e1sicos e Completares e 21 pontos na Prova de Conhecimentos Espec\u00edficos <strong>para ser aprovado<\/strong>.<\/p>","protected":false},"excerpt":{"rendered":"<p>As Provas do Concurso Cress SE, que estavam marcadas para o dia 13 de junho foram suspensas novamente! Confira: Como Fazer uma boa Revis\u00e3o (Gr\u00e1tis) A decis\u00e3o do adiamento, tomada pelo Conselho Regional de Servi\u00e7o Social da 18\u00aa Regi\u00e3o (Cress SE), se deu por conta da situa\u00e7\u00e3o atual da pandemia de Coronav\u00edrus no Brasil e [&hellip;]<\/p>\n","protected":false},"author":54673,"featured_media":134247,"comment_status":"closed","ping_status":"closed","sticky":false,"template":"","format":"standard","meta":{"_acf_changed":false,"footnotes":"","_wp_rev_ctl_limit":""},"categories":[228],"tags":[39202,39199,39203,39198,39204,39200,39201],"class_list":["post-134083","post","type-post","status-publish","format-standard","has-post-thumbnail","hentry","category-noticias","tag-adiamento-provas-cress-se","tag-concurso-cress-se","tag-concursos-se","tag-cress-se","tag-editais-se","tag-edital-cress-se","tag-provas-cress-se"],"acf":[],"_links":{"self":[{"href":"https:\/\/www.novaconcursos.com.br\/portal\/wp-json\/wp\/v2\/posts\/134083","targetHints":{"allow":["GET"]}}],"collection":[{"href":"https:\/\/www.novaconcursos.com.br\/portal\/wp-json\/wp\/v2\/posts"}],"about":[{"href":"https:\/\/www.novaconcursos.com.br\/portal\/wp-json\/wp\/v2\/types\/post"}],"author":[{"embeddable":true,"href":"https:\/\/www.novaconcursos.com.br\/portal\/wp-json\/wp\/v2\/users\/54673"}],"replies":[{"embeddable":true,"href":"https:\/\/www.novaconcursos.com.br\/portal\/wp-json\/wp\/v2\/comments?post=134083"}],"version-history":[{"count":5,"href":"https:\/\/www.novaconcursos.com.br\/portal\/wp-json\/wp\/v2\/posts\/134083\/revisions"}],"predecessor-version":[{"id":134248,"href":"https:\/\/www.novaconcursos.com.br\/portal\/wp-json\/wp\/v2\/posts\/134083\/revisions\/134248"}],"wp:featuredmedia":[{"embeddable":true,"href":"https:\/\/www.novaconcursos.com.br\/portal\/wp-json\/wp\/v2\/media\/134247"}],"wp:attachment":[{"href":"https:\/\/www.novaconcursos.com.br\/portal\/wp-json\/wp\/v2\/media?parent=134083"}],"wp:term":[{"taxonomy":"category","embeddable":true,"href":"https:\/\/www.novaconcursos.com.br\/portal\/wp-json\/wp\/v2\/categories?post=134083"},{"taxonomy":"post_tag","embeddable":true,"href":"https:\/\/www.novaconcursos.com.br\/portal\/wp-json\/wp\/v2\/tags?post=134083"}],"curies":[{"name":"wp","href":"https:\/\/api.w.org\/{rel}","templated":true}]}}