{"id":134163,"date":"2021-06-07T14:32:32","date_gmt":"2021-06-07T17:32:32","guid":{"rendered":"https:\/\/www.novaconcursos.com.br\/portal\/?p=134163"},"modified":"2021-06-07T14:32:35","modified_gmt":"2021-06-07T17:32:35","slug":"concurso-sefaz-rr-4-bancas-estao-na-disputa-confira","status":"publish","type":"post","link":"https:\/\/www.novaconcursos.com.br\/portal\/noticias\/concurso-sefaz-rr-4-bancas-estao-na-disputa-confira\/","title":{"rendered":"Concurso Sefaz RR: 4 bancas est\u00e3o na disputa, confira!"},"content":{"rendered":"<p>O <a href=\"https:\/\/www.novaconcursos.com.br\/portal\/concursos\/concurso-sefaz-rr\/\">concurso Sefaz RR<\/a> (Secretaria da Fazenda de Roraima) ainda est\u00e1 no <strong>processo de escolha<\/strong> da banca organizadora, que \u00e9 a \u00faltima etapa para publica\u00e7\u00e3o do edital. <\/p>\n\n\n\n<ul class=\"wp-block-list\"><li><strong>Adquira:<\/strong> <a rel=\"noreferrer noopener\" aria-label=\"Como Montar Mapas Mentais - guia GR\u00c1TIS (abre numa nova aba)\" href=\"https:\/\/www.novaconcursos.com.br\/eventos\/guia-definitivo-como-montar-um-mapa-mental\/\" target=\"_blank\">Como Montar Mapas Mentais \u2013 guia GR\u00c1TIS<\/a><\/li><\/ul><p><\/p>\n\n\n\n<p>S\u00e3o <strong>4 bancas<\/strong> na disputa, sendo:<\/p>\n\n\n\n<ul class=\"wp-block-list\"><li>Idecan (Instituto de Desenvolvimento Educacional, Cultural e Assistencial Nacional);<\/li><li>FGV (Funda\u00e7\u00e3o Get\u00falio Vargas);<\/li><li>FCC (Funda\u00e7\u00e3o Carlos Chagas);<\/li><li>Cebraspe (Centro Brasileiro de Pesquisa em Avalia\u00e7\u00e3o e Sele\u00e7\u00e3o e de Promo\u00e7\u00e3o de Eventos).<\/li><\/ul><p><\/p>\n\n\n\n<p>Apesar de o edital estar previsto para o 1\u00ba semestre, o processo ainda est\u00e1 <strong>em andamento<\/strong>, e deve ser aberto <strong>apenas no 2\u00ba semestre<\/strong>, em julho. <\/p>\n\n\n\n<p>Al\u00e9m disso, as propostas <strong>foram recebidas<\/strong> at\u00e9 o dia 20 de maio, a expectativa \u00e9 de que o resultado da banca escolhida seja divulgado nos <strong>pr\u00f3ximos dias<\/strong>.<\/p>\n\n\n\n<h2 class=\"wp-block-heading\" id=\"edital-concurso-sefaz-rr\">Edital concurso Sefaz RR<\/h2>\n\n\n\n<p>Apesar do edital ainda <strong>n\u00e3o ter sido publicado<\/strong>, o projeto b\u00e1sico do <a href=\"https:\/\/www.novaconcursos.com.br\/portal\/concursos-abertos\/RR\/\">concurso<\/a> j\u00e1 foi divulgado, e confirma <strong>30 vagas<\/strong> para o cargo de Auditor-Fiscal de Tributos Estaduais.<\/p>\n\n\n\n<p>S\u00e3o <strong>20 vagas imediatas<\/strong> e 10 cadastros reservas oferecidos, que dever\u00e1 valer durante o <strong>prazo de validade<\/strong> do certame.<\/p>\n\n\n\n<p>A carreira tem como <strong>requisito<\/strong> o ensino superior completo em qualquer \u00e1rea de forma\u00e7\u00e3o, e o <strong>sal\u00e1rio inicial<\/strong>, na \u00e9poca, era de <strong>R$ 5.484,09<\/strong>, em 2006.<\/p>\n\n\n\n<p>O projeto tamb\u00e9m traz <strong>as etapas<\/strong> do <a href=\"https:\/\/www.novaconcursos.com.br\/portal\/concursos-previstos\/RR\/\">concurso p\u00fablico<\/a>, que ser\u00e3o provas objetivas e curso de treinamento, de <strong>car\u00e1ter eliminat\u00f3rio<\/strong>. As etapas ser\u00e3o realizadas na cidade de Boa Vista, em Roraima.<\/p>\n\n\n\n<p>Da<strong> prova objetiva<\/strong>, as disciplinas tamb\u00e9m est\u00e3o confirmadas, ser\u00e3o os seguintes temas:<\/p>\n\n\n\n<ul class=\"wp-block-list\"><li>L\u00edngua Portuguesa;<\/li><li>Direito Tribut\u00e1rio;<\/li><li>Legisla\u00e7\u00e3o Tribut\u00e1ria;<\/li><li>Direito Constitucional, Administrativo, Civil, Penal, Comercial;<\/li><li>Contabilidade Geral, Comercial, de Custos, P\u00fablica;<\/li><li>Matem\u00e1tica e Estat\u00edstica.<\/li><\/ul><p><\/p>\n\n\n\n<p>Tamb\u00e9m foram divulgadas <strong>as disciplinas<\/strong> que ir\u00e3o ser cobradas no curso de treinamento, com cargas hor\u00e1rias de 24h e 16h a serem cumpridas. Veja quais:<\/p>\n\n\n\n<ul class=\"wp-block-list\"><li>Direito Tribut\u00e1rio e Direito Penal;<\/li><li>Legisla\u00e7\u00e3o Tribut\u00e1ria 1;<\/li><li>Legisla\u00e7\u00e3o Tribut\u00e1ria 2 e Contabilidade Geral;<\/li><li>Administra\u00e7\u00e3o P\u00fablica.<\/li><\/ul><p><\/p>\n\n\n\n<p>Al\u00e9m disso, o deficit de funcion\u00e1rios na Sefaz RR \u00e9 um ponto para que ocorra um <strong>novo concurso<\/strong>, j\u00e1 que a redu\u00e7\u00e3o de servidores \u00e9 de <strong>32,70% <\/strong>anual.<\/p>\n\n\n\n<p>Sem recomposi\u00e7\u00e3o do quadro de pessoal, \u00e9 prov\u00e1vel de que em 2025 o \u00f3rg\u00e3o conte apenas com <strong>35 funcion\u00e1rios<\/strong> efetivos, e o n\u00famero adequado de servidores p\u00fablicos \u00e9 de 82. <\/p>\n\n\n\n<h2 class=\"wp-block-heading\" id=\"ltimo-concurso\">\u00daltimo concurso<\/h2>\n\n\n\n<p>O <strong>\u00faltimo edital<\/strong> foi publicado em 2006, e foram ofertadas <strong>30 vagas<\/strong> para a carreira de Auditor-Fiscal, com jornada de trabalho de 40h semanais.<\/p>\n\n\n\n<p>O <strong>requisito<\/strong> era ensino superior completo em \u00e1reas espec\u00edficas como Administra\u00e7\u00e3o, Direito, Economia ou Ci\u00eancias Cont\u00e1beis.<\/p>\n\n\n\n<p>A <strong>banca organizadora<\/strong> do concurso foi o Cetap, e a prova foi dividida em apenas 2 etapas tamb\u00e9m, com prova objetiva e curso de treinamento.<\/p>\n\n\n\n<p>Na <strong>prova objetiva<\/strong> foram cobradas <strong>60 quest\u00f5es<\/strong> de m\u00faltipla escolha, de car\u00e1ter eliminat\u00f3rio, com as seguintes disciplinas: L\u00edngua Portuguesa, Conhecimentos Gerais e Conhecimentos Espec\u00edficos.<\/p>\n\n\n\n<p>O <strong>concurso p\u00fablico<\/strong> n\u00e3o tem um novo edital faz 15 anos e a <strong>contrata\u00e7\u00e3o de novos<\/strong> profissionais \u00e9 urgente e importante para a Sefaz RR.<\/p>","protected":false},"excerpt":{"rendered":"<p>O concurso Sefaz RR (Secretaria da Fazenda de Roraima) ainda est\u00e1 no processo de escolha da banca organizadora, que \u00e9 a \u00faltima etapa para publica\u00e7\u00e3o do edital. Adquira: Como Montar Mapas Mentais \u2013 guia GR\u00c1TIS S\u00e3o 4 bancas na disputa, sendo: Idecan (Instituto de Desenvolvimento Educacional, Cultural e Assistencial Nacional); FGV (Funda\u00e7\u00e3o Get\u00falio Vargas); FCC [&hellip;]<\/p>\n","protected":false},"author":16,"featured_media":121507,"comment_status":"closed","ping_status":"closed","sticky":false,"template":"","format":"standard","meta":{"_acf_changed":false,"footnotes":"","_wp_rev_ctl_limit":""},"categories":[228],"tags":[39240,38327,36745,2578,39238,115,36706,38326,39239,38325],"class_list":["post-134163","post","type-post","status-publish","format-standard","has-post-thumbnail","hentry","category-noticias","tag-bancas-organizadoras-concurso-sefaz-rr","tag-cargos-concurso-sefaz-rr","tag-concurso-sefaz-rr","tag-concursos-publicos","tag-edital-concurso-sefaz-rr","tag-nova-concursos","tag-roraima","tag-salario-concurso-sefaz-rr","tag-ultimo-concurso-sefaz-rr","tag-vagas-concurso-sefaz-rr"],"acf":[],"_links":{"self":[{"href":"https:\/\/www.novaconcursos.com.br\/portal\/wp-json\/wp\/v2\/posts\/134163","targetHints":{"allow":["GET"]}}],"collection":[{"href":"https:\/\/www.novaconcursos.com.br\/portal\/wp-json\/wp\/v2\/posts"}],"about":[{"href":"https:\/\/www.novaconcursos.com.br\/portal\/wp-json\/wp\/v2\/types\/post"}],"author":[{"embeddable":true,"href":"https:\/\/www.novaconcursos.com.br\/portal\/wp-json\/wp\/v2\/users\/16"}],"replies":[{"embeddable":true,"href":"https:\/\/www.novaconcursos.com.br\/portal\/wp-json\/wp\/v2\/comments?post=134163"}],"version-history":[{"count":3,"href":"https:\/\/www.novaconcursos.com.br\/portal\/wp-json\/wp\/v2\/posts\/134163\/revisions"}],"predecessor-version":[{"id":134175,"href":"https:\/\/www.novaconcursos.com.br\/portal\/wp-json\/wp\/v2\/posts\/134163\/revisions\/134175"}],"wp:featuredmedia":[{"embeddable":true,"href":"https:\/\/www.novaconcursos.com.br\/portal\/wp-json\/wp\/v2\/media\/121507"}],"wp:attachment":[{"href":"https:\/\/www.novaconcursos.com.br\/portal\/wp-json\/wp\/v2\/media?parent=134163"}],"wp:term":[{"taxonomy":"category","embeddable":true,"href":"https:\/\/www.novaconcursos.com.br\/portal\/wp-json\/wp\/v2\/categories?post=134163"},{"taxonomy":"post_tag","embeddable":true,"href":"https:\/\/www.novaconcursos.com.br\/portal\/wp-json\/wp\/v2\/tags?post=134163"}],"curies":[{"name":"wp","href":"https:\/\/api.w.org\/{rel}","templated":true}]}}