{"id":134209,"date":"2021-06-08T15:04:41","date_gmt":"2021-06-08T18:04:41","guid":{"rendered":"https:\/\/www.novaconcursos.com.br\/portal\/?p=134209"},"modified":"2025-12-29T11:39:26","modified_gmt":"2025-12-29T14:39:26","slug":"concurso-pf-administrativo-cronograma-divulgado","status":"publish","type":"post","link":"https:\/\/www.novaconcursos.com.br\/portal\/noticias\/concurso-pf-administrativo-cronograma-divulgado\/","title":{"rendered":"Concurso PF Administrativo: Tem cronograma com datas previstas!"},"content":{"rendered":"<p>O cronograma do <a href=\"https:\/\/www.novaconcursos.com.br\/portal\/concursos\/pf-administrativo\/\">concurso PF Administrativo<\/a> foi publicado com as <strong>datas previstas<\/strong>. O concurso, que foi solicitado ao Minist\u00e9rio da Economia, aguarda aval de <strong>557 vagas<\/strong> para n\u00edvel m\u00e9dio e superior, para ingresso na Pol\u00edcia Federal.<\/p>\n\n\n\n<ul class=\"wp-block-list\"><li><strong>Confira: <\/strong><a aria-label=\" (abre numa nova aba)\" href=\"https:\/\/www.novaconcursos.com.br\/eventos\/guia-definitivo-como-fazer-uma-boa-revisao\/\" target=\"_blank\" rel=\"noreferrer noopener\">Como Fazer uma Boa Revis\u00e3o \u2013 guia GR\u00c1TIS<\/a><\/li>\n<\/ul><p><\/p>\n\n\n\n<p>Os <strong>boatos do cronograma<\/strong> rodaram a internet na \u00faltima sexta-feira, 4 de junho. O \u00faltimo concurso p\u00fablico realizado foi no ano de 2013, tamb\u00e9m para a \u00e1rea administrativa.<\/p>\n\n\n\n<ul class=\"wp-block-list\"><li><strong>Adquira: <\/strong><a href=\"https:\/\/www.novaconcursos.com.br\/concurso\/pf-policia-federal\/apostila\">Apostilas concurso PF Administrativo<\/a><\/li>\n\n\n\n<li><strong>Adquira:<\/strong> <a href=\"https:\/\/www.novaconcursos.com.br\/concurso\/pf-policia-federal\/curso-online\">Cursos Online concurso PF Administrativo<\/a><\/li>\n<\/ul><p><\/p>\n\n\n\n<p>O documento que circula, indica previs\u00e3o de <strong>autoriza\u00e7\u00e3o em julho<\/strong> e com o andamento da sele\u00e7\u00e3o, edital publicado em setembro deste ano e provas para 2022, veja abaixo:<\/p>\n\n\n\n<ul class=\"wp-block-list\"><li>Autoriza\u00e7\u00e3o \u2013 01\/07\/2021;<\/li>\n\n\n\n<li>Assinatura do contrato com a banca \u2013 02\/09\/2021;<\/li>\n\n\n\n<li>Publica\u00e7\u00e3o do edital de abertura \u2013 21\/09\/2021;<\/li>\n\n\n\n<li>Aplica\u00e7\u00e3o das provas objetivas e discursivas \u2013 23\/01\/2022;<\/li>\n\n\n\n<li>Pericia M\u00e9dica de candidatos PCD \u2013 06\/03\/2022;<\/li>\n\n\n\n<li>Heteroidentifica\u00e7\u00e3o de candidatos negros \u2013 07\/03\/2022;<\/li>\n\n\n\n<li>Resultado final do concurso \u2013 01\/04\/2022;<\/li>\n\n\n\n<li>Nomea\u00e7\u00e3o \u2013 07\/04\/2022.<\/li>\n<\/ul><p><\/p>\n\n\n\n<h2 class=\"wp-block-heading\" id=\"requisitos-do-concurso-\">Requisitos do concurso <\/h2>\n\n\n\n<p>S\u00e3o <strong>requisitos b\u00e1sicos<\/strong> para investiduras nas carreiras oferecidas pelo departamento da Pol\u00edcia Federal no concurso:<\/p>\n\n\n\n<ul class=\"wp-block-list\"><li>Ter <strong>nacionalidade<\/strong> brasileira ou portuguesa;<\/li>\n\n\n\n<li>Estar <strong>em gozo<\/strong> dos direitos pol\u00edticos;<\/li>\n\n\n\n<li>Estar quite com as <strong>obriga\u00e7\u00f5es militares<\/strong> (se for do sexo masculino);<\/li>\n\n\n\n<li>Cumprir com as <strong>obriga\u00e7\u00f5es eleitorais<\/strong>;<\/li>\n\n\n\n<li>Ter<strong> idade m\u00ednima<\/strong> de 18 anos na data de posse;<\/li>\n\n\n\n<li>Possuir <strong>aptid\u00e3o f\u00edsica e mental<\/strong> para o exerc\u00edcio das fun\u00e7\u00f5es do cargo.<\/li>\n<\/ul><p><\/p>\n\n\n\n<p>Al\u00e9m disso o <a href=\"https:\/\/www.novaconcursos.com.br\/portal\/concursos-abertos\/nacional\/\">concurso<\/a><strong> vai requerer<\/strong> ensino m\u00e9dio completo ou ensino superior completo para poder fazer a inscri\u00e7\u00e3o no concurso p\u00fablico.<\/p>\n\n\n\n<h2 class=\"wp-block-heading\" id=\"ltimo-concurso-pf-administrativo\">\u00daltimo concurso PF Administrativo<\/h2>\n\n\n\n<p>O <a href=\"http:\/\/www.cespe.unb.br\/concursos\/dpf_13_administrativo\/arquivos\/ED_1_2013_DPF_ADMINISTRATIVO___ABERTURA.PDF\" target=\"_blank\" rel=\"noreferrer noopener\" aria-label=\" (abre numa nova aba)\">\u00faltimo edital<\/a> ofertado para a \u00e1rea administrativa contou com 9 carreiras ofertadas com <strong>566 vagas<\/strong> distribu\u00eddas entre elas. <\/p>\n\n\n\n<p>O <strong>sal\u00e1rio inicial <\/strong>varia de <strong>R$ 3.316,77 a R$ 5.081,18<\/strong> a depender do n\u00edvel de forma\u00e7\u00e3o e cargo do <a href=\"https:\/\/www.novaconcursos.com.br\/portal\/concursos-abertos\/nacional\/\">concurso p\u00fablico<\/a>, com jornada de trabalho de 40h semanais. Os cargos ofertados foram:<\/p>\n\n\n\n<ul class=\"wp-block-list\"><li>Administrador;<\/li>\n\n\n\n<li>Arquivista;<\/li>\n\n\n\n<li>Assistente Social;<\/li>\n\n\n\n<li>Contador;<\/li>\n\n\n\n<li>Engenheiro Civil, Eletricista, Mec\u00e2nico;<\/li>\n\n\n\n<li>Psic\u00f3logo;<\/li>\n\n\n\n<li>Agente Administrativo.<\/li>\n<\/ul><p><\/p>\n\n\n\n<p>As <strong>etapas do concurso<\/strong> consistiram em Provas Objetivas e Discursivas, com 4 horas de dura\u00e7\u00e3o, contendo <strong>120 quest\u00f5es<\/strong> no padr\u00e3o Cebraspe, de <strong>CERTO ou ERRADO<\/strong>.<\/p>\n\n\n\n<p>Das <strong>provas objetivas<\/strong>, foram cobradas disciplinas de conhecimentos gerais e espec\u00edficos a depender do n\u00edvel de forma\u00e7\u00e3o, sendo elas:<\/p>\n\n\n\n<p><strong>N\u00edvel Superior<\/strong><\/p>\n\n\n\n<ul class=\"wp-block-list\"><li>L\u00edngua Portuguesa;<\/li>\n\n\n\n<li>Racioc\u00ednio L\u00f3gico;<\/li>\n\n\n\n<li>No\u00e7\u00f5es de Inform\u00e1tica;<\/li>\n\n\n\n<li>No\u00e7\u00f5es de Direito Administrativo, Constitucional;<\/li>\n\n\n\n<li>Conhecimentos Espec\u00edficos.<\/li>\n<\/ul><p><\/p>\n\n\n\n<p><strong>N\u00edvel Intermedi\u00e1rio<\/strong><\/p>\n\n\n\n<ul class=\"wp-block-list\"><li>L\u00edngua Portuguesa;<\/li>\n\n\n\n<li>No\u00e7\u00f5es de Inform\u00e1tica;<\/li>\n\n\n\n<li>Racioc\u00ednio L\u00f3gico;<\/li>\n\n\n\n<li>Atualidades;<\/li>\n\n\n\n<li>No\u00e7\u00f5es de Direito Administrativo, Constitucional;<\/li>\n\n\n\n<li>Conhecimentos Espec\u00edficos.<\/li>\n<\/ul><p><\/p>\n\n\n\n<p>No caso, a <strong>prova discursiva<\/strong> que ser\u00e1 cobrada, valer\u00e1 apenas para os cargos de n\u00edvel superior, n\u00e3o sendo aplicadas para o n\u00edvel m\u00e9dio.<\/p>","protected":false},"excerpt":{"rendered":"<p>O cronograma do concurso PF Administrativo foi publicado com as datas previstas. O concurso, que foi solicitado ao Minist\u00e9rio da Economia, aguarda aval de 557 vagas para n\u00edvel m\u00e9dio e superior, para ingresso na Pol\u00edcia Federal. Os boatos do cronograma rodaram a internet na \u00faltima sexta-feira, 4 de junho. O \u00faltimo concurso p\u00fablico realizado foi [&hellip;]<\/p>\n","protected":false},"author":16,"featured_media":132401,"comment_status":"closed","ping_status":"closed","sticky":false,"template":"","format":"standard","meta":{"_acf_changed":false,"footnotes":"","_wp_rev_ctl_limit":""},"categories":[228],"tags":[39268,34453,37074,2506,2578,38736,115,202,39266,39269,39267],"class_list":["post-134209","post","type-post","status-publish","format-standard","has-post-thumbnail","hentry","category-noticias","tag-cargos-concurso-pf-administrativo","tag-cebraspe","tag-concurso-pf-administrativo","tag-concursos-nacionais","tag-concursos-publicos","tag-edital-concurso-pf-area-administrativa","tag-nova-concursos","tag-policia-federal","tag-salarios-concurso-pf-administrativo","tag-ultimo-concurso-pf-administrativo","tag-vagas-concurso-pf-administrativo"],"acf":[],"_links":{"self":[{"href":"https:\/\/www.novaconcursos.com.br\/portal\/wp-json\/wp\/v2\/posts\/134209","targetHints":{"allow":["GET"]}}],"collection":[{"href":"https:\/\/www.novaconcursos.com.br\/portal\/wp-json\/wp\/v2\/posts"}],"about":[{"href":"https:\/\/www.novaconcursos.com.br\/portal\/wp-json\/wp\/v2\/types\/post"}],"author":[{"embeddable":true,"href":"https:\/\/www.novaconcursos.com.br\/portal\/wp-json\/wp\/v2\/users\/16"}],"replies":[{"embeddable":true,"href":"https:\/\/www.novaconcursos.com.br\/portal\/wp-json\/wp\/v2\/comments?post=134209"}],"version-history":[{"count":7,"href":"https:\/\/www.novaconcursos.com.br\/portal\/wp-json\/wp\/v2\/posts\/134209\/revisions"}],"predecessor-version":[{"id":301523,"href":"https:\/\/www.novaconcursos.com.br\/portal\/wp-json\/wp\/v2\/posts\/134209\/revisions\/301523"}],"wp:featuredmedia":[{"embeddable":true,"href":"https:\/\/www.novaconcursos.com.br\/portal\/wp-json\/wp\/v2\/media\/132401"}],"wp:attachment":[{"href":"https:\/\/www.novaconcursos.com.br\/portal\/wp-json\/wp\/v2\/media?parent=134209"}],"wp:term":[{"taxonomy":"category","embeddable":true,"href":"https:\/\/www.novaconcursos.com.br\/portal\/wp-json\/wp\/v2\/categories?post=134209"},{"taxonomy":"post_tag","embeddable":true,"href":"https:\/\/www.novaconcursos.com.br\/portal\/wp-json\/wp\/v2\/tags?post=134209"}],"curies":[{"name":"wp","href":"https:\/\/api.w.org\/{rel}","templated":true}]}}