{"id":134565,"date":"2021-06-11T08:10:05","date_gmt":"2021-06-11T11:10:05","guid":{"rendered":"https:\/\/www.novaconcursos.com.br\/portal\/?p=134565"},"modified":"2025-12-08T10:32:31","modified_gmt":"2025-12-08T13:32:31","slug":"concurso-depen-temporarios-locais-provas","status":"publish","type":"post","link":"https:\/\/www.novaconcursos.com.br\/portal\/noticias\/concurso-depen-temporarios-locais-provas\/","title":{"rendered":"Concurso Depen Tempor\u00e1rios: Confira os locais de provas!"},"content":{"rendered":"<p>Os <strong>locais <\/strong>onde ocorrer\u00e3o as provas do <a href=\"https:\/\/www.novaconcursos.com.br\/portal\/concursos\/senappen\/\">concurso Depen <\/a>Tempor\u00e1rios j\u00e1 foram <strong>divulgados<\/strong>.<\/p>\n\n\n\n<ul class=\"wp-block-list\"><li><strong>Confira<\/strong>: <a aria-label=\"Plano de Estudos Passo a Passo (abre numa nova aba)\" href=\"https:\/\/www.novaconcursos.com.br\/eventos\/guia-definitivo-plano-de-estudos-passo-a-passo\/\" target=\"_blank\" rel=\"noreferrer noopener\">Plano de Estudos Passo a Passo<\/a> (Gr\u00e1tis)<\/li>\n<\/ul><p><\/p>\n\n\n\n<p>As informa\u00e7\u00f5es foram publicadas pelo site do <a href=\"https:\/\/idib.org.br\/\" target=\"_blank\" rel=\"noreferrer noopener\" aria-label=\" (abre numa nova aba)\">Idib<\/a>, que \u00e9 a banca organizadora do certame, e os candidatos poder\u00e3o <strong>consultar individualmente os locais<\/strong>.<\/p>\n\n\n\n<p>Os <strong>exames <\/strong>acontecer\u00e3o no pr\u00f3ximo domingo, <strong>dia 13 de junho<\/strong>, em Bras\u00edlia, do Distrito <a href=\"https:\/\/www.novaconcursos.com.br\/portal\/concursos-abertos\/nacional\/\">Federal<\/a>.<\/p>\n\n\n\n<ul class=\"wp-block-list\"><li><strong>Adquira<\/strong>: <a href=\"https:\/\/www.novaconcursos.com.br\/concurso\/depen-departamento-penitenciario-nacional\/apostila\">Apostila Completa Depen<\/a><\/li>\n\n\n\n<li><strong>Adquira<\/strong>: <a href=\"https:\/\/www.novaconcursos.com.br\/concurso\/depen-departamento-penitenciario-nacional\/curso-online\">Curso Online Completo Depen<\/a><\/li>\n<\/ul><p><\/p>\n\n\n\n<p>O edital atual do Departamento Penitenci\u00e1rio <a href=\"https:\/\/www.novaconcursos.com.br\/portal\/concursos-previstos\/nacional\/\">Nacional<\/a> est\u00e1 ofertando <strong>107 vagas imediatas<\/strong> tempor\u00e1rias para a \u00e1rea de engenharia, reformas e reparos gerais nos estabelecimentos penitenci\u00e1rios.<\/p>\n\n\n\n<p>Al\u00e9m das vagas imediatas, mais <strong>1.070 vagas<\/strong> ser\u00e3o destinadas a uma forma\u00e7\u00e3o de <strong>cadastro de reserva<\/strong>, que poder\u00e1 ser utilizado durante o per\u00edodo de validade do concurso, que \u00e9 de dois anos.<\/p>\n\n\n\n<h2 class=\"wp-block-heading\" id=\"prximas-datas-do-concurso-depen-temporrios-\">Pr\u00f3ximas datas do concurso Depen Tempor\u00e1rios <\/h2>\n\n\n\n<p>A prova do concurso Depen Tempor\u00e1rios acontecer\u00e1 no dia <strong>13 de junho<\/strong>. Confira maiores informa\u00e7\u00f5es sobre o <strong>cronograma <\/strong>da sele\u00e7\u00e3o.<\/p>\n\n\n\n<ul class=\"wp-block-list\"><li>Divulga\u00e7\u00e3o dos gabaritos preliminares: 14 de junho;<\/li>\n\n\n\n<li>Per\u00edodo para entrar com recurso contra o gabarito: 15 e 16 de junho;<\/li>\n\n\n\n<li>Divulga\u00e7\u00e3o dos gabaritos oficiais: 23 de junho;<\/li>\n\n\n\n<li>Resultado preliminar das Provas Objetivas: 23 de junho;<\/li>\n\n\n\n<li>Per\u00edodo para entrar com recurso contra o resultado preliminar: 24 e 25 de junho;<\/li>\n\n\n\n<li>Resultado final das Provas Objetivas: 01\u00ba de julho;<\/li>\n\n\n\n<li>Convoca\u00e7\u00e3o para a Prova de T\u00edtulos: 01\u00ba de julho;<\/li>\n\n\n\n<li>Prazo para o envio dos t\u00edtulos, das certifica\u00e7\u00f5es e dos comprovantes de experi\u00eancia profissional: de 2 a 6 de julho;<\/li>\n\n\n\n<li>Resultado preliminar da Prova de T\u00edtulos: 16 de julho;<\/li>\n\n\n\n<li>Per\u00edodo para entrar com recurso contra o resultado preliminar: 19 e 20 de julho;<\/li>\n\n\n\n<li>Resultado final da Prova de T\u00edtulos: 28 de julho.<\/li>\n<\/ul><p><\/p>\n\n\n\n<h2 class=\"wp-block-heading\" id=\"como-sero-as-provas-do-certame-\">Como ser\u00e3o as provas do certame? <\/h2>\n\n\n\n<p>As <strong>provas <\/strong>ser\u00e3o constitu\u00eddas de <strong>60 quest\u00f5es<\/strong>, sendo 30 sobre Conhecimentos B\u00e1sicos e 30 sobre Conhecimentos Espec\u00edficos.<\/p>\n\n\n\n<p>As quest\u00f5es de <strong>Conhecimento Espec\u00edfico<\/strong> ter\u00e3o peso 2.<\/p>\n\n\n\n<p>No bloco de quest\u00f5es sobre <strong>Conhecimentos B\u00e1sicos<\/strong>, ser\u00e3o cobradas as seguintes mat\u00e9rias:<\/p>\n\n\n\n<ul class=\"wp-block-list\"><li>L\u00edngua Portuguesa;<\/li>\n\n\n\n<li>L\u00edngua Estrangeira (ingl\u00eas intermedi\u00e1rio);<\/li>\n\n\n\n<li>Racioc\u00ednio L\u00f3gico; e<\/li>\n\n\n\n<li>No\u00e7\u00f5es de Inform\u00e1tica.<\/li>\n<\/ul><p><\/p>\n\n\n\n<p>Al\u00e9m das provas escritas, haver\u00e1 tamb\u00e9m uma <strong>prova de t\u00edtulos<\/strong> que ter\u00e1 car\u00e1ter classificat\u00f3rio.<\/p>\n\n\n\n<p>Os candidatos que forem aprovados no concurso para o cargo de <strong>Especialista<\/strong>, ter\u00e3o remunera\u00e7\u00e3o de <strong>R$ 8,2 mil<\/strong>, enquanto os que forem convocados para a carreira de <strong>Analista<\/strong> receber\u00e3o <strong>R$ 6,2 mil<\/strong> por m\u00eas.<\/p>\n\n\n\n<p>Ambas\nas carreiras t\u00eam carga de 40 horas semanais.<\/p>","protected":false},"excerpt":{"rendered":"<p>Os locais onde ocorrer\u00e3o as provas do concurso Depen Tempor\u00e1rios j\u00e1 foram divulgados. As informa\u00e7\u00f5es foram publicadas pelo site do Idib, que \u00e9 a banca organizadora do certame, e os candidatos poder\u00e3o consultar individualmente os locais. Os exames acontecer\u00e3o no pr\u00f3ximo domingo, dia 13 de junho, em Bras\u00edlia, do Distrito Federal. O edital atual do [&hellip;]<\/p>\n","protected":false},"author":54673,"featured_media":128338,"comment_status":"closed","ping_status":"closed","sticky":false,"template":"","format":"standard","meta":{"_acf_changed":false,"footnotes":"","_wp_rev_ctl_limit":""},"categories":[228],"tags":[6315,39356,2506,3166,6318,39355,38120,8151,39357],"class_list":["post-134565","post","type-post","status-publish","format-standard","has-post-thumbnail","hentry","category-noticias","tag-concurso-depen","tag-concurso-depen-temporarios","tag-concursos-nacionais","tag-departamento-penitenciario-nacional","tag-depen","tag-depen-temporarios","tag-editais-nacionais","tag-edital-depen","tag-edital-depen-temporarios"],"acf":[],"_links":{"self":[{"href":"https:\/\/www.novaconcursos.com.br\/portal\/wp-json\/wp\/v2\/posts\/134565","targetHints":{"allow":["GET"]}}],"collection":[{"href":"https:\/\/www.novaconcursos.com.br\/portal\/wp-json\/wp\/v2\/posts"}],"about":[{"href":"https:\/\/www.novaconcursos.com.br\/portal\/wp-json\/wp\/v2\/types\/post"}],"author":[{"embeddable":true,"href":"https:\/\/www.novaconcursos.com.br\/portal\/wp-json\/wp\/v2\/users\/54673"}],"replies":[{"embeddable":true,"href":"https:\/\/www.novaconcursos.com.br\/portal\/wp-json\/wp\/v2\/comments?post=134565"}],"version-history":[{"count":4,"href":"https:\/\/www.novaconcursos.com.br\/portal\/wp-json\/wp\/v2\/posts\/134565\/revisions"}],"predecessor-version":[{"id":299179,"href":"https:\/\/www.novaconcursos.com.br\/portal\/wp-json\/wp\/v2\/posts\/134565\/revisions\/299179"}],"wp:featuredmedia":[{"embeddable":true,"href":"https:\/\/www.novaconcursos.com.br\/portal\/wp-json\/wp\/v2\/media\/128338"}],"wp:attachment":[{"href":"https:\/\/www.novaconcursos.com.br\/portal\/wp-json\/wp\/v2\/media?parent=134565"}],"wp:term":[{"taxonomy":"category","embeddable":true,"href":"https:\/\/www.novaconcursos.com.br\/portal\/wp-json\/wp\/v2\/categories?post=134565"},{"taxonomy":"post_tag","embeddable":true,"href":"https:\/\/www.novaconcursos.com.br\/portal\/wp-json\/wp\/v2\/tags?post=134565"}],"curies":[{"name":"wp","href":"https:\/\/api.w.org\/{rel}","templated":true}]}}