{"id":134787,"date":"2021-06-11T14:35:15","date_gmt":"2021-06-11T17:35:15","guid":{"rendered":"https:\/\/www.novaconcursos.com.br\/portal\/?p=134787"},"modified":"2021-06-11T14:35:19","modified_gmt":"2021-06-11T17:35:19","slug":"guarda-manaus-am-aumento-efetivo","status":"publish","type":"post","link":"https:\/\/www.novaconcursos.com.br\/portal\/noticias\/guarda-manaus-am-aumento-efetivo\/","title":{"rendered":"Concurso Guarda de Manaus AM: Aumento no efetivo \u00e9 cobrado por deputado!"},"content":{"rendered":"<p>O deputado estadual do Amazonas, \u00c1lvaro Campelo, <strong>cobrou um novo <\/strong><a href=\"https:\/\/www.novaconcursos.com.br\/portal\/noticias\/novo-edital-concurso-guarda-de-manaus\/\">concurso Guarda de Manaus AM<\/a> (Guarda Municipal de Manaus). A cobran\u00e7a surgiu durante um discurso realizado na <strong>sess\u00e3o plen\u00e1ria<\/strong> da Assembleia Legislativa, na \u00faltima ter\u00e7a-feira (08).<\/p>\n\n\n\n<ul class=\"wp-block-list\"><li><strong>Confira: <\/strong><a rel=\"noreferrer noopener\" aria-label=\"Guia Definitivo Como fazer uma boa revis\u00e3o! (abre numa nova aba)\" href=\"https:\/\/www.novaconcursos.com.br\/eventos\/guia-definitivo-como-fazer-uma-boa-revisao\/\" target=\"_blank\">Guia Definitivo Como fazer uma boa revis\u00e3o!<\/a> (Gr\u00e1tis)<\/li><\/ul><p><\/p>\n\n\n\n<h2 class=\"wp-block-heading\" id=\"concurso-manaus-am-deputado-cobra-edital\">Concurso Manaus AM: deputado cobra edital<\/h2>\n\n\n\n<p>Durante o discurso, o deputado estadual <strong>cobrou um novo edital <\/strong>para o concurso do estado do <a href=\"https:\/\/www.novaconcursos.com.br\/portal\/concursos-abertos\/am\/\">Amazonas<\/a>, afirmando que \u00e9 preciso aumentar o efetivo de guardas na corpora\u00e7\u00e3o.<\/p>\n\n\n\n<p>Vale ressaltar que, atualmente, a <strong>Guarda Municipal de Manaus tem 434 servidores<\/strong> ativos que atuam na capital. <\/p>\n\n\n\n<p>\u201c<em>N\u00e3o podemos esperar que outro acontecimento como este, que ocorreu no \u00faltimo fim de semana, em que patrim\u00f4nios p\u00fablicos e privados foram destru\u00eddos. A Guarda Municipal faz parte da seguran\u00e7a p\u00fablica e precisa de investimento e treinamento adequados\u201d<\/em>, defendeu o deputado.<\/p>\n\n\n\n<p>Al\u00e9m disso, o deputado ainda aproveitou o momento para <strong>cobrar outros concursos<\/strong> para a For\u00e7a de Seguran\u00e7a do Amazonas.<\/p>\n\n\n\n<p><em>\u201cTem que haver concurso p\u00fablico para a Pol\u00edcia Militar, a Pol\u00edcia Civil e o Corpo de Bombeiros, pois o efetivo est\u00e1 defasado h\u00e1 v\u00e1rios anos. \u00c9 preciso que a atual administra\u00e7\u00e3o corrija essa distor\u00e7\u00e3o\u201d<\/em>, disse o deputado.<\/p>\n\n\n\n<p>Vale lembrar tamb\u00e9m que esta n\u00e3o foi a primeira vez em que uma cobran\u00e7a chegou at\u00e9 a <strong>Prefeitura Municipal de Manaus<\/strong>, atrav\u00e9s de parlamentares. <\/p>\n\n\n\n<p>Ainda em fevereiro deste ano,\u00a0o vereador Capit\u00e3o Carp\u00ea Andrade solicitou a realiza\u00e7\u00e3o do\u00a0certame ao prefeito David Almeida, afirmando que h\u00e1 falta de seguran\u00e7a na cidade, assim como a precariedade na estrutura da GM.<\/p>\n\n\n\n<p><em>\u201cNeste fim de semana, guardas municipais foram torturados, agredidos e esfaqueados por bandidos, viol\u00eancia permitida porque nossa guarda n\u00e3o \u00e9 armada\u201d<\/em>, disse o parlamentar nas redes sociais ap\u00f3s o discurso na C\u00e2mara.<\/p>\n\n\n\n<p>O vereador ainda afirmou que a corpora\u00e7\u00e3o conta com <strong>muitos agentes com mais de 60 anos<\/strong> e que a restrutura\u00e7\u00e3o da Guarda Municipal \u00e9 uma promessa de campanha firmada por ele.<\/p>\n\n\n\n<p><em>\u201cOu seja, n\u00f3s temos uma Guarda Municipal abandonada e j\u00e1 com idade avan\u00e7ada, ent\u00e3o n\u00f3s precisamos reoxigenar\u201d<\/em>, finalizou.<\/p>\n\n\n\n<p>O \u00faltimo concurso Guarda de Manaus foi realizado h\u00e1 nove anos,\u00a0<strong>em 2012<\/strong>. Portanto \u00e9 poss\u00edvel que um\u00a0<strong>novo certame<\/strong>\u00a0esteja pr\u00f3ximo.<\/p>\n\n\n\n<h2 class=\"wp-block-heading\" id=\"ltimo-concurso-guarda-de-manaus-am\"><strong>\u00daltimo concurso Guarda de Manaus AM<\/strong><\/h2>\n\n\n\n<p>Publicado em 2012, o \u00faltimo concurso Guarda de Manaus, no <a href=\"https:\/\/www.novaconcursos.com.br\/portal\/concursos-previstos\/am\/\">Amazonas<\/a>, ofertou\u00a0<strong>293 vagas mais o cadastro de reserva<\/strong>.<\/p>\n\n\n\n<p>Para se inscrever era preciso o <strong>n\u00edvel m\u00e9dio\u00a0<\/strong>e\u00a0altura m\u00ednima de 1,65m (homens) e\u00a01,60m (mulheres). <\/p>\n\n\n\n<p>J\u00e1 o sal\u00e1rio era de<strong>\u00a0R$ 900 <\/strong>na \u00e9poca, mais benef\u00edcios, al\u00e9m do vale-transporte. O <strong>n\u00famero deve ser bem maior agora<\/strong>, devido \u00e0s progress\u00f5es no sal\u00e1rio m\u00ednimo nos \u00faltimos nove anos sem um novo certame.<\/p>\n\n\n\n<p>A\u00a0Funda\u00e7\u00e3o Professor Carlos Augusto Bittencourt (Funcab) foi escolhida como organizadora do certame, que avaliou os candidatos por meio de <strong>quatro etapas<\/strong>, sendo elas:<\/p>\n\n\n\n<ul class=\"wp-block-list\"><li>prova objetiva;<\/li><li>avalia\u00e7\u00e3o m\u00e9dica;<\/li><li>exame psicol\u00f3gico; e<\/li><li>Teste de Aptid\u00e3o F\u00edsica (TAF).<\/li><\/ul><p><\/p>\n\n\n\n<p>A <strong>prova objetiva<\/strong> contou com a aplica\u00e7\u00e3o de 60 quest\u00f5es, de\u00a0L\u00edngua Portuguesa (20), Matem\u00e1tica (20) e Atualidades (20). E, para ser aprovado, era preciso que o candidato obtivesse seis pontos ou mais.<\/p>\n\n\n\n<p>Os concurseiros considerados habilitados na primeira etapa foram convocados para o\u00a0<strong>TAF<\/strong>, que contou com:<\/p>\n\n\n\n<ul class=\"wp-block-list\"><li>Teste din\u00e2mico de barra \u2013 quatro\u00a0flex\u00f5es (homem) \u2013 sem limite<\/li><li>Flex\u00e3o de bra\u00e7os em seis apoios \u2013 22 flex\u00f5es (mulher) \u2013 60 segundos<\/li><li>Flex\u00e3o abdominal \u2013 30 flex\u00f5es (homem) e 24 flex\u00f5es (mulher) \u2013 60 segundos<\/li><li>Corrida 2.400 metros (homem) e 2 mil\u00a0metros (mulher) \u2013 12 minutos<\/li><\/ul><p><\/p>\n\n\n\n<p>Vale ressaltar que os aprovados foram convocados ao longo do prazo de validade do concurso, que foi de dois anos, podendo chegar a quatro com a prorroga\u00e7\u00e3o.<\/p>","protected":false},"excerpt":{"rendered":"<p>O deputado estadual do Amazonas, \u00c1lvaro Campelo, cobrou um novo concurso Guarda de Manaus AM (Guarda Municipal de Manaus). A cobran\u00e7a surgiu durante um discurso realizado na sess\u00e3o plen\u00e1ria da Assembleia Legislativa, na \u00faltima ter\u00e7a-feira (08). Confira: Guia Definitivo Como fazer uma boa revis\u00e3o! (Gr\u00e1tis) Concurso Manaus AM: deputado cobra edital Durante o discurso, o [&hellip;]<\/p>\n","protected":false},"author":54671,"featured_media":125923,"comment_status":"closed","ping_status":"closed","sticky":false,"template":"","format":"standard","meta":{"_acf_changed":false,"footnotes":"","_wp_rev_ctl_limit":""},"categories":[228],"tags":[9135,37066,37069,37067,39438,37068,579,3726,37290,198,2578],"class_list":["post-134787","post","type-post","status-publish","format-standard","has-post-thumbnail","hentry","category-noticias","tag-amazonas","tag-concurso-guarda-de-manaus-am","tag-concurso-guarda-de-manaus-am-nivel-medio","tag-concurso-guarda-de-manaus-am-previsto","tag-concurso-guarda-de-manaus-aumento-de-efetivo","tag-concurso-guarda-de-manaus-solicitado","tag-concursos","tag-concursos-abertos","tag-concursos-amazonas","tag-concursos-previstos","tag-concursos-publicos"],"acf":[],"_links":{"self":[{"href":"https:\/\/www.novaconcursos.com.br\/portal\/wp-json\/wp\/v2\/posts\/134787","targetHints":{"allow":["GET"]}}],"collection":[{"href":"https:\/\/www.novaconcursos.com.br\/portal\/wp-json\/wp\/v2\/posts"}],"about":[{"href":"https:\/\/www.novaconcursos.com.br\/portal\/wp-json\/wp\/v2\/types\/post"}],"author":[{"embeddable":true,"href":"https:\/\/www.novaconcursos.com.br\/portal\/wp-json\/wp\/v2\/users\/54671"}],"replies":[{"embeddable":true,"href":"https:\/\/www.novaconcursos.com.br\/portal\/wp-json\/wp\/v2\/comments?post=134787"}],"version-history":[{"count":4,"href":"https:\/\/www.novaconcursos.com.br\/portal\/wp-json\/wp\/v2\/posts\/134787\/revisions"}],"predecessor-version":[{"id":134805,"href":"https:\/\/www.novaconcursos.com.br\/portal\/wp-json\/wp\/v2\/posts\/134787\/revisions\/134805"}],"wp:featuredmedia":[{"embeddable":true,"href":"https:\/\/www.novaconcursos.com.br\/portal\/wp-json\/wp\/v2\/media\/125923"}],"wp:attachment":[{"href":"https:\/\/www.novaconcursos.com.br\/portal\/wp-json\/wp\/v2\/media?parent=134787"}],"wp:term":[{"taxonomy":"category","embeddable":true,"href":"https:\/\/www.novaconcursos.com.br\/portal\/wp-json\/wp\/v2\/categories?post=134787"},{"taxonomy":"post_tag","embeddable":true,"href":"https:\/\/www.novaconcursos.com.br\/portal\/wp-json\/wp\/v2\/tags?post=134787"}],"curies":[{"name":"wp","href":"https:\/\/api.w.org\/{rel}","templated":true}]}}