{"id":134848,"date":"2021-06-14T14:52:05","date_gmt":"2021-06-14T17:52:05","guid":{"rendered":"https:\/\/www.novaconcursos.com.br\/portal\/?p=134848"},"modified":"2021-06-14T14:52:08","modified_gmt":"2021-06-14T17:52:08","slug":"quais-cargos-do-concurso-sesau-al","status":"publish","type":"post","link":"https:\/\/www.novaconcursos.com.br\/portal\/noticias\/quais-cargos-do-concurso-sesau-al\/","title":{"rendered":"Quais os cargos do concurso Sesau AL?"},"content":{"rendered":"<p><strong>\u00d3tima not\u00edcia!<\/strong> O edital do <a href=\"https:\/\/www.novaconcursos.com.br\/portal\/concursos\/concurso-sesau-al\/\">concurso Sesau AL<\/a> (Secretaria de Sa\u00fade do Alagoas) saiu na \u00faltima sexta-feira, 11 de junho, no Di\u00e1rio Oficial de Alagoas. S\u00e3o <strong>1.200 oportunidades<\/strong> para cargos de n\u00edvel m\u00e9dio e superior.<\/p>\n\n\n\n<ul class=\"wp-block-list\"><li><strong>Adquira:<\/strong> <a rel=\"noreferrer noopener\" aria-label=\"Quest\u00f5es Comentadas CESPE - GR\u00c1TIS (abre numa nova aba)\" href=\"https:\/\/www.novaconcursos.com.br\/eventos\/e-book-questoes-comentadas-cespe\/\" target=\"_blank\">Quest\u00f5es Comentadas CESPE \u2013 GR\u00c1TIS<\/a><\/li><\/ul><p><\/p>\n\n\n\n<p>Al\u00e9m disso, os <strong>aprovados no certame <\/strong>ter\u00e3o regime de contrata\u00e7\u00e3o no modo estatut\u00e1rio, que confere<strong> maior estabilidade<\/strong> ao servidor p\u00fablico.<\/p>\n\n\n\n<p>Ademais, a <strong>jornada de trabalho<\/strong> poder\u00e1 ser de 24h ou 30h semanais, a depender do cargo. Os sal\u00e1rios iniciais tamb\u00e9m podem variar, entre <strong>R$ 1.100,00 e R$ 3.707,43<\/strong>.<\/p>\n\n\n\n<h2 class=\"wp-block-heading\" id=\"inscries-e-provas-concurso-sesau-al\">Inscri\u00e7\u00f5es e Provas concurso Sesau AL<\/h2>\n\n\n\n<p>A princ\u00edpio, o <a href=\"https:\/\/www.novaconcursos.com.br\/portal\/concursos-abertos\/al\/\">concurso p\u00fablico<\/a> <strong>abrir\u00e1 inscri\u00e7\u00f5es<\/strong> a partir do dia <strong>18 de junho<\/strong>, que ser\u00e3o feitas pelo <a href=\"https:\/\/www.cebraspe.org.br\/concursos\/SESAU_AL_21\" target=\"_blank\" rel=\"noopener\">site do Cebraspe<\/a>, banca oficial do processo. Para al\u00e9m, os candidatos poder\u00e3o se inscrever at\u00e9 \u00e0s 18h do dia <strong>23 de julho<\/strong>.<\/p>\n\n\n\n<p>A taxa de inscri\u00e7\u00e3o \u00e9 de <strong>R$ 95,00<\/strong> para n\u00edvel m\u00e9dio, e <strong>R$ 200,00 <\/strong>para n\u00edvel superior. H\u00e1 a possibilidade de <strong>isen\u00e7\u00e3o de taxa<\/strong>, se o candidato se enquadrar em algum dos casos abaixo:<\/p>\n\n\n\n<ul class=\"wp-block-list\"><li>Desempregado;<\/li><li>Renda per capita familiar igual ou inferior a meio sal\u00e1rio m\u00ednimo; Doadores de sangue;<\/li><li>Trabalhadores com ganho de at\u00e9 um sal\u00e1rio m\u00ednimo por m\u00eas.<\/li><\/ul><p><\/p>\n\n\n\n<p>Al\u00e9m disso, os pedidos de isen\u00e7\u00e3o poder\u00e3o ser feitos pelo Cebraspe tamb\u00e9m, do dia <strong>18 de junho ao dia 2 de julho<\/strong>, at\u00e9 \u00e0s 18h.<\/p>\n\n\n\n<p>Ademais, as <strong>provas objetivas<\/strong> do <a href=\"https:\/\/www.novaconcursos.com.br\/portal\/concursos-previstos\/al\/\">concurso<\/a> est\u00e3o previstas para o dia <strong>12 de setembro<\/strong>. Ser\u00e3o 3h30m de dura\u00e7\u00e3o, com 120 quest\u00f5es, ao modo do Cebraspe. As provas ser\u00e3o feitas nas cidades de: Arapiraca e Macei\u00f3\/AL.<\/p>\n\n\n\n<p>S\u00e3o 50 quest\u00f5es de Conhecimentos Gerais, e 70 quest\u00f5es de Conhecimentos Espec\u00edficos para cada cargo do concurso Sesau AL, veja as <strong>disciplinas em comum<\/strong> \u00e0 todos os cargos:<\/p>\n\n\n\n<ul class=\"wp-block-list\"><li>L\u00edngua Portuguesa;<\/li><li>\u00c9tica no Servi\u00e7o P\u00fablico;<\/li><li>Legisla\u00e7\u00e3o Estadual;<\/li><li>Legisla\u00e7\u00e3o Aplicada ao SUS.<\/li><\/ul><p><\/p>\n\n\n\n<h2 class=\"wp-block-heading\" id=\"edital-do-concurso\">Edital do concurso<\/h2>\n\n\n\n<p>Al\u00e9m disso, o <a rel=\"noreferrer noopener\" aria-label=\"edital publicado (abre numa nova aba)\" href=\"https:\/\/cdn.cebraspe.org.br\/concursos\/SESAU_AL_21\/arquivos\/ED_SESAU_AL_21_ABERTURA.PDF\" target=\"_blank\">edital publicado<\/a>  do concurso Sesau AL, traz as fun\u00e7\u00f5es desempenhadas por cada cargo, veja a seguir as <strong>oportunidades oferecidas<\/strong> e as atribui\u00e7\u00f5es de cada uma delas. <\/p>\n\n\n\n<p>Ademais, cargos de para M\u00e9dico, <strong>com requisito<\/strong> de curso superior em Medicina s\u00e3o ofertados nas mais <strong>diversas especialidades<\/strong>, com <strong>324 vagas <\/strong>ao todo.<\/p>\n\n\n\n<h2 class=\"wp-block-heading\" id=\"cargos-de-nvel-superior\">Cargos de N\u00edvel Superior<\/h2>\n\n\n\n<h3 class=\"wp-block-heading\">Assistente Social<\/h3>\n\n\n\n<p>O cargo de Assistente Social tem <strong>como requisito<\/strong> o diploma de ensino superior por uma institui\u00e7\u00e3o de ensino reconhecida pelo MEC (Minist\u00e9rio da Educa\u00e7\u00e3o).<\/p>\n\n\n\n<p>Suas <strong>principais atribui\u00e7\u00f5es<\/strong> s\u00e3o planejar, executar, acompanhar, avaliar e controlar as atividades t\u00e9cnicas referentes \u00e0 profiss\u00e3o, no \u00e2mbito de sa\u00fade da popula\u00e7\u00e3o.<\/p>\n\n\n\n<h3 class=\"wp-block-heading\">Biom\u00e9dico<\/h3>\n\n\n\n<p>Para <strong>exercer a fun\u00e7\u00e3o<\/strong>, o candidato precisar\u00e1 ter diploma de forma\u00e7\u00e3o em Biomedicina.<\/p>\n\n\n\n<p>As atividades principais do servidor s\u00e3o <strong>atuar em equipes<\/strong> de sa\u00fade, nas atividades complementares de diagn\u00f3sticos. <\/p>\n\n\n\n<p>Tamb\u00e9m <strong>atuar em bancos de sangue<\/strong> e de c\u00e9lulas-tronco hematopoi\u00e9ticas.<\/p>\n\n\n\n<h3 class=\"wp-block-heading\">Bioqu\u00edmico<\/h3>\n\n\n\n<p>O interessado no cargo <strong>deve possuir<\/strong> diploma de ensino superior em Bioqu\u00edmica reconhecido pelo MEC. <\/p>\n\n\n\n<p>Dentro das suas <strong>atividades principais<\/strong>, o servidor realiza coleta de material biol\u00f3gico e exames por meio de t\u00e9cnicas laboratoriais. <\/p>\n\n\n\n<p>Ainda <strong>responsabiliza-se<\/strong> pela leitura e avalia\u00e7\u00e3o dos esfrega\u00e7os do colo do \u00fatero, e realiza atividades inerentes a profissionais de sa\u00fade de n\u00edvel superior em laborat\u00f3rio.<\/p>\n\n\n\n<h3 class=\"wp-block-heading\">Enfermeiro<\/h3>\n\n\n\n<p>O candidato <strong>precisa ter<\/strong> diploma em ensino superior no curso de Enfermagem.<\/p>\n\n\n\n<p>Suas <strong>principais atividades <\/strong>s\u00e3o realizar consultas de enfermagem, gerenciar servi\u00e7o da unidade de enfermagem. <\/p>\n\n\n\n<p><strong>Prestar assist\u00eancia<\/strong> direta aos pacientes de maior complexidade t\u00e9cnica, graves riscos de morte e\/ou que exijam conhecimentos de base cientifica e capacidade de tomar decis\u00f5es imediatas.<\/p>\n\n\n\n<h3 class=\"wp-block-heading\">Enfermeiro de Urg\u00eancia\/Emerg\u00eancia<\/h3>\n\n\n\n<p>O candidato precisa ter <strong>diploma de ensino superior<\/strong> em Enfermagem, ainda, o t\u00edtulo de Especialista ou resid\u00eancia em Urg\u00eancia e Emerg\u00eancia, e registro no \u00f3rg\u00e3o de classe.<\/p>\n\n\n\n<p>As <strong>atividades principais<\/strong> s\u00e3o prestar assist\u00eancia de enfermagem, zelando pelo conforto e bem-estar do usu\u00e1rio. <\/p>\n\n\n\n<p>Ainda, <strong>desempenhar suas atividades<\/strong> utilizando adequadamente os insumos e equipamentos padronizados na institui\u00e7\u00e3o, e executar todas as rotinas e normas administrativas.<\/p>\n\n\n\n<h3 class=\"wp-block-heading\">Farmac\u00eautico<\/h3>\n\n\n\n<p>Ter <strong>diploma em ensino superior <\/strong>de Farm\u00e1cia e estar registrado no \u00f3rg\u00e3o de classe.<\/p>\n\n\n\n<p>As <strong>principais atribui\u00e7\u00f5es<\/strong> do servidor s\u00e3o realizar tarefas espec\u00edficas de desenvolvimento, produ\u00e7\u00e3o, dispensa\u00e7\u00e3o, controle, armazenamento, distribui\u00e7\u00e3o e transporte de produtos da \u00e1rea farmac\u00eautica. <\/p>\n\n\n\n<p>Ainda, <strong>orientar <\/strong>sobre o uso de produtos e prestar servi\u00e7os farmac\u00eauticos.<\/p>\n\n\n\n<h3 class=\"wp-block-heading\">Fisioterapeuta<\/h3>\n\n\n\n<p><strong>Possuir o diploma<\/strong> de ensino superior em Fisioterapia, e registro no \u00f3rg\u00e3o de classe.<\/p>\n\n\n\n<p>As <strong>atribui\u00e7\u00f5es do cargo<\/strong> s\u00e3o realizar consulta terap\u00eautica, solicitar e realizar interconsulta e encaminhamentos. <\/p>\n\n\n\n<p><strong>Planejar e executar<\/strong> estrat\u00e9gias de interven\u00e7\u00e3o fisioterap\u00eauticas utilizando recursos gerais e espec\u00edficos da fisioterapia.<\/p>\n\n\n\n<h3 class=\"wp-block-heading\">Fonoaudi\u00f3logo<\/h3>\n\n\n\n<p>Possuir <strong>diploma reconhecido<\/strong> pelo MEC em ensino superior no curso de Fonoaudiologia. Ter registro no \u00f3rg\u00e3o de classe.<\/p>\n\n\n\n<p>O profissional <strong>realiza avalia\u00e7\u00e3o<\/strong> fonoaudiol\u00f3gica, atende pacientes para preven\u00e7\u00e3o, habilita\u00e7\u00e3o e reabilita\u00e7\u00e3o daqueles que utilizam protocolos e procedimentos espec\u00edficos da profiss\u00e3o. <\/p>\n\n\n\n<p><strong>Orienta<\/strong> pacientes, familiares, cuidadores e respons\u00e1veis, desenvolve programas de preven\u00e7\u00e3o, promo\u00e7\u00e3o de sa\u00fade e qualidade de vida.<\/p>\n\n\n\n<h3 class=\"wp-block-heading\">Nutricionista<\/h3>\n\n\n\n<p>Deve ter <strong>diploma em ensino superior<\/strong> no curso de Nutri\u00e7\u00e3o, e registro no \u00f3rg\u00e3o de classe.<\/p>\n\n\n\n<p>As <strong>principais atividades<\/strong> do profissional s\u00e3o prestar assist\u00eancia nutricional a indiv\u00edduos e coletividades. <\/p>\n\n\n\n<p>Organizar, administrar e avaliar unidades de alimenta\u00e7\u00e3o e nutri\u00e7\u00e3o, <strong>participar de programas<\/strong> de educa\u00e7\u00e3o nutricional.<\/p>\n\n\n\n<h3 class=\"wp-block-heading\">Psic\u00f3logo<\/h3>\n\n\n\n<p>Para <strong>atuar na \u00e1rea<\/strong>, o candidato precisa de diploma em ensino superior no curso de Psicologia, e registro no \u00f3rg\u00e3o de classe.<\/p>\n\n\n\n<p>Suas <strong>principais atribui\u00e7\u00f5es <\/strong>s\u00e3o estudar, pesquisar, e avaliar o desenvolvimento emocional e os processos mentais e sociais dos indiv\u00edduos, grupos e institui\u00e7\u00f5es.<\/p>\n\n\n\n<p>Al\u00e9m disso, <strong>acompanha e avalia<\/strong> tratamentos cir\u00fargicos, medicamentosos e de reabilita\u00e7\u00e3o. Promove a reabilita\u00e7\u00e3o neuropsicol\u00f3gica. <\/p>\n\n\n\n<h3 class=\"wp-block-heading\">Terapeuta Ocupacional<\/h3>\n\n\n\n<p>O candidato <strong>deve possuir <\/strong>diploma em ensino superior no curso de Terapia Ocupacional, com registro no \u00f3rg\u00e3o de classe.<\/p>\n\n\n\n<p>As <strong>atividades exercidas<\/strong> pelo profissional s\u00e3o atender pacientes para preven\u00e7\u00e3o, habilita\u00e7\u00e3o e reabilita\u00e7\u00e3o de pessoas utilizando procedimentos espec\u00edficos de terapia ocupacional. <\/p>\n\n\n\n<p>Orienta, coordena e supervisiona trabalhos a <strong>serem desenvolvidos<\/strong> por equipes auxiliares.<\/p>\n\n\n\n<h2 class=\"wp-block-heading\" id=\"cargos-de-nvel-mdio\">Cargos de N\u00edvel M\u00e9dio<\/h2>\n\n\n\n<h3 class=\"wp-block-heading\">T\u00e9cnico em Enfermagem<\/h3>\n\n\n\n<p>Precisa de <strong>diploma reconhecid<\/strong>o pelo MEC em Curso T\u00e9cnico de Enfermagem. E ainda, registro em \u00f3rg\u00e3o de classe.<\/p>\n\n\n\n<p>As <strong>atividades<\/strong> de um profissional T\u00e9cnico s\u00e3o desempenhar atividades t\u00e9cnicas de enfermagem, assistir ao Enfermeiro no planejamento, programa\u00e7\u00e3o e orienta\u00e7\u00e3o das atividades de enfermagem.<\/p>\n\n\n\n<p>Al\u00e9m disso, <strong>trabalha em conformidade<\/strong> \u00e0s boas pr\u00e1ticas, normas e procedimentos de biosseguran\u00e7a, realiza registros e elabora relat\u00f3rios t\u00e9cnicos.<\/p>\n\n\n\n<h3 class=\"wp-block-heading\">T\u00e9cnico de Enfermagem\/APH<\/h3>\n\n\n\n<p>O candidato <strong>precisa ter diploma<\/strong> de Curso T\u00e9cnico em Enfermagem, e de curso em Suporte B\u00e1sico de Vida (BLS), al\u00e9m de registro em \u00f3rg\u00e3o de classe.<\/p>\n\n\n\n<p>As <strong>principais fun\u00e7\u00f5es<\/strong> do servidor \u00e9 promover registros de enfermagem e relat\u00f3rios t\u00e9cnicos, bem como prestar assist\u00eancia ao paciente zelando pelo seu conforto e bem-estar. <\/p>\n\n\n\n<p>Executar <strong>atividades atribu\u00eddas<\/strong> \u00e0 equipe de enfermagem, sob a orienta\u00e7\u00e3o de um Enfermeiro. Executar todas as rotinas e normas administrativas e de da\u00fade do trabalhador conforme determinado pela institui\u00e7\u00e3o.<\/p>\n\n\n\n<h3 class=\"wp-block-heading\">T\u00e9cnico de Laborat\u00f3rio<\/h3>\n\n\n\n<p>Precisa possuir <strong>certificado de conclus\u00e3o<\/strong> de Curso T\u00e9cnico em An\u00e1lises Cl\u00ednicas, e registro no \u00f3rg\u00e3o de classe.<\/p>\n\n\n\n<p>Suas <strong>principais atividades<\/strong> s\u00e3o executar atividades padronizadas de laborat\u00f3rio, automatizadas ou t\u00e9cnicas cl\u00e1ssicas.<\/p>\n\n\n\n<p>Bem como, <strong>operar e zelar<\/strong> pelo bom funcionamento do aparato tecnol\u00f3gico de laborat\u00f3rio de sa\u00fade.<\/p>\n\n\n\n<h3 class=\"wp-block-heading\">T\u00e9cnico de Radiologia<\/h3>\n\n\n\n<p>Precisa <strong>possuir certificado<\/strong> em Curso T\u00e9cnico de Radiologia, e registro no \u00f3rg\u00e3o de classe. <\/p>\n\n\n\n<p>Suas <strong>principais atividades<\/strong> s\u00e3o realizar exames radiogr\u00e1ficos convencionais, preparar o paciente e o ambiente para a realiza\u00e7\u00e3o de exames nos servi\u00e7os de radiologia e diagn\u00f3stico por imagem. <\/p>\n\n\n\n<p>Al\u00e9m disso, <strong>acompanhar a utiliza\u00e7\u00e3o<\/strong> de meios de contraste radiol\u00f3gico, observando os princ\u00edpios de prote\u00e7\u00e3o radiol\u00f3gica.<\/p>","protected":false},"excerpt":{"rendered":"<p>\u00d3tima not\u00edcia! O edital do concurso Sesau AL (Secretaria de Sa\u00fade do Alagoas) saiu na \u00faltima sexta-feira, 11 de junho, no Di\u00e1rio Oficial de Alagoas. S\u00e3o 1.200 oportunidades para cargos de n\u00edvel m\u00e9dio e superior. Adquira: Quest\u00f5es Comentadas CESPE \u2013 GR\u00c1TIS Al\u00e9m disso, os aprovados no certame ter\u00e3o regime de contrata\u00e7\u00e3o no modo estatut\u00e1rio, que [&hellip;]<\/p>\n","protected":false},"author":16,"featured_media":125757,"comment_status":"closed","ping_status":"closed","sticky":false,"template":"","format":"standard","meta":{"_acf_changed":false,"footnotes":"","_wp_rev_ctl_limit":""},"categories":[228],"tags":[36754,39456,34453,37041,2578,39451,39452,115,39453,39455,37397],"class_list":["post-134848","post","type-post","status-publish","format-standard","has-post-thumbnail","hentry","category-noticias","tag-alagoas","tag-cargos-concurso-sesau-al","tag-cebraspe","tag-concurso-sesau-al","tag-concursos-publicos","tag-edital-concurso-sesau-al","tag-inscricoes-concurso-sesau-al","tag-nova-concursos","tag-provas-concurso-sesau-al","tag-salario-concurso-sesau-al","tag-vagas-concurso-sesau-al"],"acf":[],"_links":{"self":[{"href":"https:\/\/www.novaconcursos.com.br\/portal\/wp-json\/wp\/v2\/posts\/134848","targetHints":{"allow":["GET"]}}],"collection":[{"href":"https:\/\/www.novaconcursos.com.br\/portal\/wp-json\/wp\/v2\/posts"}],"about":[{"href":"https:\/\/www.novaconcursos.com.br\/portal\/wp-json\/wp\/v2\/types\/post"}],"author":[{"embeddable":true,"href":"https:\/\/www.novaconcursos.com.br\/portal\/wp-json\/wp\/v2\/users\/16"}],"replies":[{"embeddable":true,"href":"https:\/\/www.novaconcursos.com.br\/portal\/wp-json\/wp\/v2\/comments?post=134848"}],"version-history":[{"count":3,"href":"https:\/\/www.novaconcursos.com.br\/portal\/wp-json\/wp\/v2\/posts\/134848\/revisions"}],"predecessor-version":[{"id":134866,"href":"https:\/\/www.novaconcursos.com.br\/portal\/wp-json\/wp\/v2\/posts\/134848\/revisions\/134866"}],"wp:featuredmedia":[{"embeddable":true,"href":"https:\/\/www.novaconcursos.com.br\/portal\/wp-json\/wp\/v2\/media\/125757"}],"wp:attachment":[{"href":"https:\/\/www.novaconcursos.com.br\/portal\/wp-json\/wp\/v2\/media?parent=134848"}],"wp:term":[{"taxonomy":"category","embeddable":true,"href":"https:\/\/www.novaconcursos.com.br\/portal\/wp-json\/wp\/v2\/categories?post=134848"},{"taxonomy":"post_tag","embeddable":true,"href":"https:\/\/www.novaconcursos.com.br\/portal\/wp-json\/wp\/v2\/tags?post=134848"}],"curies":[{"name":"wp","href":"https:\/\/api.w.org\/{rel}","templated":true}]}}