{"id":134881,"date":"2021-06-14T14:35:34","date_gmt":"2021-06-14T17:35:34","guid":{"rendered":"https:\/\/www.novaconcursos.com.br\/portal\/?p=134881"},"modified":"2021-06-14T14:35:38","modified_gmt":"2021-06-14T17:35:38","slug":"concurso-cfq-novas-datas-sao-divulgadas","status":"publish","type":"post","link":"https:\/\/www.novaconcursos.com.br\/portal\/noticias\/concurso-cfq-novas-datas-sao-divulgadas\/","title":{"rendered":"Concurso CFQ: Novas datas s\u00e3o divulgadas, confira!"},"content":{"rendered":"<p>A banca organizadora do <strong>concurso CFQ<\/strong>, o Iades, anunciou as <strong>novas datas <\/strong>para aplica\u00e7\u00e3o de provas.<\/p>\n\n\n\n<ul class=\"wp-block-list\"><li><strong>Confira<\/strong>: <a href=\"https:\/\/www.novaconcursos.com.br\/eventos\/guia-definitivo-plano-de-estudos-passo-a-passo\/\" target=\"_blank\" rel=\"noreferrer noopener\" aria-label=\"Plano de Estudos Passo a Passo (abre numa nova aba)\">Plano de Estudos Passo a Passo<\/a> (Gr\u00e1tis)<\/li><\/ul><p><\/p>\n\n\n\n<p>Na \u00faltima sexta-feira, 11 de junho, o Instituto Americano de Desenvolvimento (Iades) divulgou o <strong>novo cronograma<\/strong> do concurso do Conselho <a href=\"https:\/\/www.novaconcursos.com.br\/portal\/concursos-abertos\/nacional\/\">Federal<\/a> de Qu\u00edmica. As <strong>provas <\/strong>Objetivas e Discursivas devem ser aplicadas no dia <strong>5 de setembro de 2021.<\/strong><\/p>\n\n\n\n<p>Todas as <strong>etapas de avalia\u00e7\u00e3o<\/strong> acontecer\u00e3o do Distrito Federal.<\/p>\n\n\n\n<p>A <strong>Prova Objetiva<\/strong> ser\u00e1 composta por 50 quest\u00f5es, sendo 30 de Conhecimentos Espec\u00edficos e 20 sobre Conhecimentos B\u00e1sicos, todas de m\u00faltipla escolha.<\/p>\n\n\n\n<p>As mat\u00e9rias do bloco de perguntas sobre <strong>Conhecimentos B\u00e1sicos<\/strong> ser\u00e3o:<\/p>\n\n\n\n<ul class=\"wp-block-list\"><li>L\u00edngua Portuguesa;<\/li><li>Racioc\u00ednio L\u00f3gico e Matem\u00e1tico;<\/li><li>Legisla\u00e7\u00e3o Aplicada ao CFQ;<\/li><li>Governan\u00e7a Corporativa e Compliance;<\/li><li>Atualidades.<\/li><\/ul><p><\/p>\n\n\n\n<p>J\u00e1 na <strong>Avalia\u00e7\u00e3o Discursiva,<\/strong> os candidatos dever\u00e3o escrever um texto dissertativo entre 20 e 30 linhas sobre algum <strong>tema <\/strong>que ser\u00e1 disposto pela banca no momento do exame.<\/p>\n\n\n\n<p>Os inscritos no certame que conseguirem <strong>aprova\u00e7\u00e3o <\/strong>na Prova Objetiva e tamb\u00e9m na Discursiva, ser\u00e3o convocados para concluir a terceira etapa do certame, que \u00e9 a<strong> Avalia\u00e7\u00e3o de T\u00edtulos e de Experi\u00eancia Profissional.<\/strong><\/p>\n\n\n\n<p>Nessa fase, os concorrentes dever\u00e3o apresentar todos os <strong>documentos <\/strong>exigidos pela banca dentro de um determinado <strong>per\u00edodo<\/strong>, que ainda ser\u00e1 divulgado.<\/p>\n\n\n\n<h2 class=\"wp-block-heading\" id=\"concurso-cfq-panorama-\">Concurso CFQ: panorama <\/h2>\n\n\n\n<p>O edital do concurso do Conselho <a href=\"https:\/\/www.novaconcursos.com.br\/portal\/concursos-previstos\/nacional\/\">Federal<\/a> de Qu\u00edmica oferta <strong>270 vagas<\/strong> para os <strong>cargos <\/strong>de:<\/p>\n\n\n\n<ul class=\"wp-block-list\"><li>Advogado;<\/li><li>Analista de Sistema, com \u00eanfase em Sistema de Processos;<\/li><li>Analista de Sistema, com \u00eanfase em Infraestrutura;<\/li><li>Analista Superior Geral;<\/li><li>Analista Superior em Comunica\u00e7\u00e3o;<\/li><li>Analista Superior em Gest\u00e3o de Pessoas;<\/li><li>Contador; e<\/li><li>Qu\u00edmico.<\/li><\/ul><p><\/p>\n\n\n\n<p>Essas 270 vagas ser\u00e3o divididas para <strong>nomea\u00e7\u00f5es imediatas e Cadastro de Reserva<\/strong> (CR): ser\u00e3o 25 imediatas e 245 para CR.<\/p>\n\n\n\n<p>As vagas de<strong> Cadastro de Reserva<\/strong> poder\u00e3o ser utilizadas dentro do per\u00edodo de validade do concurso, que ser\u00e1 de <strong>dois anos.<\/strong> Existe a possibilidade de prorrogar o concurso por mais 2 anos.<\/p>\n\n\n\n<p>O <strong>sal\u00e1rio b\u00e1sico inicial <\/strong>para todos os cargos ofertados, que s\u00e3o de n\u00edvel superior, \u00e9 de<strong> R$ 8.951,25<\/strong>. Por\u00e9m, os contratados ter\u00e3o direito a aux\u00edlio-alimenta\u00e7\u00e3o de aproximadamente<strong> R$ 1,1 mil <\/strong>por m\u00eas.<\/p>\n\n\n\n<p>Ou seja, a remunera\u00e7\u00e3o mensal pode alcan\u00e7ar os<strong> R$ 10.084,73.<\/strong><\/p>\n\n\n\n<p>Al\u00e9m disso, os candidatos que forem nomeados, ter\u00e3o direito ao <strong>aux\u00edlio <\/strong>m\u00e9dico e odontol\u00f3gico, al\u00e9m da <strong>cesta natalina<\/strong> no m\u00eas de dezembro.<\/p>","protected":false},"excerpt":{"rendered":"<p>A banca organizadora do concurso CFQ, o Iades, anunciou as novas datas para aplica\u00e7\u00e3o de provas. Confira: Plano de Estudos Passo a Passo (Gr\u00e1tis) Na \u00faltima sexta-feira, 11 de junho, o Instituto Americano de Desenvolvimento (Iades) divulgou o novo cronograma do concurso do Conselho Federal de Qu\u00edmica. As provas Objetivas e Discursivas devem ser aplicadas [&hellip;]<\/p>\n","protected":false},"author":54673,"featured_media":134946,"comment_status":"closed","ping_status":"closed","sticky":false,"template":"","format":"standard","meta":{"_acf_changed":false,"footnotes":"","_wp_rev_ctl_limit":""},"categories":[228],"tags":[37958,38429,5205,39463,38380,39464,37965,39465],"class_list":["post-134881","post","type-post","status-publish","format-standard","has-post-thumbnail","hentry","category-noticias","tag-cfq","tag-concurso-cfq","tag-concursos-federais","tag-conselho-federal-de-quimica","tag-editais-federais","tag-edital-cfq","tag-iades","tag-instituto-americano-de-desenvolvimento"],"acf":[],"_links":{"self":[{"href":"https:\/\/www.novaconcursos.com.br\/portal\/wp-json\/wp\/v2\/posts\/134881","targetHints":{"allow":["GET"]}}],"collection":[{"href":"https:\/\/www.novaconcursos.com.br\/portal\/wp-json\/wp\/v2\/posts"}],"about":[{"href":"https:\/\/www.novaconcursos.com.br\/portal\/wp-json\/wp\/v2\/types\/post"}],"author":[{"embeddable":true,"href":"https:\/\/www.novaconcursos.com.br\/portal\/wp-json\/wp\/v2\/users\/54673"}],"replies":[{"embeddable":true,"href":"https:\/\/www.novaconcursos.com.br\/portal\/wp-json\/wp\/v2\/comments?post=134881"}],"version-history":[{"count":5,"href":"https:\/\/www.novaconcursos.com.br\/portal\/wp-json\/wp\/v2\/posts\/134881\/revisions"}],"predecessor-version":[{"id":134888,"href":"https:\/\/www.novaconcursos.com.br\/portal\/wp-json\/wp\/v2\/posts\/134881\/revisions\/134888"}],"wp:featuredmedia":[{"embeddable":true,"href":"https:\/\/www.novaconcursos.com.br\/portal\/wp-json\/wp\/v2\/media\/134946"}],"wp:attachment":[{"href":"https:\/\/www.novaconcursos.com.br\/portal\/wp-json\/wp\/v2\/media?parent=134881"}],"wp:term":[{"taxonomy":"category","embeddable":true,"href":"https:\/\/www.novaconcursos.com.br\/portal\/wp-json\/wp\/v2\/categories?post=134881"},{"taxonomy":"post_tag","embeddable":true,"href":"https:\/\/www.novaconcursos.com.br\/portal\/wp-json\/wp\/v2\/tags?post=134881"}],"curies":[{"name":"wp","href":"https:\/\/api.w.org\/{rel}","templated":true}]}}