{"id":134998,"date":"2026-02-24T10:02:04","date_gmt":"2026-02-24T13:02:04","guid":{"rendered":"https:\/\/www.novaconcursos.com.br\/portal\/?post_type=nc-public-tender&#038;p=134998"},"modified":"2026-02-24T10:02:08","modified_gmt":"2026-02-24T13:02:08","slug":"concurso-proderj","status":"publish","type":"post","link":"https:\/\/www.novaconcursos.com.br\/portal\/concursos\/concurso-proderj\/","title":{"rendered":"Concurso Proderj: 7,3 mil inscritos! Provas em mar\u00e7o!"},"content":{"rendered":"<p>O concurso Proderj \u00e9 uma sele\u00e7\u00e3o p\u00fablica promovida pelo Centro de Tecnologia da Informa\u00e7\u00e3o e Comunica\u00e7\u00e3o do Estado do Rio de Janeiro, com o objetivo de recompor e fortalecer o quadro de servidores efetivos da \u00e1rea administrativa e de tecnologia da informa\u00e7\u00e3o do \u00f3rg\u00e3o. Organizado pelo IBDO Projetos, o edital oferta<strong> 28 vagas para n\u00edvel m\u00e9dio, t\u00e9cnico e superior.<\/strong> <\/p>\n\n\n\n    <div class=\"nova-resumo-edital\">\n        <h2 class=\"nova-resumo-edital-title\" id=\"resumo-edital\">Resumo Edital<\/h2>\n        <ul class=\"nova-resumo-edital-list nova-menu\"><li>\n                <img decoding=\"async\" width=\"24\" height=\"24\" loading=\"lazy\" src=\"https:\/\/www.novaconcursos.com.br\/portal\/wp-content\/themes\/nova-theme\/includes\/assets\/img\/person.svg\" aria-hidden=\"true\" alt=\"\u00edcone pessoa\" title=\"\"><span>\n                    <b>Vagas: <\/b> 28\n                <\/span>\n            <\/li>\n            <li>\n                <img decoding=\"async\" width=\"24\" height=\"24\" loading=\"lazy\" src=\"https:\/\/www.novaconcursos.com.br\/portal\/wp-content\/themes\/nova-theme\/includes\/assets\/img\/inscricoes.svg\" aria-hidden=\"true\" alt=\"\u00edcone pessoa\" title=\"\"><span>\n                    <b>Per\u00edodo de inscri\u00e7\u00f5es: <\/b> 05\/01\/2026 a 04\/02\/2026\n                <\/span>\n            <\/li>\n            <li>\n                <img decoding=\"async\" width=\"24\" height=\"24\" loading=\"lazy\" src=\"https:\/\/www.novaconcursos.com.br\/portal\/wp-content\/themes\/nova-theme\/includes\/assets\/img\/taxa-inscricao.svg\" aria-hidden=\"true\" alt=\"\u00edcone pessoa\" title=\"\"><span>\n                    <b>Taxa de inscri\u00e7\u00e3o: <\/b> R$80,00 a R$100,00\n                <\/span>\n            <\/li>\n            <li>\n                <img decoding=\"async\" width=\"24\" height=\"24\" loading=\"lazy\" src=\"https:\/\/www.novaconcursos.com.br\/portal\/wp-content\/themes\/nova-theme\/includes\/assets\/img\/prova.svg\" aria-hidden=\"true\" alt=\"\u00edcone pessoa\" title=\"\"><span>\n                    <b>Prova: <\/b> 22\/03\/2026\n                <\/span>\n            <\/li>\n            <li>\n                <img decoding=\"async\" width=\"24\" height=\"24\" loading=\"lazy\" src=\"https:\/\/www.novaconcursos.com.br\/portal\/wp-content\/themes\/nova-theme\/includes\/assets\/img\/banca.svg\" aria-hidden=\"true\" alt=\"\u00edcone pessoa\" title=\"\"><span>\n                    <b>Banca: <\/b> IBDO Projetos\n                <\/span>\n            <\/li>\n        <\/ul><div class=\"nova-resumo-edital-baixar\">\n            <a href=\"https:\/\/anexos.cdn.selecao.net.br\/uploads\/331\/concursos\/92\/anexos\/f379f4cb-ca2c-452c-9ed1-64d527b94a43.pdf\" rel=\"noopener\" target=\"_blank\">\n                Baixe aqui o edital\n            <\/a>\n        <\/div>\n    <\/div>\n\n\n\n<p>As oportunidades est\u00e3o concentradas no estado do <strong>Rio de Janeiro<\/strong>. A sele\u00e7\u00e3o ser\u00e1 realizada por meio de <strong>prova objetiva de m\u00faltipla escolha<\/strong>, aplicada no dia 22 de mar\u00e7o de 2026. Saiba mais! <\/p>\n\n\n\n<h2 class=\"wp-block-heading\" id=\"cronograma-do-concurso-proderj\">Cronograma do concurso Proderj<\/h2>\n\n\n\n<p>Veja, a seguir, as principais datas do concurso Proderj:<\/p>\n\n\n\n<ul class=\"wp-block-list\"><li><strong>Per\u00edodo de inscri\u00e7\u00f5es:<\/strong> das 9h do dia 5 de janeiro de 2026 at\u00e9 \u00e0s 23h59 do dia 4 de fevereiro de 2026<\/li>\n\n\n\n<li><strong>Per\u00edodo para solicita\u00e7\u00e3o de isen\u00e7\u00e3o da taxa de inscri\u00e7\u00e3o:<\/strong> das 9h do dia 5 de janeiro de 2026 at\u00e9 \u00e0s 17h do dia 10 de janeiro de 2026<\/li>\n\n\n\n<li><strong>Prazo final para pagamento da taxa de inscri\u00e7\u00e3o:<\/strong> at\u00e9 4 de fevereiro de 2026<\/li>\n\n\n\n<li><strong>Aplica\u00e7\u00e3o da prova objetiva:<\/strong> 22 de mar\u00e7o de 2026<\/li>\n<\/ul><h2 class=\"wp-block-heading\" id=\"como-foram-as-inscries-no-concurso-proderj\">Como foram as inscri\u00e7\u00f5es no concurso Proderj?<\/h2>\n\n\n\n<p>As inscri\u00e7\u00f5es do concurso Proderj foram realizadas exclusivamente pela internet, por meio do site da banca organizadora, o IBDO Projetos. O per\u00edodo de inscri\u00e7\u00e3o come\u00e7ou <strong>\u00e0s 9h do dia 5 de janeiro de 2026<\/strong> e se encerrou <strong>\u00e0s 23h59 do dia 4 de fevereiro de 2026<\/strong>, considerando o hor\u00e1rio oficial de Bras\u00edlia (DF).<\/p>\n\n\n\n<p>O candidato acessou o endere\u00e7o eletr\u00f4nico <a href=\"https:\/\/concursos.ibdoprojetos.org.br\/informacoes\/92\/\" target=\"_blank\" rel=\"noopener\">https:\/\/concursos.ibdoprojetos.org.br\/informacoes\/92\/<\/a>, preenchendo corretamente o formul\u00e1rio de solicita\u00e7\u00e3o de inscri\u00e7\u00e3o on-line, selecionando o cargo desejado. <strong>Foi permitida apenas uma inscri\u00e7\u00e3o por cargo.<\/strong><\/p>\n\n\n\n<p>Ap\u00f3s a conclus\u00e3o do preenchimento da ficha, o sistema disponibilizou a Guia de Recolhimento do Estado (GRE), documento obrigat\u00f3rio para o pagamento da taxa de inscri\u00e7\u00e3o. A GRE foi impressa diretamente no site da banca organizadora.<\/p>\n\n\n\n<p>O pagamento da taxa de inscri\u00e7\u00e3o foi efetuado <strong>exclusivamente no Bradesco<\/strong>, seja de forma presencial ou via internet, observando os crit\u00e9rios estabelecidos pela institui\u00e7\u00e3o banc\u00e1ria, at\u00e9 a data limite de encerramento das inscri\u00e7\u00f5es. Caso o pagamento da GRE n\u00e3o estivesse confirmado dentro do prazo estipulado, o requerimento de inscri\u00e7\u00e3o foi automaticamente indeferido.<\/p>\n\n\n\n<h3 class=\"wp-block-heading\">Valores da taxa de inscri\u00e7\u00e3o<\/h3>\n\n\n\n<p>Os valores da taxa de inscri\u00e7\u00e3o variaram de acordo com o n\u00edvel de escolaridade do cargo pretendido:<\/p>\n\n\n\n<ul class=\"wp-block-list\"><li><strong>N\u00edvel m\u00e9dio e t\u00e9cnico:<\/strong> R$80,00<\/li>\n\n\n\n<li><strong>N\u00edvel superior:<\/strong> R$100,00<\/li>\n<\/ul><h3 class=\"wp-block-heading\">Isen\u00e7\u00e3o da taxa de inscri\u00e7\u00e3o<\/h3>\n\n\n\n<p>Houve <strong>isen\u00e7\u00e3o total da taxa de inscri\u00e7\u00e3o<\/strong> para os candidatos que se enquadrarem nas seguintes condi\u00e7\u00f5es legais:<\/p>\n\n\n\n<ul class=\"wp-block-list\"><li>Candidatos inscritos no Cadastro \u00danico para Programas Sociais do Governo Federal (Cad\u00danico) e pertencentes a fam\u00edlia de baixa renda;<\/li>\n\n\n\n<li>Candidatos que tenham atuado como mes\u00e1rios da Justi\u00e7a Eleitoral no Estado do Rio de Janeiro, em dia de elei\u00e7\u00e3o;<\/li>\n\n\n\n<li>Doadores regulares de sangue, que comprovem ao menos tr\u00eas doa\u00e7\u00f5es no per\u00edodo de 12 meses anteriores \u00e0 inscri\u00e7\u00e3o;<\/li>\n\n\n\n<li><strong>Mulheres v\u00edtimas de viol\u00eancia dom\u00e9stica<\/strong>, mediante apresenta\u00e7\u00e3o de decis\u00e3o judicial, termo de concess\u00e3o de medida protetiva ou senten\u00e7a com tr\u00e2nsito em julgado.<\/li>\n<\/ul><p>Al\u00e9m disso, houve <strong>isen\u00e7\u00e3o parcial da taxa de inscri\u00e7\u00e3o<\/strong> para doadores de sangue. A solicita\u00e7\u00e3o de isen\u00e7\u00e3o da taxa de inscri\u00e7\u00e3o foi feita das 9h do dia 5 de janeiro de 2026 at\u00e9 \u00e0s 17h do dia 10 de janeiro de 2026, exclusivamente no site da banca organizadora.<\/p>\n\n\n\n<h2 class=\"wp-block-heading\" id=\"concorrncia-do-concurso-proderj\">Concorr\u00eancia do concurso Proderj<\/h2>\n\n\n\n<p>O concurso Proderj j\u00e1 teve o n\u00famero de inscri\u00e7\u00f5es preliminares divulgado pela banca organizadora. De acordo com os dados publicados no site oficial, foram registradas <strong>7.338 inscri\u00e7\u00f5es <\/strong>preliminares.<\/p>\n\n\n\n<p>A distribui\u00e7\u00e3o por cargo ficou da seguinte forma:<\/p>\n\n\n\n<ul class=\"wp-block-list\"><li>Assistente Administrativo: 5.308 inscri\u00e7\u00f5es<\/li>\n\n\n\n<li>Programador de Produ\u00e7\u00e3o, Computa\u00e7\u00e3o e Desenvolvimento de Sistemas: 472 inscri\u00e7\u00f5es<\/li>\n\n\n\n<li>T\u00e9cnico de Suporte, Computa\u00e7\u00e3o e Processamento: 423 inscri\u00e7\u00f5es<\/li>\n\n\n\n<li>Analista de Sistemas e M\u00e9todos: 1.135 inscri\u00e7\u00f5es<\/li>\n<\/ul><p>\u00c9 importante destacar que esses n\u00fameros ainda podem sofrer altera\u00e7\u00f5es, pois o concurso Proderj segue na fase de interposi\u00e7\u00e3o de recursos e confirma\u00e7\u00e3o definitiva das inscri\u00e7\u00f5es.<\/p>\n\n\n\n<h2 class=\"wp-block-heading\" id=\"vagas-do-concurso-proderj-\">Vagas do concurso Proderj <\/h2>\n\n\n\n<p>As vagas do concurso Proderj est\u00e3o distribu\u00eddas por n\u00edvel de escolaridade e cargo, com oportunidades destinadas \u00e0 ampla concorr\u00eancia e a cotas previstas em lei, incluindo pessoas pretas, pardas e ind\u00edgenas, pessoas com defici\u00eancia e candidatos hipossuficientes. <\/p>\n\n\n\n<p>A seguir, confira a divis\u00e3o completa das vagas<\/p>\n\n\n\n<h3 class=\"wp-block-heading\">N\u00edvel m\u00e9dio<\/h3>\n\n\n\n<ul class=\"wp-block-list\"><li><strong>Assistente Administrativo<\/strong>\n<ul class=\"wp-block-list\"><li>Ampla concorr\u00eancia: 2 vagas <\/li>\n\n\n\n<li>Pessoas pretas, pardas e ind\u00edgenas: 1 vaga<\/li>\n\n\n\n<li>Pessoas com defici\u00eancia: 1 vaga<\/li>\n\n\n\n<li>Hipossuficiente: 1 vaga<\/li>\n<\/ul><\/li>\n<\/ul><h3 class=\"wp-block-heading\">N\u00edvel t\u00e9cnico<\/h3>\n\n\n\n<ul class=\"wp-block-list\"><li><strong>Programador de Produ\u00e7\u00e3o, Computa\u00e7\u00e3o e Desenvolvimento de Sistemas <\/strong>\n<ul class=\"wp-block-list\"><li>Ampla concorr\u00eancia: 2 vagas <\/li>\n\n\n\n<li>Pessoas pretas, pardas e ind\u00edgenas: 1 vaga<\/li>\n\n\n\n<li>Pessoas com defici\u00eancia: 1 vaga<\/li>\n\n\n\n<li>Hipossuficiente: 1 vaga<\/li>\n<\/ul><\/li>\n\n\n\n<li><strong>T\u00e9cnicos de Suporte, Computa\u00e7\u00e3o e Processamento<\/strong>\n<ul class=\"wp-block-list\"><li>Ampla concorr\u00eancia: 2 vagas <\/li>\n\n\n\n<li>Pessoas pretas, pardas e ind\u00edgenas: 1 vaga<\/li>\n\n\n\n<li>Pessoas com defici\u00eancia: 1 vaga<\/li>\n\n\n\n<li>Hipossuficiente: 1 vaga<\/li>\n<\/ul><\/li>\n<\/ul><h3 class=\"wp-block-heading\">N\u00edvel superior<\/h3>\n\n\n\n<ul class=\"wp-block-list\"><li><strong>Analista de Sistemas e M\u00e9todos<\/strong>\n<ul class=\"wp-block-list\"><li>Ampla concorr\u00eancia: 8 vagas <\/li>\n\n\n\n<li>Pessoas pretas, pardas e ind\u00edgenas: 3 vaga<\/li>\n\n\n\n<li>Pessoas com defici\u00eancia: 1 vaga<\/li>\n\n\n\n<li>Hipossuficiente: 1 vaga<\/li>\n<\/ul><\/li>\n<\/ul><h3 class=\"wp-block-heading\">Sal\u00e1rio dos aprovados<\/h3>\n\n\n\n<p>Os sal\u00e1rios do concurso Proderj variam conforme o cargo e o n\u00edvel de escolaridade, com remunera\u00e7\u00f5es iniciais que v\u00e3o de R$ 2.141,93 a R$ 4.549,35. A seguir, confira os vencimentos de cada fun\u00e7\u00e3o.<\/p>\n\n\n\n<ul class=\"wp-block-list\"><li>Assistente Administrativo: R$ 2.141,93<\/li>\n\n\n\n<li>Programador de Produ\u00e7\u00e3o, Computa\u00e7\u00e3o e Desenvolvimento de Sistemas: R$ 3.848,14 <\/li>\n\n\n\n<li>T\u00e9cnicos de Suporte, Computa\u00e7\u00e3o e Processamento: R$ 2.141,93<\/li>\n\n\n\n<li>Analista de Sistemas e M\u00e9todos: R$ 4.549,35<\/li>\n<\/ul><h2 class=\"wp-block-heading\" id=\"requisitos-bsicos\">Requisitos b\u00e1sicos<\/h2>\n\n\n\n<p>Os requisitos b\u00e1sicos para investidura nos cargos p\u00fablicos s\u00e3o:<\/p>\n\n\n\n<ul class=\"wp-block-list\"><li>Ter sido aprovado e classificado no Concurso P\u00fablico;<\/li>\n\n\n\n<li>Ser brasileiro nato ou naturalizado, ou, em caso de nacionalidade portuguesa, estar amparado pelo estatuto de igualdade entre brasileiros e portugueses, com reconhecimento de gozo de direitos pol\u00edticos, nos termos do par\u00e1grafo 1\u00b0, artigo 12, da Constitui\u00e7\u00e3o Federal;<\/li>\n\n\n\n<li>Ter n\u00edvel de escolaridade exigido e capacita\u00e7\u00e3o t\u00e9cnica para o exerc\u00edcio do cargo;<\/li>\n\n\n\n<li>Estar quite com as obriga\u00e7\u00f5es eleitorais;<\/li>\n\n\n\n<li>Estar quite com as obriga\u00e7\u00f5es militares, para os candidatos do sexo masculino;<\/li>\n\n\n\n<li>Encontrar-se em pleno gozo de seus direitos pol\u00edticos e civis;<\/li>\n\n\n\n<li>N\u00e3o ter sofrido, no exerc\u00edcio de fun\u00e7\u00e3o p\u00fablica, penalidade incompat\u00edvel com nova investidura em cargo\/emprego p\u00fablico;<\/li>\n\n\n\n<li>Ter idade m\u00ednima de 18 anos at\u00e9 a data em que o candidato for convocado para nomea\u00e7\u00e3o no cargo;<\/li>\n\n\n\n<li>N\u00e3o acumular cargos, empregos ou fun\u00e7\u00f5es p\u00fablicas, salvo nos casos constitucionalmente admitidos.<\/li>\n<\/ul><h3 class=\"wp-block-heading\">Requisitos de escolaridade <\/h3>\n\n\n\n<ul class=\"wp-block-list\"><li>Assistente Administrativo:\n<ul class=\"wp-block-list\"><li><strong>Requisito:<\/strong> diploma de conclus\u00e3o do n\u00edvel m\u00e9dio.<\/li>\n<\/ul><\/li>\n\n\n\n<li>Programador de Produ\u00e7\u00e3o, Computa\u00e7\u00e3o e Desenvolvimento de Sistemas:\n<ul class=\"wp-block-list\"><li><strong>Requisito:<\/strong> diploma de conclus\u00e3o do n\u00edvel m\u00e9dio e curso de Aperfei\u00e7oamento em Linguagem de Programa\u00e7\u00e3o.<\/li>\n<\/ul><\/li>\n\n\n\n<li>T\u00e9cnicos de Suporte, Computa\u00e7\u00e3o e Processamento\n<ul class=\"wp-block-list\"><li><strong>Requisito:<\/strong> diploma de conclus\u00e3o do n\u00edvel m\u00e9dio e curso t\u00e9cnico na \u00e1rea de Inform\u00e1tica.<\/li>\n<\/ul><\/li>\n\n\n\n<li>Analista de Sistemas e M\u00e9todos:\n<ul class=\"wp-block-list\"><li>Requisito: diploma de conclus\u00e3o do n\u00edvel superior em Ci\u00eancias da Computa\u00e7\u00e3o, Engenharia da Computa\u00e7\u00e3o, Sistemas de Informa\u00e7\u00e3o e demais cursos de gradua\u00e7\u00e3o na \u00e1rea de TIC.<\/li>\n<\/ul><\/li>\n<\/ul><h2 class=\"wp-block-heading\" id=\"atribuies-\">Atribui\u00e7\u00f5es <\/h2>\n\n\n\n<p>Confira, a seguir, a descri\u00e7\u00e3o das atribui\u00e7\u00f5es dos aprovados: <\/p>\n\n\n\n<h3 class=\"wp-block-heading\">Assistente Administrativo<\/h3>\n\n\n\n<p>O Assistente dever\u00e1 prestar apoio t\u00e9cnico-administrativo em atividades relacionadas \u00e0 organiza\u00e7\u00e3o e execu\u00e7\u00e3o de tarefas que envolvam fun\u00e7\u00e3o de suporte administrativo; controlar o recebimento, tramita\u00e7\u00e3o, confer\u00eancia, prazos e distribui\u00e7\u00e3o dos processos administrativos; controlar a distribui\u00e7\u00e3o interna de informativos; fornecer as certid\u00f5es requisitadas; encaminhar \u00e0 imprensa oficial documentos e atos administrativos para a devida publica\u00e7\u00e3o; elaborar os relat\u00f3rios estat\u00edsticos; elaborar minutas de atos e apoiar a elabora\u00e7\u00e3o de normas regulamentares; desenvolver atividades de apoio \u00e0 gest\u00e3o de recursos humanos, financeiros e patrimoniais; realizar as dilig\u00eancias; organizar e manter os cadastros atualizados; prestar informa\u00e7\u00f5es em processos administrativos e digitar textos; exercer outras atividades de mesma natureza e grau de complexidade, que lhes sejam atribu\u00eddas pela autoridade superior.<\/p>\n\n\n\n<h3 class=\"wp-block-heading\">Programador de Produ\u00e7\u00e3o, Computa\u00e7\u00e3o e Desenvolvimento de Sistemas <\/h3>\n\n\n\n<p>O Programador dever\u00e1 confeccionar programas, controlar e acompanhar sua execu\u00e7\u00e3o, elaborar a documenta\u00e7\u00e3o de programas e sistemas, visando o melhor aproveitamento dos recursos computacionais e dando apoio t\u00e9cnico \u00e0s \u00e1reas envolvidas, ministrar programas de treinamento espec\u00edficos em sua \u00e1rea de atua\u00e7\u00e3o.<\/p>\n\n\n\n<h3 class=\"wp-block-heading\">T\u00e9cnicos de Suporte, Computa\u00e7\u00e3o e Processamento<\/h3>\n\n\n\n<p>O T\u00e9cnico dever\u00e1 auxiliar no suporte t\u00e9cnico e operacional aos usu\u00e1rios e no processamento eletr\u00f4nico da informa\u00e7\u00e3o, operando equipamentos como computadores de micro, m\u00e9dio ou grande porte e perif\u00e9ricos. Efetuar assist\u00eancia aos usu\u00e1rios e, sob orienta\u00e7\u00e3o, participar da administra\u00e7\u00e3o e suporte \u00e0s redes de informa\u00e7\u00e3o e da gera\u00e7\u00e3o de programas.<\/p>\n\n\n\n<h3 class=\"wp-block-heading\">Analista de Sistemas e M\u00e9todos<\/h3>\n\n\n\n<p>O analista dever\u00e1 analisar e propor solu\u00e7\u00f5es para situa\u00e7\u00f5es que incluam m\u00faltiplas e complexas vari\u00e1veis e requeiram capacidade de julgamento; planejar, desenvolver e coordenar projetos, assegurando a sua execu\u00e7\u00e3o de acordo com padr\u00f5es de qualidade definidos; analisar, recomendar e definir procedimentos sobre assuntos relacionados \u00e0 sua \u00e1rea de atua\u00e7\u00e3o, emitindo pareceres t\u00e9cnicos e definindo padr\u00f5es; coordenar os meios necess\u00e1rios \u00e0 consecu\u00e7\u00e3o dos objetivos do seu trabalho; efetuar estudos e pesquisas aplicados sobre assunto de interesse da Autarquia, referentes \u00e0 sua \u00e1rea de atua\u00e7\u00e3o; transmitir os conhecimentos necess\u00e1rios \u00e0 realiza\u00e7\u00e3o das atividades relativas \u00e0 sua \u00e1rea; e executar outras atividades necess\u00e1rias \u00e0 consecu\u00e7\u00e3o dos servi\u00e7os.<\/p>\n\n\n\n<h2 class=\"wp-block-heading\" id=\"etapas-do-concurso-proderj-\">Etapas do concurso Proderj <\/h2>\n\n\n\n<p>O concurso Proderj ser\u00e1 realizado em uma \u00fanica etapa: <strong>prova objetiva de m\u00faltipla escolha<\/strong>, de car\u00e1ter eliminat\u00f3rio e classificat\u00f3rio.<\/p>\n\n\n\n<h3 class=\"wp-block-heading\">Prova objetiva<\/h3>\n\n\n\n<p>A prova objetiva ser\u00e1 realizada no <strong>dia 22 de mar\u00e7o de 2026<\/strong>, na cidade do Rio de Janeiro (RJ) e ter\u00e1 <strong>dura\u00e7\u00e3o m\u00e1xima de 4 horas<\/strong>.<\/p>\n\n\n\n<p>Os cargos de Assistente Administrativo, T\u00e9cnico de Suporte, Computa\u00e7\u00e3o e Processamento e Programador de Produ\u00e7\u00e3o, Computa\u00e7\u00e3o e Desenvolvimento de Sistemas realizar\u00e3o a prova no turno da manh\u00e3, das 9h \u00e0s 13h. J\u00e1 o cargo de Analista de Sistemas e M\u00e9todos ter\u00e1 a prova aplicada no turno da tarde, das 15h \u00e0s 19h.<\/p>\n\n\n\n<h4 class=\"wp-block-heading\">Estrutura da prova objetiva <\/h4>\n\n\n\n<p>A prova objetiva ser\u00e1 composta por <strong>quest\u00f5es de m\u00faltipla escolha<\/strong>, com <strong>quatro alternativas (A, B, C e D)<\/strong>, sendo apenas uma correta. Confira! <\/p>\n\n\n\n<p><strong>N\u00edvel m\u00e9dio <\/strong><\/p>\n\n\n\n<ul class=\"wp-block-list\"><li>L\u00edngua Portuguesa: 10 quest\u00f5es (2 pontos cada)<\/li>\n\n\n\n<li>Racioc\u00ednio L\u00f3gico: 10 quest\u00f5es (2 pontos cada)<\/li>\n\n\n\n<li>No\u00e7\u00f5es de Direito Administrativo e Constitucional: 10 quest\u00f5es (2 pontos cada)<\/li>\n\n\n\n<li>Conhecimentos Espec\u00edficos: 20 quest\u00f5es (3 pontos cada)<\/li>\n<\/ul><p><strong>N\u00edvel t\u00e9cnico <\/strong><\/p>\n\n\n\n<ul class=\"wp-block-list\"><li>L\u00edngua Portuguesa: 10 quest\u00f5es (2 pontos cada)<\/li>\n\n\n\n<li>Racioc\u00ednio L\u00f3gico: 10 quest\u00f5es (2 pontos cada)<\/li>\n\n\n\n<li>No\u00e7\u00f5es de Direito Administrativo e Constitucional: 10 quest\u00f5es (2 pontos cada)<\/li>\n\n\n\n<li>Conhecimentos Espec\u00edficos: 30 quest\u00f5es (3 pontos cada)<\/li>\n<\/ul><p><strong>N\u00edvel superior <\/strong><\/p>\n\n\n\n<ul class=\"wp-block-list\"><li>L\u00edngua Portuguesa: 10 quest\u00f5es (2 pontos cada)<\/li>\n\n\n\n<li>Racioc\u00ednio L\u00f3gico: 10 quest\u00f5es (2 pontos cada)<\/li>\n\n\n\n<li>No\u00e7\u00f5es de Direito Administrativo e Constitucional: 10 quest\u00f5es (2 pontos cada)<\/li>\n\n\n\n<li>Conhecimentos Espec\u00edficos: 30 quest\u00f5es (3 pontos cada)<\/li>\n<\/ul><h4 class=\"wp-block-heading\">Crit\u00e9rios de aprova\u00e7\u00e3o <\/h4>\n\n\n\n<p>A pontua\u00e7\u00e3o m\u00e1xima da prova objetiva varia de acordo com o cargo:<\/p>\n\n\n\n<ul class=\"wp-block-list\"><li><strong>120 pontos<\/strong> para o cargo de Assistente Administrativo;<\/li>\n\n\n\n<li><strong>150 pontos<\/strong> para os cargos de T\u00e9cnico de Suporte, Computa\u00e7\u00e3o e Processamento, Programador de Produ\u00e7\u00e3o, Computa\u00e7\u00e3o e Desenvolvimento de Sistemas e Analista de Sistemas e M\u00e9todos.<\/li>\n<\/ul><p>Ser\u00e1 considerado aprovado o candidato que obtiver <strong>no m\u00ednimo 50% da pontua\u00e7\u00e3o m\u00e1xima total da prova objetiva<\/strong>.<\/p>\n\n\n\n<h3 class=\"wp-block-heading\">Crit\u00e9rios de desempate<\/h3>\n\n\n\n<p>O desempate dos candidatos aos cargos p\u00fablicos, obedecer\u00e1 aos seguintes crit\u00e9rios, nesta ordem e sucessivamente:<\/p>\n\n\n\n<ul class=\"wp-block-list\"><li>Ter idade igual ou superior a 60 anos, at\u00e9 o dia de realiza\u00e7\u00e3o da prova objetiva, na forma do disposto no par\u00e1grafo \u00fanico do art. 27, da Lei Federal n\u00ba 10.741, de 01 de outubro de 2003;<\/li>\n\n\n\n<li>Ter obtido maior nota na disciplina de conhecimentos espec\u00edficos;<\/li>\n\n\n\n<li>Ter obtido maior nota na prova de l\u00edngua portuguesa;<\/li>\n\n\n\n<li>Ter obtido maior nota na prova de racioc\u00ednio l\u00f3gico;<\/li>\n\n\n\n<li>Ter obtido maior nota na prova de No\u00e7\u00f5es de Direito Administrativo e Constitucional; e<\/li>\n\n\n\n<li>Persistindo o empate, ter\u00e1 prefer\u00eancia o candidato com mais idade.<\/li>\n<\/ul><p>O prazo de validade do concurso Proderj ser\u00e1 de 2 anos, contados da data da homologa\u00e7\u00e3o do resultado final, podendo ser prorrogado por uma \u00fanica vez, por igual per\u00edodo, mediante ato do Presidente do Proderj.<\/p>\n\n\n\n<h2 class=\"wp-block-heading\" id=\"o-que-cai-na-prova-do-concurso-proderj-\">O que cai na prova do concurso Proderj? <\/h2>\n\n\n\n<p>Confira o que estudar para a prova do concurso Proderj:<\/p>\n\n\n\n<h3 class=\"wp-block-heading\">L\u00edngua Portuguesa<\/h3>\n\n\n\n<ul class=\"wp-block-list\"><li>Elementos de constru\u00e7\u00e3o do texto e seu sentido: g\u00eanero do texto (liter\u00e1rio e n\u00e3o liter\u00e1rio, narrativo, descritivo e argumentativo); interpreta\u00e7\u00e3o e organiza\u00e7\u00e3o interna. <\/li>\n\n\n\n<li>Sem\u00e2ntica: sentido e emprego dos voc\u00e1bulos; campos sem\u00e2nticos; emprego de tempos e modos dos verbos em portugu\u00eas. <\/li>\n\n\n\n<li>Morfologia: reconhecimento, emprego e sentido das classes gramaticais; processos de forma\u00e7\u00e3o de palavras; mecanismos de flex\u00e3o dos nomes e verbos. <\/li>\n\n\n\n<li>Sintaxe: frase, ora\u00e7\u00e3o e per\u00edodo; termos da ora\u00e7\u00e3o; processos de coordena\u00e7\u00e3o e subordina\u00e7\u00e3o; concord\u00e2ncia nominal e verbal; transitividade e reg\u00eancia de nomes e verbos; padr\u00f5es gerais de coloca\u00e7\u00e3o pronominal no portugu\u00eas; mecanismos de coes\u00e3o textual. <\/li>\n\n\n\n<li>Ortografia. <\/li>\n\n\n\n<li>Acentua\u00e7\u00e3o gr\u00e1fica. <\/li>\n\n\n\n<li>Emprego do sinal indicativo de crase. <\/li>\n\n\n\n<li>Pontua\u00e7\u00e3o.<\/li>\n\n\n\n<li>Reescrita de frases: substitui\u00e7\u00e3o, deslocamento, paralelismo; varia\u00e7\u00e3o lingu\u00edstica: norma culta. <\/li>\n<\/ul><h3 class=\"wp-block-heading\">Racioc\u00ednio L\u00f3gico-Matem\u00e1tico <\/h3>\n\n\n\n<ul class=\"wp-block-list\"><li>Proposi\u00e7\u00f5es, valor-verdade, nega\u00e7\u00e3o, conjun\u00e7\u00e3o, disjun\u00e7\u00e3o, implica\u00e7\u00e3o, equival\u00eancia, proposi\u00e7\u00f5es compostas. <\/li>\n\n\n\n<li>Equival\u00eancias l\u00f3gicas.<\/li>\n\n\n\n<li>Problemas de racioc\u00ednio: deduzir informa\u00e7\u00f5es de rela\u00e7\u00f5es arbitr\u00e1rias entre objetos, lugares, pessoas e\/ou eventos fict\u00edcios dados.<\/li>\n\n\n\n<li>Diagramas l\u00f3gicos, tabelas e gr\u00e1ficos. <\/li>\n\n\n\n<li>Conjuntos e suas opera\u00e7\u00f5es. <\/li>\n\n\n\n<li>N\u00fameros naturais, inteiros, racionais, reais e suas opera\u00e7\u00f5es.<\/li>\n\n\n\n<li>Representa\u00e7\u00e3o na reta. <\/li>\n\n\n\n<li>Unidades de medida: dist\u00e2ncia, massa e tempo. <\/li>\n\n\n\n<li>Representa\u00e7\u00e3o de pontos no plano cartesiano. <\/li>\n\n\n\n<li>\u00c1lgebra b\u00e1sica: equa\u00e7\u00f5es, sistemas e problemas do primeiro grau. <\/li>\n\n\n\n<li>Porcentagem e proporcionalidade direta e inversa. <\/li>\n\n\n\n<li>Sequ\u00eancias, reconhecimento de padr\u00f5es, progress\u00f5es aritm\u00e9tica e geom\u00e9trica. <\/li>\n\n\n\n<li>Juros. <\/li>\n\n\n\n<li>Geometria b\u00e1sica: dist\u00e2ncias e \u00e2ngulos, pol\u00edgonos, circunfer\u00eancia, per\u00edmetro e \u00e1rea. <\/li>\n\n\n\n<li>Semelhan\u00e7a e rela\u00e7\u00f5es m\u00e9tricas no tri\u00e2ngulo ret\u00e2ngulo. <\/li>\n\n\n\n<li>Medidas de comprimento, \u00e1rea, volume. Princ\u00edpios de contagem e no\u00e7\u00e3o de probabilidade.<\/li>\n<\/ul><h3 class=\"wp-block-heading\">No\u00e7\u00f5es de Direito Administrativo e Constitucional <\/h3>\n\n\n\n<ul class=\"wp-block-list\"><li><strong>Direito Administrativo<\/strong>\n<ul class=\"wp-block-list\"><li>Princ\u00edpios de Direito Administrativo. <\/li>\n\n\n\n<li>Atos Administrativos. <\/li>\n\n\n\n<li>Poderes administrativos. <\/li>\n\n\n\n<li>Administra\u00e7\u00e3o Direta e Indireta. <\/li>\n\n\n\n<li>Contratos Administrativos. Licita\u00e7\u00f5es. Lei n\u00ba 14.133, de 1\u00ba de abril de 2021. San\u00e7\u00f5es administrativas, crimes e penas previstos na Lei n\u00ba 14.133\/2021. <\/li>\n\n\n\n<li>Processo administrativo. <\/li>\n\n\n\n<li>Agentes P\u00fablicos. <\/li>\n\n\n\n<li>Estatuto dos Funcion\u00e1rios P\u00fablicos Civis do Poder Executivo do Estado do Rio de Janeiro (Decreto-Lei n\u00ba 220, de 18 de julho de 1975) e seu regulamento (Decreto n\u00ba 2479 de 08 de mar\u00e7o de 1979). <\/li>\n\n\n\n<li>Servi\u00e7os P\u00fablicos. <\/li>\n\n\n\n<li>Responsabilidade Civil do Estado. <\/li>\n\n\n\n<li>Controle da Administra\u00e7\u00e3o P\u00fablica. <\/li>\n\n\n\n<li>Mandado de Seguran\u00e7a. <\/li>\n\n\n\n<li>Improbidade Administrativa; C\u00f3digo Penal: dos crimes praticados por funcion\u00e1rio p\u00fablico contra a administra\u00e7\u00e3o em geral. <\/li>\n<\/ul><\/li>\n\n\n\n<li><strong>Direito Constitucional<\/strong> \n<ul class=\"wp-block-list\"><li>Constitui\u00e7\u00e3o (conceitos, classifica\u00e7\u00e3o e supremacia); princ\u00edpios constitucionais; direitos e garantias fundamentais; organiza\u00e7\u00e3o pol\u00edtico-administrativa e compet\u00eancias dos entes federados; Administra\u00e7\u00e3o P\u00fablica e servidores p\u00fablicos; os Poderes Legislativo, Executivo e Judici\u00e1rio, fiscaliza\u00e7\u00e3o cont\u00e1bil, financeira e or\u00e7ament\u00e1ria.<\/li>\n<\/ul><\/li>\n<\/ul><h2 class=\"wp-block-heading\" id=\"materiais-para-se-preparar-para-o-concurso-proderj\">Materiais para se preparar para o concurso Proderj<\/h2>\n\n\n\n<p>Preparar-se para o concurso Proderj exige foco, organiza\u00e7\u00e3o e, acima de tudo, o uso de materiais de estudo confi\u00e1veis e atualizados. A regularidade nos estudos, aliada a m\u00e9todos eficazes, \u00e9 um dos principais diferenciais para quem busca uma vaga no servi\u00e7o p\u00fablico estadual.<\/p>\n\n\n\n<p>Com esse objetivo, a <a href=\"https:\/\/www.novaconcursos.com.br\/\">Nova Concursos<\/a> oferece conte\u00fados espec\u00edficos, atualizados e desenvolvidos para ajudar concurseiros a equilibrar os estudos com a rotina. N\u00e3o espere o edital sair para come\u00e7ar a estudar. A prepara\u00e7\u00e3o antecipada faz toda a diferen\u00e7a na sua trajet\u00f3ria at\u00e9 a nomea\u00e7\u00e3o!<\/p>\n\n\n\n<h3 class=\"wp-block-heading\">Curso Online Proderj <\/h3>\n\n\n\n<p>O <a href=\"https:\/\/www.novaconcursos.com.br\/concurso\/proderj-centro-de-tecnologia-da-informacao-e-comunicacao-do-estado-do-rio-de-janeiro\/cursos-online\">Curso Proderj<\/a> foi desenvolvido com base no edital publicado e est\u00e1 totalmente atualizado, oferecendo uma prepara\u00e7\u00e3o completa e alinhada \u00e0s exig\u00eancias do certame. As aulas s\u00e3o organizadas por disciplinas e t\u00f3picos, seguindo fielmente a estrutura do conte\u00fado program\u00e1tico previsto no edital. Dessa forma, o candidato consegue estudar com mais objetividade, focando nos assuntos mais cobrados e em uma rotina de prepara\u00e7\u00e3o pr\u00e1tica e direcionada.<\/p>\n\n\n\n<h2 class=\"wp-block-heading\" id=\"ltimo-concurso-proderj-\">\u00daltimo concurso Proderj <\/h2>\n\n\n\n<p>O \u00faltimo concurso do \u00f3rg\u00e3o aconteceu em\u00a0<strong>2002<\/strong>, ou seja, h\u00e1 mais de 20 anos. Organizado pela\u00a0<strong>FEC\u00a0<\/strong>(Funda\u00e7\u00e3o Euclides da Cunha), o certame ofertou oportunidades para os seguintes cargos:<\/p>\n\n\n\n<p><strong>N\u00edvel M\u00e9dio<\/strong><\/p>\n\n\n\n<ul class=\"wp-block-list\"><li>T\u00e9cnico em Contabilidade<\/li>\n\n\n\n<li>T\u00e9cnico de Suporte<\/li>\n\n\n\n<li>Programador de Sistemas<\/li>\n<\/ul><p><strong>N\u00edvel Superior<\/strong><\/p>\n\n\n\n<ul class=\"wp-block-list\"><li>Administrador<\/li>\n\n\n\n<li>Analista de Sistemas<\/li>\n\n\n\n<li>Auditor<\/li>\n<\/ul><p>As\u00a0<strong>provas objetivas\u00a0<\/strong>aplicadas contaram com quest\u00f5es acerca das seguintes disciplinas:<\/p>\n\n\n\n<ul class=\"wp-block-list\"><li>Inform\u00e1tica B\u00e1sica<\/li>\n\n\n\n<li>L\u00edngua Portuguesa<\/li>\n\n\n\n<li>Legisla\u00e7\u00e3o<\/li>\n\n\n\n<li>Ingl\u00eas<\/li>\n\n\n\n<li>Conhecimentos Espec\u00edficos de cada cargo<\/li>\n<\/ul><p>Cabe ressaltar que as disciplinas\u00a0<strong>variaram<\/strong>\u00a0conforme as carreiras pretendidas pelo candidato.<\/p>\n\n\n\n<p>Ademais, devido ao longo per\u00edodo sem realizar sele\u00e7\u00f5es, o<strong>\u00a0d\u00e9ficit atual<\/strong>\u00a0de pessoal \u00e9 superior a 200 servidores.<\/p>\n\n\n\n<h2 class=\"wp-block-heading\" id=\"o-que-a-proderj\">O que \u00e9 a Proderj?<\/h2>\n\n\n\n<p>A <a href=\"https:\/\/www.rj.gov.br\/proderj\/\" target=\"_blank\" rel=\"noopener\">PRODERJ<\/a> (Centro de Tecnologia da Informa\u00e7\u00e3o e Comunica\u00e7\u00e3o do Estado do Rio de Janeiro) \u00e9 uma autarquia vinculada \u00e0 Secretaria da Casa Civil do Governo do Estado do Rio de Janeiro. <\/p>\n\n\n\n<p>Sua principal fun\u00e7\u00e3o \u00e9 planejar, desenvolver e manter solu\u00e7\u00f5es de tecnologia da informa\u00e7\u00e3o e comunica\u00e7\u00e3o para os \u00f3rg\u00e3os da administra\u00e7\u00e3o p\u00fablica estadual. Entre suas atribui\u00e7\u00f5es est\u00e3o o desenvolvimento de sistemas, a gest\u00e3o da infraestrutura de redes do governo, a seguran\u00e7a da informa\u00e7\u00e3o e o suporte t\u00e9cnico a diversas secretarias. <\/p>\n\n\n\n<p>A PRODERJ tamb\u00e9m \u00e9 respons\u00e1vel por plataformas digitais que facilitam o acesso do cidad\u00e3o a servi\u00e7os p\u00fablicos, como o SEI e o RJ Digital. Ao modernizar processos e promover a transforma\u00e7\u00e3o digital no servi\u00e7o p\u00fablico, a PRODERJ contribui diretamente para uma gest\u00e3o mais eficiente, integrada e transparente.<\/p>","protected":false},"excerpt":{"rendered":"<p>O concurso Proderj oferece vagas para n\u00edveis m\u00e9dio, t\u00e9cnico e superior, com sal\u00e1rios de at\u00e9 R$ 4.549,35! <\/p>\n","protected":false},"author":54693,"featured_media":301092,"comment_status":"closed","ping_status":"closed","sticky":false,"template":"","format":"standard","meta":{"_acf_changed":false,"footnotes":"","_wp_rev_ctl_limit":""},"categories":[44999,44939,44997,44965],"tags":[37751,45005],"class_list":["post-134998","post","type-post","status-publish","format-standard","has-post-thumbnail","hentry","category-concursos","category-carreira-administrativa","category-carreira-ti","category-rj","tag-concurso-proderj","tag-concursos-abertos-rj"],"acf":[],"_links":{"self":[{"href":"https:\/\/www.novaconcursos.com.br\/portal\/wp-json\/wp\/v2\/posts\/134998","targetHints":{"allow":["GET"]}}],"collection":[{"href":"https:\/\/www.novaconcursos.com.br\/portal\/wp-json\/wp\/v2\/posts"}],"about":[{"href":"https:\/\/www.novaconcursos.com.br\/portal\/wp-json\/wp\/v2\/types\/post"}],"author":[{"embeddable":true,"href":"https:\/\/www.novaconcursos.com.br\/portal\/wp-json\/wp\/v2\/users\/54693"}],"replies":[{"embeddable":true,"href":"https:\/\/www.novaconcursos.com.br\/portal\/wp-json\/wp\/v2\/comments?post=134998"}],"version-history":[{"count":27,"href":"https:\/\/www.novaconcursos.com.br\/portal\/wp-json\/wp\/v2\/posts\/134998\/revisions"}],"predecessor-version":[{"id":304880,"href":"https:\/\/www.novaconcursos.com.br\/portal\/wp-json\/wp\/v2\/posts\/134998\/revisions\/304880"}],"wp:featuredmedia":[{"embeddable":true,"href":"https:\/\/www.novaconcursos.com.br\/portal\/wp-json\/wp\/v2\/media\/301092"}],"wp:attachment":[{"href":"https:\/\/www.novaconcursos.com.br\/portal\/wp-json\/wp\/v2\/media?parent=134998"}],"wp:term":[{"taxonomy":"category","embeddable":true,"href":"https:\/\/www.novaconcursos.com.br\/portal\/wp-json\/wp\/v2\/categories?post=134998"},{"taxonomy":"post_tag","embeddable":true,"href":"https:\/\/www.novaconcursos.com.br\/portal\/wp-json\/wp\/v2\/tags?post=134998"}],"curies":[{"name":"wp","href":"https:\/\/api.w.org\/{rel}","templated":true}]}}