{"id":135003,"date":"2021-06-15T11:58:19","date_gmt":"2021-06-15T14:58:19","guid":{"rendered":"https:\/\/www.novaconcursos.com.br\/portal\/?p=135003"},"modified":"2021-06-15T12:04:50","modified_gmt":"2021-06-15T15:04:50","slug":"quem-pode-ser-um-policial-penal","status":"publish","type":"post","link":"https:\/\/www.novaconcursos.com.br\/portal\/artigos\/quem-pode-ser-um-policial-penal\/","title":{"rendered":"Quem pode ser um Policial Penal?"},"content":{"rendered":"<p>J\u00e1 foram <strong>iniciados os tr\u00e2mites<\/strong> para a realiza\u00e7\u00e3o do novo <a href=\"https:\/\/www.novaconcursos.com.br\/portal\/concursos\/concurso-policia-penal-mg\/\">concurso Pol\u00edcia Penal MG<\/a>! Saiba mais sobre a carreira de <strong>Pol\u00edcial Penal<\/strong>.<\/p>\n\n\n\n<ul class=\"wp-block-list\"><li><strong>Confira:<\/strong> <a href=\"https:\/\/www.novaconcursos.com.br\/eventos\/curso-gratis-policia-penal-mg-agente-penitenciario\/\" target=\"_blank\" rel=\"noreferrer noopener\" aria-label=\"Curso Gr\u00e1tis Pol\u00edcia Penal MG  (abre numa nova aba)\">Curso Gr\u00e1tis Pol\u00edcia Penal MG <\/a><\/li><\/ul><p><\/p>\n\n\n\n<p>A sele\u00e7\u00e3o ir\u00e1 <strong>ofertar 2.420 vagas\u00a0<\/strong>no cargo de Policial Penal (Agente Penitenci\u00e1rio), com exig\u00eancia apenas de\u00a0<strong>n\u00edvel m\u00e9dio<\/strong>\u00a0de forma\u00e7\u00e3o. <\/p>\n\n\n\n<ul class=\"wp-block-list\"><li><strong>Adquira:<\/strong> <a href=\"https:\/\/www.novaconcursos.com.br\/concurso\/policia-penal-mg\/apostila\">Apostila completa Pol\u00edcia Penal MG<\/a><\/li><li><strong>Adquira: <\/strong><a href=\"https:\/\/www.novaconcursos.com.br\/curso-online\/agepen-mg-agente-de-seguranca-penitenciario\">Curso online completo Pol\u00edcia Penal MG<\/a><\/li><\/ul><p><\/p>\n\n\n\n<p>Por ora, \u00e9 preciso aguardar a <strong>oficializa\u00e7\u00e3o das bancas<\/strong> ap\u00f3s a an\u00e1lise de toda a documenta\u00e7\u00e3o a ser enviada por elas. <\/p>\n\n\n\n<h2 class=\"wp-block-heading\" id=\"o-que-precisa-para-ser-policial-penal\"><strong>O que precisa para ser Policial Penal?<\/strong><\/h2>\n\n\n\n<p>Em 2019 foi aprovada a <strong>cria\u00e7\u00e3o da carreira da Pol\u00edcia Penal que ir\u00e1 substituir as carreiras de seguran\u00e7a penitenci\u00e1ria<\/strong>. Dessa maneira, o novo edital que \u00e9 aguardado para a Pol\u00edcia Penal pode trazer mais detalhes e algumas mudan\u00e7as sobre a carreira.<\/p>\n\n\n\n<p>De acordo com o professor Tomas Ross do projeto da Pol\u00edcia Penal da Nova Concursos, <strong>os requisitos b\u00e1sicos para se tornar um Pol\u00edcial Penal s\u00e3o:<\/strong><\/p>\n\n\n\n<ul class=\"wp-block-list\"><li>Ser brasileiro naturalizado;<\/li><li>Ter o ensino m\u00e9dio completo ou curso profissionalizante de ensino m\u00e9dio, emitido por institui\u00e7\u00e3o reconhecida pelo Minist\u00e9rio da Educa\u00e7\u00e3o (MEC); <\/li><li>Ter 18 anos completo na data de posse;<\/li><li>Estar em gozo dos direitos pol\u00edticos;<\/li><li>Estar em dia com as obriga\u00e7\u00f5es militares;<\/li><li>Idoneidade e conduta ilibada;<\/li><li>Aptid\u00e3o f\u00edsica e mental;<\/li><li>Ser considerado apto mediante laudo m\u00e9dico; <\/li><li>N\u00e3o foi determinado um limite de idade m\u00e1xima; e<\/li><li>Limite constitucional de aposentadoria compuls\u00f3ria \u00e9 de 75 anos.<\/li><\/ul><h2 class=\"wp-block-heading\" id=\"o-que-cai-na-prova-de-polcia-penal\"><strong>O que cai na prova de Pol\u00edcia Penal?<\/strong><\/h2>\n\n\n\n<p>De acordo com o \u00faltimo edital publicado em 2018, os candidatos foram avaliados em\u00a0<strong>quatro etapas<\/strong>:<\/p>\n\n\n\n<p><strong>1\u00aa etapa<\/strong>: Prova objetiva e an\u00e1lise de t\u00edtulos;<br><strong>2\u00aa etapa<\/strong>: Avalia\u00e7\u00e3o psicol\u00f3gica;<br><strong>3\u00aa etapa<\/strong>: Comprova\u00e7\u00e3o de Idoneidade e Conduta Ilibada;<br><strong>4\u00aa etapa<\/strong>: Curso Introdut\u00f3rio.<\/p>\n\n\n\n<p>A\u00a0<strong>primeira etapa<\/strong>\u00a0aconteceu no m\u00eas de novembro, nas cidades de Belo Horizonte, Barbacena, Contagem, Curvelo, Divin\u00f3polis, Governador Valadares, Ipatinga, Juiz de Fora, Lavras, Montes Claros, Patos de Minas, Po\u00e7os de Caldas, Pouso Alegre, Te\u00f3filo Otoni, Uberaba, Uberl\u00e2ndia, Una\u00ed, Vespasiano.<\/p>\n\n\n\n<p>O\u00a0<strong>conte\u00fado program\u00e1tico<\/strong>\u00a0da prova versou sobre as disciplinas de L\u00edngua Portuguesa, Direitos Humanos, C\u00f3digo de \u00c9tica e Estatuto do Servidor P\u00fablico do Estado de Minas Gerais, al\u00e9m de Conhecimentos Espec\u00edficos.<\/p>\n\n\n\n<p>Cada frente teve 10 quest\u00f5es, excetuando a de Conhecimentos Espec\u00edficos, que teve 20. Para ser considerado classificado, o candidato deveria alcan\u00e7ar\u00a0<strong>50% da prova objetiva e n\u00e3o pode zerar nenhuma frente<\/strong>.<\/p>\n\n\n\n<h2 class=\"wp-block-heading\" id=\"qual-o-salrio-de-um-policial-penal\"><strong>Qual o sal\u00e1rio de um Policial Penal?<\/strong><\/h2>\n\n\n\n<p>A fun\u00e7\u00e3o de Policial Penal MG tem remunera\u00e7\u00e3o inicial de\u00a0<strong>R$ 4.098,45\u00a0<\/strong>e ter\u00e1 a oferta de\u00a0<strong>2.420 vagas, sendo 242 oportunidades\u00a0<\/strong>para pessoas com defici\u00eancia.\u00a0O valor corresponde \u00e0 carga hor\u00e1ria de\u00a0<strong>40 horas semanais<\/strong>. Os\u00a0<strong>Agentes Socioeducativos<\/strong>\u00a0recebem esse mesmo valor.<\/p>\n\n\n\n<p>Por\u00e9m, recentemente foi sancionado o Projeto de Lei 1.451\/2020, regulamentado por meio da Lei 23.597\/2020, que determina que os vencimentos ser\u00e3o corrigidos em\u00a0<strong>13%<\/strong>. Sendo assim, o valor deve passar para<strong>\u00a0R$ 4.631,24<\/strong>.<\/p>\n\n\n\n<h2 class=\"wp-block-heading\" id=\"qual-a-idade-mxima-para-entrar-na-polcia-penal\"><strong>Qual a idade m\u00e1xima para entrar na Pol\u00edcia Penal?<\/strong><\/h2>\n\n\n\n<p>At\u00e9 agora,\u00a0<a href=\"https:\/\/www.novaconcursos.com.br\/portal\/artigos\/concurso-policia-penal-mg-idade-maxima-policial-penal\/\">n\u00e3o h\u00e1 uma idade m\u00e1xima\u00a0definida para ser Policial Penal<\/a>, isso porque\u00a0<strong>n\u00e3o \u00e9 considerada<\/strong>\u00a0uma carreira militar.<\/p>\n\n\n\n<p>Apesar disso, h\u00e1 muitas controv\u00e9rsias quanto a valoriza\u00e7\u00e3o da carreira, visto que os Policiais Penais lutam na justi\u00e7a para ter esse direito.<\/p>\n\n\n\n<p>O objetivo, inicialmente, \u00e9 conseguir os mesmos\u00a0<strong>direitos e benef\u00edcios<\/strong>\u00a0que um Policial, como\u00a0<strong>sal\u00e1rio e poder de investiga\u00e7\u00e3o<\/strong>.<\/p>\n\n\n\n<p>O Policial Penal\u00a0<strong>\u00e9 conhecido<\/strong>\u00a0por Agente\/Inspetor Penitenci\u00e1rio\/Carcereiro. \u00c9 respons\u00e1vel pelas apreens\u00f5es de drogas e celulares, revistas pessoais nos internos, familiares e visitantes, revista em ve\u00edculos que adentram as unidades prisionais e controle de rebeli\u00f5es, al\u00e9m de ronda externa na \u00e1rea do per\u00edmetro de seguran\u00e7a ao redor da unidade prisional.<\/p>\n\n\n\n<p>S\u00e3o mais de<strong>\u00a0100 mil\u00a0<\/strong>profissionais nessa carreira no Brasil.<\/p>\n\n\n\n<p> Entretanto, apesar de n\u00e3o existir limite m\u00e1ximo para atuar na carreira, h\u00e1\u00a0<strong>um limite constitucional<\/strong>\u00a0de aposentadoria compuls\u00f3ria aos\u00a0<strong>75 anos<\/strong>.<\/p>\n\n\n\n<h2 class=\"wp-block-heading\" id=\"o-que-faz-um-polcial-penal-\">O que faz um Pol\u00edcial Penal? <\/h2>\n\n\n\n<p>Como as\u00a0<strong>mudan\u00e7a de legisla\u00e7\u00e3o<\/strong>\u00a0ainda s\u00e3o bastante recentes, os Estados brasileiros s\u00f3 est\u00e3o se adaptando \u00e0 regulariza\u00e7\u00e3o agora com a abertura de novos concursos.<\/p>\n\n\n\n<p>No entanto, as\u00a0<a href=\"https:\/\/www.novaconcursos.com.br\/portal\/artigos\/concurso-policia-penal-mg-o-que-faz\/\">atribui\u00e7\u00f5es dos Policiais Penais\u00a0<\/a>continuam bastante semelhantes \u00e0s dos Agentes Penitenci\u00e1rios, contando somente com pequenas altera\u00e7\u00f5es e alguns deveres a mais.<\/p>\n\n\n\n<p>As\u00a0<strong>atribui\u00e7\u00f5es<\/strong>\u00a0do Policial Penal s\u00e3o:<\/p>\n\n\n\n<ul class=\"wp-block-list\"><li>Realizar escolta e a cust\u00f3dia dos presidi\u00e1rios;<\/li><li>Fazer opera\u00e7\u00f5es de transporte de escolta e cust\u00f3dia dos presos para movimenta\u00e7\u00f5es externas, inclusive entre Estados ou entre unidades dentro do Estado;<\/li><li>Realizar buscas periodicamente dentro das celas;<\/li><li>Fazer o trabalho de revista nos visitantes e familiares dos presos;<\/li><li>Fazer servi\u00e7os de seguran\u00e7a para profissionais diversos que fazem trabalhos especializados com os presos nas unidades;<\/li><li>Conduzir os presidi\u00e1rios \u00e0 presen\u00e7a de autoridades;<\/li><li>Adotar medidas necess\u00e1rias para cumprimento dos alvar\u00e1s de soltura;<\/li><li>Informar ao presos os seus direitos e deveres, de acordo como o ReNP (Regulamento e Normas de Procedimentos do Sistema Prisional de Minas Gerais) e com demais legisla\u00e7\u00f5es vigentes;<\/li><li>Estar atento \u00e0 necessidade de enviar os presos para atendimentos especializados;<\/li><li>Entregar medicamentos aos presidi\u00e1rios sempre que necess\u00e1rio e prescrito por algum m\u00e9dico;<\/li><li>Prestar assist\u00eancia em situa\u00e7\u00f5es emergenciais como primeiros socorros, rebeli\u00f5es, inc\u00eandio, fuga, transporte de enfermos e ocasi\u00f5es de natureza semelhante;<\/li><li>Realizar trabalhos administrativos como preencher formul\u00e1rios e fazer comunica\u00e7\u00f5es internas;<\/li><li>Participar de comiss\u00f5es de classifica\u00e7\u00e3o legal e de disciplina quando necess\u00e1rio;<\/li><li>Realizar outras atividades designadas por meio de dispositivos legais;<\/li><li>Sempre trabalhar para garantir a seguran\u00e7a interna das unidades prisionais;<\/li><li>Desempenhar a\u00e7\u00f5es de vigil\u00e2ncia externa e interna nos pres\u00eddios, inclusive nas guaritas e muralhas, assim como em \u00f3rg\u00e3o e locais vinculados ou de interesse do sistema prisional.<\/li><\/ul><h2 class=\"wp-block-heading\" id=\"confira-os-concursos-previstos-e-abertos-para-polcia-penal-\">Confira os concursos previstos e abertos para Pol\u00edcia Penal <\/h2>\n\n\n\n<p>Ap\u00f3s a\u00a0cria\u00e7\u00e3o da\u00a0Pol\u00edcia Penal, as sele\u00e7\u00f5es para a institui\u00e7\u00e3o come\u00e7am a ganhar forma. Em diversos estados brasileiros, o \u00f3rg\u00e3o\u00a0j\u00e1 come\u00e7a a ser regulamentado, enquanto outros j\u00e1 t\u00eam\u00a0<strong>concursos para a Pol\u00edcia Penal<\/strong>\u00a0abertos e previstos em 2021. <\/p>\n\n\n\n<p>Confira a seguir quais s\u00e3o os  os principais\u00a0<strong>concursos para a Pol\u00edcia Penal abertos previstos para 2021<\/strong>.<\/p>\n\n\n\n<h3 class=\"wp-block-heading\"><a href=\"https:\/\/www.novaconcursos.com.br\/portal\/concursos\/concurso-agepen-al\/\">Concurso Pol\u00edcia Penal AL<\/a><\/h3>\n\n\n\n<p>O Estado de Alagoas \u00e9 o primeiro a lan\u00e7ar um concurso ap\u00f3s a cria\u00e7\u00e3o da Pol\u00edcia Penal. A sele\u00e7\u00e3o conta com a oferta de <strong>300 vagas para o cargo de Policial Penal<\/strong>, cargo destinado a quem possui o n\u00edvel superior em qualquer \u00e1rea. <strong>A remunera\u00e7\u00e3o \u00e9 de R$ 3.800. <\/strong><\/p>\n\n\n\n<p><a href=\"https:\/\/www.novaconcursos.com.br\/portal\/concursos\/concurso-agepen-al\/\">\u21d2 Saiba mais sobre o concurso Pol\u00edcia Penal AL \u21d0<\/a><\/p>\n\n\n\n<ul class=\"wp-block-list\"><li><strong>Adquira:<\/strong> <a href=\"https:\/\/www.novaconcursos.com.br\/apostila\/policia-penal-al-agente-penitenciario\">Apostila completa Pol\u00edcia Penal AL<\/a><\/li><li><strong>Adquira: <\/strong> <a href=\"https:\/\/www.novaconcursos.com.br\/curso-online\/policia-penal-al\">Curso online completo Pol\u00edcia Penal AL<\/a><\/li><\/ul><p><\/p>\n\n\n\n<h3 class=\"wp-block-heading\"><a href=\"https:\/\/www.novaconcursos.com.br\/portal\/concursos\/concurso-policia-penal-sp\/\">Concurso Pol\u00edcia Penal SP<\/a><\/h3>\n\n\n\n<p>O\u00a0<strong>Concurso Pol\u00edcia Penal SP<\/strong>\u00a0pode estar mais pr\u00f3ximo de acontecer. Isso porque,\u00a0a Proposta de Emenda Constitucional (PEC) 04\/2021<strong>\u00a0recebeu o aval<\/strong>\u00a0da CCJ \u2013\u00a0Comiss\u00e3o de Constitui\u00e7\u00e3o e Justi\u00e7a.<\/p>\n\n\n\n<p>A\u00a0<strong>PEC tem como objetivo<\/strong>\u00a0transformar os atuais Agentes Penitenci\u00e1rios e Agentes de Escolta e Vigil\u00e2ncia Penitenci\u00e1ria em policiais penais.<\/p>\n\n\n\n<p><a href=\"https:\/\/www.novaconcursos.com.br\/portal\/concursos\/concurso-policia-penal-sp\/\">\u21d2 Saiba mais sobre o concurso Pol\u00edcia Penal SP \u21d0<\/a><\/p>\n\n\n\n<h3 class=\"wp-block-heading\"><a href=\"https:\/\/www.novaconcursos.com.br\/portal\/concursos\/concurso-policia-penal-rj\/\">Concurso Pol\u00edcia Penal RJ<\/a><\/h3>\n\n\n\n<p>O Estado do Rio de Janeiro pode passar a realizar<strong>\u00a0novos concursos Pol\u00edcia Penal RJ<\/strong>, e n\u00e3o mais certames para Agentes Penitenci\u00e1rios. \u00c9 o que est\u00e1 previsto na PEC 47\/2020 (Proposta de Emenda Constitucional), aprovada na ALERJ (Assembleia Legislativa do Rio de Janeiro).<\/p>\n\n\n\n<p>A PEC 47\/2020, que \u00e9 de autoria do deputado Max Lemos (PSDB),\u00a0<strong>cria a Pol\u00edcia Penal, que ser\u00e1 uma institui\u00e7\u00e3o permanente e vinculada \u00e0 SEAP RJ<\/strong>\u00a0(Secretaria de Estado de Administra\u00e7\u00e3o Penitenci\u00e1ria do Rio de Janeiro).<\/p>\n\n\n\n<p><a href=\"https:\/\/www.novaconcursos.com.br\/portal\/concursos\/concurso-policia-penal-rj\/\">\u21d2 Saiba mais sobre o concurso Pol\u00edcia Penal RJ \u21d0<\/a><\/p>\n\n\n\n<h3 class=\"wp-block-heading\"><a href=\"https:\/\/www.novaconcursos.com.br\/portal\/concursos\/concurso-policia-penal-mg\/\">Concurso Pol\u00edcia Penal MG<\/a><\/h3>\n\n\n\n<p> De acordo com informa\u00e7\u00f5es da SEJUSP MG (Secretaria de Estado de Justi\u00e7a e Seguran\u00e7a P\u00fablica de Minas Gerais), o novo concurso Pol\u00edcia Penal MG ir\u00e1 ofertar<strong>\u00a02.420 vagas no cargo de Policial Penal\u00a0<\/strong>(Agente Penitenci\u00e1rio), sendo esse o quantitativo aprovado para a carreira pelo Governo do Estado. O\u00a0<strong>projeto b\u00e1sico<\/strong>\u00a0j\u00e1 foi divulgado e conta com as etapas e disciplinas a serem cobradas. <\/p>\n\n\n\n<p><a href=\"https:\/\/www.novaconcursos.com.br\/portal\/concursos\/concurso-policia-penal-mg\/\">\u21d2 Saiba mais sobre o concurso Pol\u00edcia Penal MG \u21d0<\/a><\/p>\n\n\n\n<ul class=\"wp-block-list\"><li><strong>Adquira:<\/strong> <a href=\"https:\/\/www.novaconcursos.com.br\/concurso\/policia-penal-mg\/apostila\">Apostila completa Pol\u00edcia Penal MG<\/a><\/li><li><strong>Adquira: <\/strong><a href=\"https:\/\/www.novaconcursos.com.br\/curso-online\/agepen-mg-agente-de-seguranca-penitenciario\">Curso online completo Pol\u00edcia Penal MG<\/a><\/li><\/ul><p><\/p>\n\n\n\n<h3 class=\"wp-block-heading\"><a href=\"https:\/\/www.novaconcursos.com.br\/portal\/concursos\/concurso-agepen-ce\/\">Concurso Pol\u00edcia Penal CE<\/a><\/h3>\n\n\n\n<p>Foi aprovada a<strong>\u00a0PEC<\/strong>\u00a0(Proposta de Emenda \u00e0 Constitui\u00e7\u00e3o),\u00a0<strong>que cria o cargo de Policial Penal do Estado do Cear\u00e1<\/strong>. As contrata\u00e7\u00f5es dos candidatos, ser\u00e3o atrav\u00e9s do\u00a0concurso\u00a0<strong>AGEPEN CE<\/strong>.<\/p>\n\n\n\n<p>A proposta aprovada,\u00a0<strong>transforma o cargo de Agente Penitenci\u00e1rio em Policiais Penais, que ir\u00e1 beneficiar 3.700 agentes<\/strong>. Agora, a PEC segue para sans\u00e3o do governador do Estado do Cear\u00e1!<\/p>\n\n\n\n<p><a href=\"https:\/\/www.novaconcursos.com.br\/portal\/concursos\/concurso-agepen-ce\/\">\u21d2 Saiba mais sobre o concurso Pol\u00edcia Penal CE \u21d0<\/a><\/p>\n\n\n\n<h3 class=\"wp-block-heading\"><a href=\"https:\/\/www.novaconcursos.com.br\/portal\/concursos\/concurso-policia-penal-to\/\">Concurso Pol\u00edcia Penal TO<\/a><\/h3>\n\n\n\n<p>A expectativa em torno do<strong>\u00a0concurso Pol\u00edcia Penal TO<\/strong>\u00a0n\u00e3o para de crescer! Foi publicada no Di\u00e1rio Oficial a Proposta de Emenda Constitucional (PEC) que define a estrutura e o funcionamento da Pol\u00edcia Penal.<\/p>\n\n\n\n<p>O documento\u00a0ainda informa que o preenchimento do quadro de servidores dever\u00e1 ser feito, exclusivamente, por meio de concurso p\u00fablico.<\/p>\n\n\n\n<p><a href=\"https:\/\/www.novaconcursos.com.br\/portal\/concursos\/concurso-policia-penal-to\/\">\u21d2 Saiba mais sobre o concurso Pol\u00edcia Penal TO \u21d0<\/a><\/p>\n\n\n\n<h3 class=\"wp-block-heading\"><a href=\"https:\/\/www.novaconcursos.com.br\/portal\/concursos\/concurso-policia-penal-ac\/\">Concurso Pol\u00edcia Penal AC<\/a><\/h3>\n\n\n\n<p>Uma a\u00e7\u00e3o do Minist\u00e9rio P\u00fablico do Acre exige a\u00a0<strong>realiza\u00e7\u00e3o de um novo\u00a0<a href=\"https:\/\/www.novaconcursos.com.br\/?promo_creative=concurso&amp;promo_name=concurso&amp;promo_id=%2Fportal%2Fconcursos%2Fconcurso-policia-penal-ac&amp;promo_position=corpo-texto\" target=\"_blank\" rel=\"noreferrer noopener\">concurso<\/a>\u00a0Pol\u00edcia Penal AC, ofertando 454 vagas<\/strong>, em 2022 devido \u00e0 LC 173\/2020.<\/p>\n\n\n\n<p>A A\u00e7\u00e3o Civil P\u00fablica \u00e9 uma iniciativa do promotor de Justi\u00e7a,\u00a0<strong>e leva em considera\u00e7\u00e3o um documento apresentado pelo IAPEN AC<\/strong>\u00a0(Instituto de Administra\u00e7\u00e3o Penitenci\u00e1ria do Acre). <\/p>\n\n\n\n<p><a href=\"https:\/\/www.novaconcursos.com.br\/portal\/concursos\/concurso-policia-penal-ac\/\">\u21d2 Saiba mais sobre o concurso Pol\u00edcia Penal AC \u21d0<\/a><\/p>","protected":false},"excerpt":{"rendered":"<p>J\u00e1 foram iniciados os tr\u00e2mites para a realiza\u00e7\u00e3o do novo concurso Pol\u00edcia Penal MG! Saiba mais sobre a carreira de Pol\u00edcial Penal. Confira: Curso Gr\u00e1tis Pol\u00edcia Penal MG A sele\u00e7\u00e3o ir\u00e1 ofertar 2.420 vagas\u00a0no cargo de Policial Penal (Agente Penitenci\u00e1rio), com exig\u00eancia apenas de\u00a0n\u00edvel m\u00e9dio\u00a0de forma\u00e7\u00e3o. Adquira: Apostila completa Pol\u00edcia Penal MG Adquira: Curso online [&hellip;]<\/p>\n","protected":false},"author":54662,"featured_media":135024,"comment_status":"closed","ping_status":"closed","sticky":false,"template":"","format":"standard","meta":{"_acf_changed":false,"footnotes":"","_wp_rev_ctl_limit":""},"categories":[33508],"tags":[36688,39512,37112,38105,37356,37633,39509,39288],"class_list":["post-135003","post","type-post","status-publish","format-standard","has-post-thumbnail","hentry","category-artigos","tag-concurso-policia-penal-al","tag-concurso-policia-penal-ce","tag-concurso-policia-penal-mg","tag-concurso-policia-penal-rj","tag-concurso-policia-penal-sp","tag-concurso-policia-penal-to","tag-concursos-policias-penais","tag-edital-concurso-policia-penal-ac"],"acf":[],"_links":{"self":[{"href":"https:\/\/www.novaconcursos.com.br\/portal\/wp-json\/wp\/v2\/posts\/135003","targetHints":{"allow":["GET"]}}],"collection":[{"href":"https:\/\/www.novaconcursos.com.br\/portal\/wp-json\/wp\/v2\/posts"}],"about":[{"href":"https:\/\/www.novaconcursos.com.br\/portal\/wp-json\/wp\/v2\/types\/post"}],"author":[{"embeddable":true,"href":"https:\/\/www.novaconcursos.com.br\/portal\/wp-json\/wp\/v2\/users\/54662"}],"replies":[{"embeddable":true,"href":"https:\/\/www.novaconcursos.com.br\/portal\/wp-json\/wp\/v2\/comments?post=135003"}],"version-history":[{"count":5,"href":"https:\/\/www.novaconcursos.com.br\/portal\/wp-json\/wp\/v2\/posts\/135003\/revisions"}],"predecessor-version":[{"id":135030,"href":"https:\/\/www.novaconcursos.com.br\/portal\/wp-json\/wp\/v2\/posts\/135003\/revisions\/135030"}],"wp:featuredmedia":[{"embeddable":true,"href":"https:\/\/www.novaconcursos.com.br\/portal\/wp-json\/wp\/v2\/media\/135024"}],"wp:attachment":[{"href":"https:\/\/www.novaconcursos.com.br\/portal\/wp-json\/wp\/v2\/media?parent=135003"}],"wp:term":[{"taxonomy":"category","embeddable":true,"href":"https:\/\/www.novaconcursos.com.br\/portal\/wp-json\/wp\/v2\/categories?post=135003"},{"taxonomy":"post_tag","embeddable":true,"href":"https:\/\/www.novaconcursos.com.br\/portal\/wp-json\/wp\/v2\/tags?post=135003"}],"curies":[{"name":"wp","href":"https:\/\/api.w.org\/{rel}","templated":true}]}}