{"id":135170,"date":"2021-06-16T13:30:10","date_gmt":"2021-06-16T16:30:10","guid":{"rendered":"https:\/\/www.novaconcursos.com.br\/portal\/?p=135170"},"modified":"2021-06-16T13:50:07","modified_gmt":"2021-06-16T16:50:07","slug":"concurso-pm-ce-oficiais-projeto-basico","status":"publish","type":"post","link":"https:\/\/www.novaconcursos.com.br\/portal\/noticias\/concurso-pm-ce-oficiais-projeto-basico\/","title":{"rendered":"Concurso PM CE Oficiais: Projeto b\u00e1sico \u00e9 divulgado!"},"content":{"rendered":"<p>Foi confirmado o projeto b\u00e1sico do <a href=\"https:\/\/www.novaconcursos.com.br\/portal\/concursos\/concurso-pm-ce-oficiais\/\">concurso PM CE para Oficiais,<\/a> que cont\u00e9m as<strong> principais informa\u00e7\u00f5es do novo edital<\/strong>.<\/p>\n\n\n\n<ul class=\"wp-block-list\"><li><strong>Confira:<\/strong> <a href=\"https:\/\/www.novaconcursos.com.br\/eventos\/guia-definitivo-plano-de-estudos-passo-a-passo\/\" target=\"_blank\" rel=\"noreferrer noopener\" aria-label=\"Material gr\u00e1tis -  Guia Definitivo Plano de Estudos   (abre numa nova aba)\">Material gr\u00e1tis \u2013  Guia Definitivo Plano de Estudos  <\/a><\/li><\/ul><p><\/p>\n\n\n\n<p>O documento revela<strong> <\/strong>o <strong>quantitativo de vagas, as \u00e1reas que ser\u00e3o ofertadas, as etapas de sele\u00e7\u00e3o e a data de abertura das propostas<\/strong>. <\/p>\n\n\n\n<h2 class=\"wp-block-heading\" id=\"situao-atual-do-concurso-pm-ce-para-oficiais-\">Situa\u00e7\u00e3o atual do concurso PM CE para Oficiais <\/h2>\n\n\n\n<p>A sele\u00e7\u00e3o para soldados n\u00e3o foi a \u00fanica que contou com novidades, agora o <strong>concurso PM CE para Oficiais <\/strong>come\u00e7ou a dar andamento aos tr\u00e2mites necess\u00e1rios para a publica\u00e7\u00e3o do edital.<\/p>\n\n\n\n<p>O <strong>processo licitat\u00f3rio foi iniciado<\/strong>, o <strong>projeto b\u00e1sico foi publicado<\/strong> e as <strong>principais informa\u00e7\u00f5es j\u00e1 est\u00e3o confirmadas<\/strong>. Entre essas informa\u00e7\u00f5es: o quantitativo de vagas, as \u00e1reas que ser\u00e3o ofertadas, as etapas de sele\u00e7\u00e3o e a data de abertura das propostas.<\/p>\n\n\n\n<p>Vale ressaltar que a licita\u00e7\u00e3o j\u00e1 foi cadastrada no portal de compras do <a href=\"https:\/\/www.novaconcursos.com.br\/portal\/concursos-abertos\/ce\/\">Estado do Cear\u00e1<\/a>. Sendo assim, o processo licitat\u00f3rio foi iniciado e<strong> as bancas j\u00e1 podem enviar suas propostas.<\/strong><\/p>\n\n\n\n<p>Para enviar as propostas, as bancas interessadas devem ficar atentas ao dia de abertura que ser\u00e1 dia\u00a0<strong>28 de junho, \u00e0s 9h<\/strong>.<\/p>\n\n\n\n<p><a href=\"https:\/\/www.novaconcursos.com.br\/portal\/wp-content\/uploads\/2021\/06\/projeto-basico-concurso-pm-ce-2021.pdf\" target=\"_blank\" rel=\"noreferrer noopener\" aria-label=\"\u21d2 Confira o Projeto B\u00e1sico completo! \u21d0 (abre numa nova aba)\">\u21d2 Confira o Projeto B\u00e1sico completo! \u21d0<\/a><\/p>\n\n\n\n<h2 class=\"wp-block-heading\" id=\"so-previstas-50-vagas-para-o-concurso-pm-ce-oficiais\">S\u00e3o previstas 50 vagas para o concurso PM CE Oficiais<\/h2>\n\n\n\n<p>O projeto b\u00e1sico confirma a oferta de <strong>50 vagas para a carreira de Oficial<\/strong>, que tem como requisito o n\u00edvel superior. A oferta, no entanto, \u00e9 inferior ao que havia sido confirmado pelo governador Camilo Santana, que prometeu 200 oportunidades. <\/p>\n\n\n\n<p>O total de vagas est\u00e1 distribuido por diversas \u00e1reas. Al\u00e9m disso, a tabela de vagas do concurso traz  n\u00e3o s\u00f3 a divis\u00e3o por sexo, mas tamb\u00e9m uma novidade: <strong>a livre concorr\u00eancia<\/strong>. Os candidatos poder\u00e3o concorrer de forma ampla.<\/p>\n\n\n\n<p>Dentro das vagas por sexo, ter\u00e1 reserva de vagas para <strong>cotistas e ampla concorr\u00eancia<\/strong>. No primeiro, as vagas reservadas s\u00e3o para negros.<\/p>\n\n\n\n<figure class=\"wp-block-image size-large\"><img decoding=\"async\" width=\"638\" height=\"513\" src=\"https:\/\/www.novaconcursos.com.br\/portal\/wp-content\/uploads\/2021\/06\/concurso-PM-CE-Oficiais-1.png\" alt=\"\" class=\"wp-image-135175\" loading=\"lazy\" title=\"\" srcset=\"https:\/\/www.novaconcursos.com.br\/portal\/wp-content\/uploads\/2021\/06\/concurso-PM-CE-Oficiais-1-300x241.png 300w, https:\/\/www.novaconcursos.com.br\/portal\/wp-content\/uploads\/2021\/06\/concurso-PM-CE-Oficiais-1.png 638w\" sizes=\"auto, (max-width: 480px) 100vw, (max-width: 768px) 100vw, (max-width: 1200px) 70vw, 768px\"><figcaption><\/figcaption><\/figure><h2 class=\"wp-block-heading\" id=\"etapas-de-avaliao-do-concurso-pm-ce-oficiais\">Etapas de avalia\u00e7\u00e3o do concurso PM CE Oficiais<\/h2>\n\n\n\n<p>Conforme o documento, o concurso PM CE para Oficiais ser\u00e1 ccomposto das seguintes etapas:Exame Intelectual (conhecimentos b\u00e1sicos e espec\u00edficos);<\/p>\n\n\n\n<ul class=\"wp-block-list\"><li>Prova de T\u00edtulos;<\/li><li>Inspe\u00e7\u00e3o de Sa\u00fade;<\/li><li>Avalia\u00e7\u00e3o Psicol\u00f3gica;<\/li><li>Teste de Aptid\u00e3o F\u00edsica;<\/li><li>Investiga\u00e7\u00e3o Social.<\/li><\/ul><p><\/p>\n\n\n\n<p>A primeira etapa ser\u00e1 formada por aplica\u00e7\u00e3o de <strong>prova objetiva<\/strong>, de car\u00e1ter eliminat\u00f3rio e classificat\u00f3rio, composta de 100 quest\u00f5es, sendo 40 de conhecimentos b\u00e1sicos e 60 de espec\u00edficos.<\/p>\n\n\n\n<p>O teste de aptid\u00e3o f\u00edsica ser\u00e1 realizado em dois dias, da seguinte maneira:<\/p>\n\n\n\n<ul class=\"wp-block-list\"><li>Teste de flex\u00e3o abdominal;<\/li><li>Corrida de 12 minutos;<\/li><li>Teste de flex\u00e3o din\u00e2mica\/est\u00e1tica de bra\u00e7o na barra fixa;<\/li><li>Corrida de 50 metros.<\/li><\/ul>","protected":false},"excerpt":{"rendered":"<p>Foi confirmado o projeto b\u00e1sico do concurso PM CE para Oficiais, que cont\u00e9m as principais informa\u00e7\u00f5es do novo edital. Confira: Material gr\u00e1tis \u2013 Guia Definitivo Plano de Estudos O documento revela o quantitativo de vagas, as \u00e1reas que ser\u00e3o ofertadas, as etapas de sele\u00e7\u00e3o e a data de abertura das propostas. Situa\u00e7\u00e3o atual do concurso [&hellip;]<\/p>\n","protected":false},"author":54662,"featured_media":129920,"comment_status":"closed","ping_status":"closed","sticky":false,"template":"","format":"standard","meta":{"_acf_changed":false,"footnotes":"","_wp_rev_ctl_limit":""},"categories":[228],"tags":[39563,39566,39564,39565,38025],"class_list":["post-135170","post","type-post","status-publish","format-standard","has-post-thumbnail","hentry","category-noticias","tag-concurso-pm-ce-oficiais","tag-novidades-concurso-pm-ce","tag-projeto-basico-concurso-pm-ce","tag-provas-concurso-pm-ce-oficiais","tag-vagas-concurso-pm-ce"],"acf":[],"_links":{"self":[{"href":"https:\/\/www.novaconcursos.com.br\/portal\/wp-json\/wp\/v2\/posts\/135170","targetHints":{"allow":["GET"]}}],"collection":[{"href":"https:\/\/www.novaconcursos.com.br\/portal\/wp-json\/wp\/v2\/posts"}],"about":[{"href":"https:\/\/www.novaconcursos.com.br\/portal\/wp-json\/wp\/v2\/types\/post"}],"author":[{"embeddable":true,"href":"https:\/\/www.novaconcursos.com.br\/portal\/wp-json\/wp\/v2\/users\/54662"}],"replies":[{"embeddable":true,"href":"https:\/\/www.novaconcursos.com.br\/portal\/wp-json\/wp\/v2\/comments?post=135170"}],"version-history":[{"count":3,"href":"https:\/\/www.novaconcursos.com.br\/portal\/wp-json\/wp\/v2\/posts\/135170\/revisions"}],"predecessor-version":[{"id":135194,"href":"https:\/\/www.novaconcursos.com.br\/portal\/wp-json\/wp\/v2\/posts\/135170\/revisions\/135194"}],"wp:featuredmedia":[{"embeddable":true,"href":"https:\/\/www.novaconcursos.com.br\/portal\/wp-json\/wp\/v2\/media\/129920"}],"wp:attachment":[{"href":"https:\/\/www.novaconcursos.com.br\/portal\/wp-json\/wp\/v2\/media?parent=135170"}],"wp:term":[{"taxonomy":"category","embeddable":true,"href":"https:\/\/www.novaconcursos.com.br\/portal\/wp-json\/wp\/v2\/categories?post=135170"},{"taxonomy":"post_tag","embeddable":true,"href":"https:\/\/www.novaconcursos.com.br\/portal\/wp-json\/wp\/v2\/tags?post=135170"}],"curies":[{"name":"wp","href":"https:\/\/api.w.org\/{rel}","templated":true}]}}