{"id":135544,"date":"2021-06-22T08:06:13","date_gmt":"2021-06-22T11:06:13","guid":{"rendered":"https:\/\/www.novaconcursos.com.br\/portal\/?p=135544"},"modified":"2021-06-22T08:06:17","modified_gmt":"2021-06-22T11:06:17","slug":"concurso-pm-mg-oficial-exigencia-superior-direito-inconstitucional","status":"publish","type":"post","link":"https:\/\/www.novaconcursos.com.br\/portal\/noticias\/concurso-pm-mg-oficial-exigencia-superior-direito-inconstitucional\/","title":{"rendered":"Concurso PM MG Oficial: Exig\u00eancia de superior em Direito \u00e9 inconstitucional!"},"content":{"rendered":"<p>Uma decis\u00e3o do Supremo Tribunal Federal afirmou que \u00e9 <strong>inconstitucional<\/strong> exigir forma\u00e7\u00e3o em <strong>Direito <\/strong>para o cargo de Oficial no pr\u00f3ximo <a href=\"https:\/\/www.novaconcursos.com.br\/portal\/concursos\/concurso-pm-mg-cfo\/\">concurso PM MG.<\/a><\/p>\n\n\n\n<ul class=\"wp-block-list\"><li><strong>Confira<\/strong>: <a rel=\"noreferrer noopener\" aria-label=\"Curso Gr\u00e1tis PM MG (abre numa nova aba)\" href=\"https:\/\/www.novaconcursos.com.br\/eventos\/curso-gratis-pm-mg\/\" target=\"_blank\">Curso Online Gr\u00e1tis concurso PM MG<\/a><\/li><\/ul><p><\/p>\n\n\n\n<p>A Assembleia Legislativa de <a href=\"https:\/\/www.novaconcursos.com.br\/portal\/concursos-abertos\/mg\/\">Minas Gerais <\/a>aprovou a emenda que requer a o curso superior em <strong>Direito <\/strong>para o cargo em quest\u00e3o, mas o STF declarou que houve uma <strong>viola\u00e7\u00e3o do princ\u00edpio da separa\u00e7\u00e3o dos poderes<\/strong>. Ou seja, a AL MG n\u00e3o poderia ter aprovado essa emenda. <\/p>\n\n\n\n<p>Nas palavras do <strong>delator <\/strong>do caso, Gilmar Mendes:<\/p>\n\n\n\n<p>\u201c<em>A emenda constitucional em quest\u00e3o, ao dispor sobre regime jur\u00eddico de servidores p\u00fablicos, <strong>violou a separa\u00e7\u00e3o de Poderes<\/strong>. A inova\u00e7\u00e3o no regime jur\u00eddico da carreira dos Oficiais da Pol\u00edcia Militar de Minas Gerais e a cria\u00e7\u00e3o do requisito para ingresso no Quadro de Oficiais da Pol\u00edcia Militar \u00e9 tema reservado \u00e0 iniciativa privativa do Chefe do Poder Executivo<\/em>.\u201d<\/p>\n\n\n\n<ul class=\"wp-block-list\"><li> <strong>Adquira<\/strong>: <a href=\"https:\/\/www.novaconcursos.com.br\/concurso\/pm-mg-policia-militar-minas-gerais\/apostila\">Apostila Completa PM MG<\/a><\/li><li><strong>Adquira<\/strong>:<a href=\"https:\/\/www.novaconcursos.com.br\/concurso\/pm-mg-policia-militar-minas-gerais\/curso-online\"> Curso Online Completo PM MG<\/a> <\/li><\/ul><p><\/p>\n\n\n\n<p>Essa emenda, que foi aprovada em 2010, acrescenta 2 itens ao Artigo 142 da Constitui\u00e7\u00e3o do Estado de <a href=\"https:\/\/www.novaconcursos.com.br\/portal\/concursos-previstos\/mg\/\">Minas Gerais<\/a>: um que restringe a contrata\u00e7\u00e3o de Policiais aos <strong>concursos p\u00fablicos <\/strong>e o outro, exige o curso de <strong>Direito <\/strong>para o cargo de <strong>Oficial<\/strong>.<\/p>\n\n\n\n<p>A <strong>\u00faltima sele\u00e7\u00e3o <\/strong>de Oficiais ocorreu em <strong>2019 <\/strong>e funcionou com base na Constitui\u00e7\u00e3o de Minas atual, ou seja, o curso superior em Direito foi exigido.<\/p>\n\n\n\n<p>Uma nova sele\u00e7\u00e3o para Oficiais da Pol\u00edcia Militar MG \u00e9 bastante aguardada e deve ter seu <strong>edital<\/strong> publicado em breve. A expectativa \u00e9 de que sejam ofertadas<strong> 120 vagas.<\/strong><\/p>\n\n\n\n<p>Um outro certame, que contratar\u00e1 <strong>Soldados<\/strong>, j\u00e1 est\u00e1 em andamento e as <strong>inscri\u00e7\u00f5es <\/strong>ficar\u00e3o abertas at\u00e9 dia 14 de julho.<\/p>\n\n\n\n<h2 class=\"wp-block-heading\" id=\"concurso-pm-mg-seleo-de-soldados-\">Concurso PM MG: sele\u00e7\u00e3o de Soldados <\/h2>\n\n\n\n<p>O concurso PM MG teve seu edital de abertura publicado no dia 10 de junho. Ser\u00e3o, no total, <strong>1.653 vagas <\/strong>para a carreira de <strong>Soldado<\/strong>, que exige forma\u00e7\u00e3o no Ensino Superior em qualquer \u00e1rea.<\/p>\n\n\n\n<p>O <strong>sal\u00e1rio\n<\/strong>inicial para o cargo \u00e9 de <strong>R$ 3.962,23 <\/strong>e a carga \u00e9 de 40 horas semanais,\nou 8 horas di\u00e1rias.<\/p>\n\n\n\n<p>As <strong>inscri\u00e7\u00f5es\n<\/strong>foram abertas no dia 14 de junho e assim permanecer\u00e3o at\u00e9 dia <strong>14 de\njulho de 2021.<\/strong><\/p>\n\n\n\n<p>As <strong>Provas\nObjetivas <\/strong>ser\u00e3o aplicadas no dia <strong>15 de agosto de 2021.<\/strong><\/p>","protected":false},"excerpt":{"rendered":"<p>Uma decis\u00e3o do Supremo Tribunal Federal afirmou que \u00e9 inconstitucional exigir forma\u00e7\u00e3o em Direito para o cargo de Oficial no pr\u00f3ximo concurso PM MG. Confira: Curso Online Gr\u00e1tis concurso PM MG A Assembleia Legislativa de Minas Gerais aprovou a emenda que requer a o curso superior em Direito para o cargo em quest\u00e3o, mas o [&hellip;]<\/p>\n","protected":false},"author":54673,"featured_media":134276,"comment_status":"closed","ping_status":"closed","sticky":false,"template":"","format":"standard","meta":{"_acf_changed":false,"footnotes":"","_wp_rev_ctl_limit":""},"categories":[228],"tags":[7938,22541,20403,38116,4797,18437,4813,24497],"class_list":["post-135544","post","type-post","status-publish","format-standard","has-post-thumbnail","hentry","category-noticias","tag-concurso-pm-mg","tag-concurso-pm-mg-oficial","tag-concursos-mg","tag-editais-mg","tag-edital-pm-mg","tag-pm-mg-soldado","tag-pm-mg","tag-pmmg"],"acf":[],"_links":{"self":[{"href":"https:\/\/www.novaconcursos.com.br\/portal\/wp-json\/wp\/v2\/posts\/135544","targetHints":{"allow":["GET"]}}],"collection":[{"href":"https:\/\/www.novaconcursos.com.br\/portal\/wp-json\/wp\/v2\/posts"}],"about":[{"href":"https:\/\/www.novaconcursos.com.br\/portal\/wp-json\/wp\/v2\/types\/post"}],"author":[{"embeddable":true,"href":"https:\/\/www.novaconcursos.com.br\/portal\/wp-json\/wp\/v2\/users\/54673"}],"replies":[{"embeddable":true,"href":"https:\/\/www.novaconcursos.com.br\/portal\/wp-json\/wp\/v2\/comments?post=135544"}],"version-history":[{"count":4,"href":"https:\/\/www.novaconcursos.com.br\/portal\/wp-json\/wp\/v2\/posts\/135544\/revisions"}],"predecessor-version":[{"id":135659,"href":"https:\/\/www.novaconcursos.com.br\/portal\/wp-json\/wp\/v2\/posts\/135544\/revisions\/135659"}],"wp:featuredmedia":[{"embeddable":true,"href":"https:\/\/www.novaconcursos.com.br\/portal\/wp-json\/wp\/v2\/media\/134276"}],"wp:attachment":[{"href":"https:\/\/www.novaconcursos.com.br\/portal\/wp-json\/wp\/v2\/media?parent=135544"}],"wp:term":[{"taxonomy":"category","embeddable":true,"href":"https:\/\/www.novaconcursos.com.br\/portal\/wp-json\/wp\/v2\/categories?post=135544"},{"taxonomy":"post_tag","embeddable":true,"href":"https:\/\/www.novaconcursos.com.br\/portal\/wp-json\/wp\/v2\/tags?post=135544"}],"curies":[{"name":"wp","href":"https:\/\/api.w.org\/{rel}","templated":true}]}}