{"id":135590,"date":"2021-06-21T18:41:02","date_gmt":"2021-06-21T21:41:02","guid":{"rendered":"https:\/\/www.novaconcursos.com.br\/portal\/?p=135590"},"modified":"2025-12-08T12:36:30","modified_gmt":"2025-12-08T15:36:30","slug":"concurso-inss-tecnico-tera-exigencia-de-nivel-medio","status":"publish","type":"post","link":"https:\/\/www.novaconcursos.com.br\/portal\/noticias\/concurso-inss-tecnico-tera-exigencia-de-nivel-medio\/","title":{"rendered":"Concurso INSS: N\u00edvel m\u00e9dio para o cargo de T\u00e9cnico, confirma diretor!"},"content":{"rendered":"<p>O <a href=\"https:\/\/www.novaconcursos.com.br\/portal\/concursos\/concurso-inss\/\">concurso INSS<\/a> continua tendo como <strong>requisito o n\u00edvel m\u00e9dio<\/strong> para o cargo de T\u00e9cnico do Seguro Social, <strong>afirmou<\/strong> o diretor de Gest\u00e3o de Pessoas e Administra\u00e7\u00e3o do INSS, Rog\u00e9rio Souza.<\/p>\n\n\n\n<p>A d\u00favida na mudan\u00e7a, teria sido <strong>ap\u00f3s a publica\u00e7\u00e3o<\/strong> de uma nota nas redes sociais enviada pelo INSS, ao Minist\u00e9rio da Economia, solicitando <strong>7.525 vagas <\/strong>ao todo. <\/p>\n\n\n\n<p>No documento, para as <strong>vagas de T\u00e9cnico<\/strong>, estaria o pedido para a carreira passar ao n\u00edvel superior.<\/p>\n\n\n\n<ul class=\"wp-block-list\"><li><strong>Adquira: <\/strong><a href=\"https:\/\/www.novaconcursos.com.br\/concurso\/inss-instituto-nacional-do-seguro-social\/apostila\">Apostilas concurso INSS<\/a><\/li>\n\n\n\n<li><strong>Adquira:<\/strong> <a href=\"https:\/\/www.novaconcursos.com.br\/concurso\/inss-instituto-nacional-do-seguro-social\/curso-online\">Curso Online concurso INSS<\/a><\/li>\n<\/ul><p><\/p>\n\n\n\n<p>Por\u00e9m, Rog\u00e9rio Souza garantiu que <strong>n\u00e3o haver\u00e1<\/strong> a mudan\u00e7a de escolaridade. Pois, seria necess\u00e1rio tamb\u00e9m uma <strong>elabora\u00e7\u00e3o de projeto<\/strong> para vota\u00e7\u00e3o no Congresso Nacional, que foi recha\u00e7ado pelo diretor.<\/p>\n\n\n\n<p><em>\u201cEnviamos o pedido de concurso e, agora, aguardamos uma posi\u00e7\u00e3o do Minist\u00e9rio da Economia. Entendemos que outros \u00f3rg\u00e3os da administra\u00e7\u00e3o p\u00fablica federal tamb\u00e9m encaminharam suas solicita\u00e7\u00f5es e precisam refor\u00e7ar os seus quadros. No caso do INSS, precisamos de servidores para repor a for\u00e7a de trabalho para garantirmos um atendimento mais c\u00e9lere aos segurados e, consequentemente, que eles tenham acesso aos benef\u00edcios\u201d<\/em>, afirmou Rog\u00e9rio.<\/p>\n\n\n\n<p>Isso porque o deficit de funcion\u00e1rios no INSS j\u00e1<strong> passa de 24 mil<\/strong>, segundo dados de Abril desse ano, e \u00e9 <strong>preciso substituir<\/strong> a contrata\u00e7\u00e3o de 3 mil tempor\u00e1rios, sendo militares e civis aposentados.<\/p>\n\n\n\n<p>Segundo o diretor de Gest\u00e3o de Pessoas, a \u00e1rea de maior necessidade para Analistas, \u00e9 a com forma\u00e7\u00e3o em Assist\u00eancia Social. Por\u00e9m, se o concurso <strong>for aprovado<\/strong>, provavelmente outras especialidades ser\u00e3o oferecidas.<\/p>\n\n\n\n<h2 class=\"wp-block-heading\" id=\"edital-concurso-inss\">Edital concurso INSS<\/h2>\n\n\n\n<p>Um novo <a href=\"https:\/\/www.novaconcursos.com.br\/portal\/concursos-abertos\/nacional\/\">concurso p\u00fablico<\/a> <strong>precisa ser aprovado<\/strong>, e est\u00e1 nas m\u00e3os do Minist\u00e9rio da Economia agora. As vagas ofertadas ser\u00e3o distribu\u00eddas da seguinte forma: <strong>6.004 vagas<\/strong> para T\u00e9cnico de Seguro Social e <strong>1.571 vagas<\/strong> para Analista de Seguro Social.<\/p>\n\n\n\n<p>As remunera\u00e7\u00f5es variam de acordo com a escolaridade, um T\u00e9cnico ganha o sal\u00e1rio inicial de <strong>R$ 5.447,78<\/strong> enquanto o Analista tem ganhos iniciais de <strong>R$ 8.357,07<\/strong>. Mais benef\u00edcios. <\/p>\n\n\n\n<p>Al\u00e9m disso, o <strong>regime de contrata\u00e7\u00e3o <\/strong>\u00e9 estatut\u00e1rio, que garante maior estabilidade ao servidor.<\/p>\n\n\n\n<p>Al\u00e9m disso, o INSS <strong>n\u00e3o realiza<\/strong> um <a href=\"https:\/\/www.novaconcursos.com.br\/portal\/concursos-previstos\/nacional\/\">concurso<\/a> para efetivos desde 2015, um pedido foi enviado ao Minist\u00e9rio da Economia em 2018, por\u00e9m <strong>n\u00e3o foi autorizado<\/strong>.<\/p>\n\n\n\n<h2 class=\"wp-block-heading\" id=\"provas-do-concurso\">Provas do concurso<\/h2>\n\n\n\n<p>Com a proximidade de libera\u00e7\u00e3o do concurso, \u00e9 bom que os candidatos j\u00e1 <strong>iniciem sua prepara\u00e7\u00e3o<\/strong> o quanto antes, para que possam aproveitar um tempo de estudos maior e se preparar de uma forma melhor para as provas.<\/p>\n\n\n\n<p>No \u00faltimo concurso, foram cobradas <strong>120 quest\u00f5es<\/strong> para ambos os cargos, com disciplinas diferentes sendo cobradas nas <strong>provas objetivas<\/strong>, confira:<\/p>\n\n\n\n<p><strong>T\u00e9cnico de Seguro Social<\/strong><\/p>\n\n\n\n<ul class=\"wp-block-list\"><li>\u00c9tica no Servi\u00e7o P\u00fablico;<\/li>\n\n\n\n<li>Regime Jur\u00eddico \u00danico;<\/li>\n\n\n\n<li>No\u00e7\u00f5es de Direito Constitucional, Administrativo, Inform\u00e1tica;<\/li>\n\n\n\n<li>L\u00edngua Portuguesa;<\/li>\n\n\n\n<li>Racioc\u00ednio L\u00f3gico;<\/li>\n\n\n\n<li>Conhecimentos Espec\u00edficos.<\/li>\n<\/ul><p><\/p>\n\n\n\n<p><strong>Analista de Seguro Social<\/strong><\/p>\n\n\n\n<ul class=\"wp-block-list\"><li>L\u00edngua Portuguesa;<\/li>\n\n\n\n<li>Racioc\u00ednio L\u00f3gico;<\/li>\n\n\n\n<li>No\u00e7\u00f5es de Inform\u00e1tica;<\/li>\n\n\n\n<li>Direito Constitucional, Administrativo;<\/li>\n\n\n\n<li>Legisla\u00e7\u00e3o Previdenci\u00e1ria;<\/li>\n\n\n\n<li>Legisla\u00e7\u00e3o da Assist\u00eancia Social;<\/li>\n\n\n\n<li>Sa\u00fade do Trabalhador e da Pessoa com Defici\u00eancia.<\/li>\n<\/ul><p><\/p>","protected":false},"excerpt":{"rendered":"<p>O concurso INSS continua tendo como requisito o n\u00edvel m\u00e9dio para o cargo de T\u00e9cnico do Seguro Social, afirmou o diretor de Gest\u00e3o de Pessoas e Administra\u00e7\u00e3o do INSS, Rog\u00e9rio Souza. A d\u00favida na mudan\u00e7a, teria sido ap\u00f3s a publica\u00e7\u00e3o de uma nota nas redes sociais enviada pelo INSS, ao Minist\u00e9rio da Economia, solicitando 7.525 [&hellip;]<\/p>\n","protected":false},"author":16,"featured_media":125279,"comment_status":"closed","ping_status":"closed","sticky":false,"template":"","format":"standard","meta":{"_acf_changed":false,"footnotes":"","_wp_rev_ctl_limit":""},"categories":[228],"tags":[38786,1792,2506,2578,39669,15109,35815,115,38787,39616,39670,24171],"class_list":["post-135590","post","type-post","status-publish","format-standard","has-post-thumbnail","hentry","category-noticias","tag-cargos-concurso-inss","tag-concurso-inss","tag-concursos-nacionais","tag-concursos-publicos","tag-deficit-concurso-inss","tag-edital-concurso-inss","tag-ministerio-da-economia","tag-nova-concursos","tag-provas-concurso-inss","tag-salarios-concurso-inss","tag-tecnico-nivel-medio-concurso-inss","tag-vagas-concurso-inss"],"acf":[],"_links":{"self":[{"href":"https:\/\/www.novaconcursos.com.br\/portal\/wp-json\/wp\/v2\/posts\/135590","targetHints":{"allow":["GET"]}}],"collection":[{"href":"https:\/\/www.novaconcursos.com.br\/portal\/wp-json\/wp\/v2\/posts"}],"about":[{"href":"https:\/\/www.novaconcursos.com.br\/portal\/wp-json\/wp\/v2\/types\/post"}],"author":[{"embeddable":true,"href":"https:\/\/www.novaconcursos.com.br\/portal\/wp-json\/wp\/v2\/users\/16"}],"replies":[{"embeddable":true,"href":"https:\/\/www.novaconcursos.com.br\/portal\/wp-json\/wp\/v2\/comments?post=135590"}],"version-history":[{"count":6,"href":"https:\/\/www.novaconcursos.com.br\/portal\/wp-json\/wp\/v2\/posts\/135590\/revisions"}],"predecessor-version":[{"id":299260,"href":"https:\/\/www.novaconcursos.com.br\/portal\/wp-json\/wp\/v2\/posts\/135590\/revisions\/299260"}],"wp:featuredmedia":[{"embeddable":true,"href":"https:\/\/www.novaconcursos.com.br\/portal\/wp-json\/wp\/v2\/media\/125279"}],"wp:attachment":[{"href":"https:\/\/www.novaconcursos.com.br\/portal\/wp-json\/wp\/v2\/media?parent=135590"}],"wp:term":[{"taxonomy":"category","embeddable":true,"href":"https:\/\/www.novaconcursos.com.br\/portal\/wp-json\/wp\/v2\/categories?post=135590"},{"taxonomy":"post_tag","embeddable":true,"href":"https:\/\/www.novaconcursos.com.br\/portal\/wp-json\/wp\/v2\/tags?post=135590"}],"curies":[{"name":"wp","href":"https:\/\/api.w.org\/{rel}","templated":true}]}}