{"id":135677,"date":"2021-06-22T12:51:19","date_gmt":"2021-06-22T15:51:19","guid":{"rendered":"https:\/\/www.novaconcursos.com.br\/portal\/?p=135677"},"modified":"2021-06-22T12:51:27","modified_gmt":"2021-06-22T15:51:27","slug":"concurso-sefa-pa-provas-previstas-outubro","status":"publish","type":"post","link":"https:\/\/www.novaconcursos.com.br\/portal\/noticias\/concurso-sefa-pa-provas-previstas-outubro\/","title":{"rendered":"Concurso Sefa PA: Provas previstas para outubro, diz Seplad!"},"content":{"rendered":"<p>Aten\u00e7\u00e3o concurseiros! As <strong>provas <\/strong>do <a href=\"https:\/\/www.novaconcursos.com.br\/portal\/concursos\/concurso-sefa-pa\/\">concurso Sefa PA<\/a> (Secretaria de Fazenda do Par\u00e1) ser\u00e3o <strong>aplicadas no \u00faltimo trimestre<\/strong> de 2021, em Outubro. H\u00e1\u00a0<strong>5 bancas <\/strong>na disputa pela organiza\u00e7\u00e3o do pr\u00f3ximo edital que poder\u00e1 contar com\u00a0<strong>110 vagas<\/strong>\u00a0ofertadas. <\/p>\n\n\n\n<ul class=\"wp-block-list\"><li><strong>Confira:<\/strong> <a rel=\"noreferrer noopener\" aria-label=\"Guia como montar um mapa mental (Gr\u00e1tis) (abre numa nova aba)\" href=\"https:\/\/www.novaconcursos.com.br\/eventos\/guia-definitivo-como-montar-um-mapa-mental\/\" target=\"_blank\">Guia como montar um mapa mental (Gr\u00e1tis)<\/a><\/li><\/ul><p><\/p>\n\n\n\n<h2 class=\"wp-block-heading\" id=\"concurso-sefa-pa-provas-em-outubro-e-banca-sendo-escolhida\">Concurso Sefa PA: provas em outubro e banca sendo escolhida<\/h2>\n\n\n\n<p>A informa\u00e7\u00e3o sobre a <strong>aplica\u00e7\u00e3o das provas em outubro<\/strong> foi dada pela secret\u00e1ria de Planejamento e Administra\u00e7\u00e3o, Hana Ghassan. Entretanto, a data exata ainda n\u00e3o foi confirmada.<\/p>\n\n\n\n<p>O edital s\u00f3 poder\u00e1 ser lan\u00e7ado ap\u00f3s a escolha da banca organizadora do certame do <a href=\"https:\/\/www.novaconcursos.com.br\/portal\/concursos-abertos\/pa\/\">Par\u00e1<\/a>. Atualmente, <strong>cinco bancas est\u00e3o na disputa.<\/strong><\/p>\n\n\n\n<p>Na \u00faltima semana aconteceu a <strong>abertura das propostas <\/strong>e o in\u00edcio do processo licitat\u00f3rio. A disputa est\u00e1 entre o Cetap, Consulplan, Ibam, Fapespa e Fundatec.<\/p>\n\n\n\n<p>As propostas foram recebidas durante\u00a0<strong>sess\u00e3o p\u00fablica que aconteceu na \u00faltima segunda-feira (14)<\/strong>, onde foram feitos ainda v\u00e1rios questionamentos pelos representantes de cada uma das empresas. <\/p>\n\n\n\n<p><em>\u201cO avan\u00e7o na realiza\u00e7\u00e3o do concurso da Sefa reafirma o compromisso da atual gest\u00e3o para com a popula\u00e7\u00e3o, que merece mais aten\u00e7\u00e3o e uma boa presta\u00e7\u00e3o nos servi\u00e7os, al\u00e9m do Estado gerar oportunidades no funcionalismo p\u00fablico\u201d,<\/em> disse Josyn\u00e9lia Raiol, secret\u00e1ria adjunta de Moderniza\u00e7\u00e3o e Gest\u00e3o da Seplad.<\/p>\n\n\n\n<p> Vale lembrar que, recentemente, a <strong>Cetap <\/strong>foi confirmada como <strong>organizadora dos concursos<\/strong> Jucepa, PGE, Seplad e AGE; isso pode ser um ponto positivo para que a banca organize mais este concurso. <\/p>\n\n\n\n<h2 class=\"wp-block-heading\" id=\"concurso-sefa-pa-cargos-vagas-e-taxas-confirmadas\"><strong>Concurso Sefa PA: cargos, vagas e taxas confirmadas<\/strong><\/h2>\n\n\n\n<p>Enquanto o <strong>edital e a banca<\/strong> n\u00e3o s\u00e3o anunciados, outras informa\u00e7\u00f5es j\u00e1 foram divulgadas pelo <strong>projeto b\u00e1sico <\/strong>do concurso da Sefa do <a href=\"https:\/\/www.novaconcursos.com.br\/portal\/concursos-previstos\/pa\/\">Par\u00e1<\/a>.<\/p>\n\n\n\n<p>O documento, que foi usado para envio das propostas das empresas que querem organizar o certame, confirmou que ser\u00e3o<strong> 110 vagas<\/strong> e revelou os <strong>sal\u00e1rios, carga hor\u00e1ria de trabalho, etapas de sele\u00e7\u00e3o e informa\u00e7\u00f5es sobre as inscri\u00e7\u00f5es.<\/strong><\/p>\n\n\n\n<h3 class=\"wp-block-heading\"><strong>Cargos e vagas<\/strong><\/h3>\n\n\n\n<p>Ser\u00e3o ofertadas <strong>110 vagas <\/strong>para carreiras de <strong>Fiscal e Auditor<\/strong> da Secretaria da Fazenda do Par\u00e1, sendo:<\/p>\n\n\n\n<ul class=\"wp-block-list\"><li><strong>Fiscal de receitas estaduais<\/strong>\u00a0\u2013 10 vagas imediatas;<\/li><li><strong>Auditor fiscal de receitas estaduais<\/strong>\u00a0\u2013 38 vagas imediatas e 62 em cadastro de reserva.<\/li><\/ul><p><\/p>\n\n\n\n<h3 class=\"wp-block-heading\"><strong>Requisito e carga hor\u00e1ria<\/strong><\/h3>\n\n\n\n<p>Para se candidatar a uma das vagas, ser\u00e1 preciso apresentar documenta\u00e7\u00e3o de <strong>n\u00edvel superior. <\/strong>No \u00faltimo certame, ainda foram cobrados os requisitos:<\/p>\n\n\n\n<ul class=\"wp-block-list\"><li>Estar quite com as obriga\u00e7\u00f5es eleitorais e militares (para homens);<\/li><li>Estar em pleno exerc\u00edcio dos direitos pol\u00edticos;<\/li><li>Gozar de sa\u00fade f\u00edsica e mental;<\/li><li>N\u00e3o haver sido condenado criminalmente por senten\u00e7a judicial transitada em julgado ou sofrido san\u00e7\u00e3o administrativa impeditiva do exerc\u00edcio de cargo p\u00fablico;<\/li><li>Reputa\u00e7\u00e3o Ilibada.<\/li><\/ul><p><\/p>\n\n\n\n<p>Al\u00e9m disso, os contratados ter\u00e3o carga hor\u00e1ria de trabalho de <strong>30 horas<\/strong> por semana. O regime jur\u00eddico de contrata\u00e7\u00e3o \u00e9 o\u00a0<strong>Estatut\u00e1rio<\/strong>, ou seja, que assegura a estabilidade ao servidor.<\/p>\n\n\n\n<h3 class=\"wp-block-heading\"><strong>Sal\u00e1rios<\/strong><\/h3>\n\n\n\n<p>Uma das informa\u00e7\u00f5es que mais animam os concurseiros \u00e9 sobre os <strong>sal\u00e1rios <\/strong>ofertados. Segundo o <strong>projeto b\u00e1sico<\/strong>, os ganhos ser\u00e3o de:<\/p>\n\n\n\n<ul class=\"wp-block-list\"><li>Fiscal de receitas \u2013\u00a0R$ 11.910,51 \u2013 vencimento base + Gratifica\u00e7\u00e3o de Escolaridade;<\/li><li>Auditor fiscal de receitas \u2013 R$ 15.076,58 \u2013  vencimento base + Gratifica\u00e7\u00e3o de Escolaridade.<\/li><\/ul><p><\/p>\n\n\n\n<h3 class=\"wp-block-heading\"><strong>Inscritos e taxas<\/strong><\/h3>\n\n\n\n<p>Ainda sem data definida para in\u00edcio e t\u00e9rmino, as <strong>inscri\u00e7\u00f5es <\/strong>para o concurso ser\u00e3o de responsabilidade da banca organizadora que for contratada.<\/p>\n\n\n\n<p>J\u00e1 a taxa de inscri\u00e7\u00e3o, segundo a secretaria, ser\u00e1 de <strong>R$ 150,63<\/strong>, para ambos os cargos.<\/p>\n\n\n\n<p><em>\u201cN\u00e3o ser\u00e3o aceitos dep\u00f3sitos banc\u00e1rios ou qualquer forma de transfer\u00eancia em favor da empresa ou institui\u00e7\u00e3o como forma de pagamento da taxa de inscri\u00e7\u00e3o, que dever\u00e1 ser feita exclusivamente por meio do boleto de pagamento da taxa de inscri\u00e7\u00e3o\u201d<\/em>, informou a secretaria.<\/p>\n\n\n\n<p>Com base nos \u00faltimos concursos, segundo dados, a secretaria estima receber mais de <strong>9 mil inscritos<\/strong>, sendo a estimativa de:<\/p>\n\n\n\n<ul class=\"wp-block-list\"><li>Fiscal de Receitas Estaduais: 4.627\u00a0inscritos; e<\/li><li>Auditor Fiscal de Receitas Estaduais: 4.902\u00a0inscritos.<\/li><\/ul><p><\/p>\n\n\n\n<h3 class=\"wp-block-heading\"><strong>Locais de prova<\/strong><\/h3>\n\n\n\n<p>As provas objetivas do concurso ser\u00e3o aplicadas nos munic\u00edpios de <strong>Altamira, Bel\u00e9m, Marab\u00e1, Santar\u00e9m, Itaituba e Reden\u00e7\u00e3o<\/strong>. Entretanto, cabe ressaltar que os locais poder\u00e3o ser mudados posteriormente.<\/p>\n\n\n\n<h3 class=\"wp-block-heading\"><strong>Etapas de sele\u00e7\u00e3o<\/strong><\/h3>\n\n\n\n<p>Os candidatos inscritos no concurso ser\u00e3o avaliados por meio de uma <strong>\u00fanica etapa<\/strong>, sendo o Exame de Avalia\u00e7\u00e3o de Conhecimentos, com Provas Objetivas de conhecimento b\u00e1sico, gerais e espec\u00edficos.<\/p>\n\n\n\n<p>O exame acontece em <strong>car\u00e1ter eliminat\u00f3rio e classificat\u00f3rio<\/strong>, abordando todas as disciplinas constantes do conte\u00fado program\u00e1tico a ser informado posteriormente, na publica\u00e7\u00e3o do edital.<\/p>","protected":false},"excerpt":{"rendered":"<p>Aten\u00e7\u00e3o concurseiros! As provas do concurso Sefa PA (Secretaria de Fazenda do Par\u00e1) ser\u00e3o aplicadas no \u00faltimo trimestre de 2021, em Outubro. H\u00e1\u00a05 bancas na disputa pela organiza\u00e7\u00e3o do pr\u00f3ximo edital que poder\u00e1 contar com\u00a0110 vagas\u00a0ofertadas. Confira: Guia como montar um mapa mental (Gr\u00e1tis) Concurso Sefa PA: provas em outubro e banca sendo escolhida A [&hellip;]<\/p>\n","protected":false},"author":54671,"featured_media":127984,"comment_status":"closed","ping_status":"closed","sticky":false,"template":"","format":"standard","meta":{"_acf_changed":false,"footnotes":"","_wp_rev_ctl_limit":""},"categories":[228],"tags":[39520,776,37438,36666,2506,36860,198,2578,37440,36667,115,784,13408,36669,39519,37434,37437,37439,39521,36668],"class_list":["post-135677","post","type-post","status-publish","format-standard","has-post-thumbnail","hentry","category-noticias","tag-cargos-concurso-sefa-pa","tag-concurso-pa","tag-concurso-secretaria-de-fazenda-do-para","tag-concurso-sefa-pa","tag-concursos-nacionais","tag-concursos-para","tag-concursos-previstos","tag-concursos-publicos","tag-concursos-secretaria-de-fazenda","tag-edital-concurso-sefa-pa","tag-nova-concursos","tag-pa","tag-para","tag-provas-concurso-sefa-pa","tag-salario-concurso-sefa-pa","tag-secretaria-de-fazenda","tag-secretaria-de-fazenda-do-para","tag-sefa-pa","tag-ultimo-concurso-sefa-pa","tag-vagas-concurso-sefa-pa"],"acf":[],"_links":{"self":[{"href":"https:\/\/www.novaconcursos.com.br\/portal\/wp-json\/wp\/v2\/posts\/135677","targetHints":{"allow":["GET"]}}],"collection":[{"href":"https:\/\/www.novaconcursos.com.br\/portal\/wp-json\/wp\/v2\/posts"}],"about":[{"href":"https:\/\/www.novaconcursos.com.br\/portal\/wp-json\/wp\/v2\/types\/post"}],"author":[{"embeddable":true,"href":"https:\/\/www.novaconcursos.com.br\/portal\/wp-json\/wp\/v2\/users\/54671"}],"replies":[{"embeddable":true,"href":"https:\/\/www.novaconcursos.com.br\/portal\/wp-json\/wp\/v2\/comments?post=135677"}],"version-history":[{"count":5,"href":"https:\/\/www.novaconcursos.com.br\/portal\/wp-json\/wp\/v2\/posts\/135677\/revisions"}],"predecessor-version":[{"id":135728,"href":"https:\/\/www.novaconcursos.com.br\/portal\/wp-json\/wp\/v2\/posts\/135677\/revisions\/135728"}],"wp:featuredmedia":[{"embeddable":true,"href":"https:\/\/www.novaconcursos.com.br\/portal\/wp-json\/wp\/v2\/media\/127984"}],"wp:attachment":[{"href":"https:\/\/www.novaconcursos.com.br\/portal\/wp-json\/wp\/v2\/media?parent=135677"}],"wp:term":[{"taxonomy":"category","embeddable":true,"href":"https:\/\/www.novaconcursos.com.br\/portal\/wp-json\/wp\/v2\/categories?post=135677"},{"taxonomy":"post_tag","embeddable":true,"href":"https:\/\/www.novaconcursos.com.br\/portal\/wp-json\/wp\/v2\/tags?post=135677"}],"curies":[{"name":"wp","href":"https:\/\/api.w.org\/{rel}","templated":true}]}}