{"id":135810,"date":"2021-06-23T17:04:06","date_gmt":"2021-06-23T20:04:06","guid":{"rendered":"https:\/\/www.novaconcursos.com.br\/portal\/?p=135810"},"modified":"2021-06-23T17:04:10","modified_gmt":"2021-06-23T20:04:10","slug":"como-a-privatizacao-da-eletrobras-podera-afetar-servidores","status":"publish","type":"post","link":"https:\/\/www.novaconcursos.com.br\/portal\/noticias\/como-a-privatizacao-da-eletrobras-podera-afetar-servidores\/","title":{"rendered":"Como a privatiza\u00e7\u00e3o da Eletrobras poder\u00e1 afetar servidores!"},"content":{"rendered":"<p>A <strong>privatiza\u00e7\u00e3o <\/strong>da <a href=\"https:\/\/www.novaconcursos.com.br\/portal\/concursos\/concurso-eletrobras\/\">Eletrobras <\/a>foi aprovada na c\u00e2mara e isso acarretar\u00e1 em algumas <strong>mudan\u00e7as<\/strong>. Saiba como isso afetar\u00e1 os servidores!<\/p>\n\n\n\n<ul class=\"wp-block-list\"><li><strong>Confira<\/strong>: <a rel=\"noreferrer noopener\" aria-label=\"lano de Estudos Passo a Passo (abre numa nova aba)\" href=\"https:\/\/www.novaconcursos.com.br\/eventos\/guia-definitivo-plano-de-estudos-passo-a-passo\/\" target=\"_blank\">Plano de Estudos Passo a Passo<\/a> (Gr\u00e1tis)<\/li><\/ul><p><\/p>\n\n\n\n<p>A <strong>privatiza\u00e7\u00e3o <\/strong>da Centrais El\u00e9tricas <a href=\"https:\/\/www.novaconcursos.com.br\/portal\/concursos-previstos\/nacional\/\">Brasileiras <\/a>(Eletrobras) foi votada na C\u00e2mara na \u00faltima segunda-feira, 21 de junho, e foi aprovada por 258 votos a 136. Agora, a <strong>Medida Provis\u00f3ria<\/strong> segue para ser sancionada pela presid\u00eancia.<\/p>\n\n\n\n<p>A <strong>vota\u00e7\u00e3o <\/strong>aconteceu \u00e0s pressas, pois o texto, que foi analisado na semana passada, perderia a validade na ter\u00e7a, dia 22. Dessa forma, uma <strong>sess\u00e3o extraordin\u00e1ria<\/strong> foi convocada.<\/p>\n\n\n\n<p>Essa Medida Provis\u00f3ria que foi aprovada permite que a Eletrobras venda <strong>a\u00e7\u00f5es <\/strong>na bolsa de valores a fim de diminuir a <strong>influ\u00eancia da Uni\u00e3o<\/strong> na administra\u00e7\u00e3o da empresa.<\/p>\n\n\n\n<p>A <strong>Uni\u00e3o<\/strong> n\u00e3o poder\u00e1 mais comandar o conselho da empresa, mas poder\u00e1 vetar decis\u00f5es.<\/p>\n\n\n\n<p>As pr\u00f3ximas <strong>sele\u00e7\u00f5es de funcion\u00e1rios<\/strong> da Eletrobras ser\u00e3o feitas por meio de contrata\u00e7\u00f5es de funcion\u00e1rios demitidos sem justa causa nos 12 meses a partir da desestatiza\u00e7\u00e3o.<\/p>\n\n\n\n<p>Os  <strong>sal\u00e1rios<\/strong> <strong>e<\/strong> <strong>cargos <\/strong>ser\u00e3o equivalentes aos que os recontratados trabalhavam antes da demiss\u00e3o.<\/p>\n\n\n\n<p>Quanto \u00e0s <strong>usinas de Angra e de Itaipu<\/strong> Binacional, estas ainda ser\u00e3o administradas pela <strong>Uni\u00e3o<\/strong>, ainda que de forma mista, ou seja, em uma sociedade privada-estatal.<\/p>\n\n\n\n<h2 class=\"wp-block-heading\" id=\"qual-o-motivo-da-privatizao-da-eletrobras-\">Qual o motivo da Privatiza\u00e7\u00e3o da Eletrobras? <\/h2>\n\n\n\n<p>A <strong>justificativa <\/strong>dessa privatiza\u00e7\u00e3o \u00e9 a queda de <strong>investimentos <\/strong>na Eletrobras desde 2011.<\/p>\n\n\n\n<p>At\u00e9 2019, mais de <strong>6 bilh\u00f5es de reais<\/strong> deixaram de ser direcionados \u00e0 empresa <a href=\"https:\/\/www.novaconcursos.com.br\/portal\/concursos-abertos\/nacional\/\">nacional<\/a>, o que afetou bastante o funcionamento das atividades.<\/p>\n\n\n\n<p>Nas palavras do deputado Elmar Nascimento, o <strong>delator <\/strong>da MP:<\/p>\n\n\n\n<p>\u201c<em>Como consequ\u00eancia da\nperda de capacidade de investimento podemos citar a aus\u00eancia da empresa nos\n\u00faltimos leil\u00f5es de gera\u00e7\u00e3o, o que tem contribu\u00eddo pela gradativa perda de\nparticipa\u00e7\u00e3o no mercado. Em 2011, a empresa detinha 36% da capacidade de\ngera\u00e7\u00e3o e 56% das linhas de transmiss\u00e3o do pa\u00eds. Em 2019, esses percentuais\nca\u00edram para 30% e 45% respectivamente. Ainda, de acordo com proje\u00e7\u00f5es do\nMinist\u00e9rio das Minas e Energia, caso seja mantida a tend\u00eancia atual, devem\natingir 23% e 32%, em 2029<\/em>.\u201d<\/p>\n\n\n\n<h2 class=\"wp-block-heading\" id=\"judicializao-da-mp-pode-acontecer-por-parte-da-oposio-\">Judicializa\u00e7\u00e3o da MP pode acontecer por parte da oposi\u00e7\u00e3o <\/h2>\n\n\n\n<p>Alguns deputados formaram uma <strong>oposi\u00e7\u00e3o <\/strong>para tentar atrasar a vota\u00e7\u00e3o da MP. Os partidos <strong>Psol, PT, PSB e Novo <\/strong>s\u00e3o contra a privatiza\u00e7\u00e3o da Eletrobras.<\/p>\n\n\n\n<p>De acordo com Alessandro Molon (PSB), l\u00edder da oposi\u00e7\u00e3o, os <strong>partidos <\/strong>citados entrar\u00e3o com uma a\u00e7\u00e3o no Supremo Tribunal Federal (STF) para <strong>questionar a MP.<\/strong><\/p>\n\n\n\n<p>O partido Novo ainda acrescentou que alguns t\u00f3picos presentes na MP nada tinham a ver com o <strong>tema central<\/strong>, que era a privatiza\u00e7\u00e3o.<\/p>\n\n\n\n<p>O l\u00edder Molon ainda <strong>disse <\/strong>que:<\/p>\n\n\n\n<p>\u201c<em>Vamos \u00e0 Justi\u00e7a tentar reverter esse <strong>absurdo <\/strong>que, al\u00e9m de um enorme preju\u00edzo para o Brasil e os brasileiros, \u00e9 <strong>inconstitucional<\/strong>. Uma imoralidade que vai pesar principalmente mais no bolso do consumidor brasileiro<\/em>\u201d.<\/p>","protected":false},"excerpt":{"rendered":"<p>A privatiza\u00e7\u00e3o da Eletrobras foi aprovada na c\u00e2mara e isso acarretar\u00e1 em algumas mudan\u00e7as. Saiba como isso afetar\u00e1 os servidores! Confira: Plano de Estudos Passo a Passo (Gr\u00e1tis) A privatiza\u00e7\u00e3o da Centrais El\u00e9tricas Brasileiras (Eletrobras) foi votada na C\u00e2mara na \u00faltima segunda-feira, 21 de junho, e foi aprovada por 258 votos a 136. Agora, a [&hellip;]<\/p>\n","protected":false},"author":54673,"featured_media":135905,"comment_status":"closed","ping_status":"closed","sticky":false,"template":"","format":"standard","meta":{"_acf_changed":false,"footnotes":"","_wp_rev_ctl_limit":""},"categories":[228],"tags":[2506,38120,1852,39720,36367,39721],"class_list":["post-135810","post","type-post","status-publish","format-standard","has-post-thumbnail","hentry","category-noticias","tag-concursos-nacionais","tag-editais-nacionais","tag-eletrobras","tag-privatizacao-eletrobras","tag-privatizacoes","tag-servidores-eletrobras"],"acf":[],"_links":{"self":[{"href":"https:\/\/www.novaconcursos.com.br\/portal\/wp-json\/wp\/v2\/posts\/135810","targetHints":{"allow":["GET"]}}],"collection":[{"href":"https:\/\/www.novaconcursos.com.br\/portal\/wp-json\/wp\/v2\/posts"}],"about":[{"href":"https:\/\/www.novaconcursos.com.br\/portal\/wp-json\/wp\/v2\/types\/post"}],"author":[{"embeddable":true,"href":"https:\/\/www.novaconcursos.com.br\/portal\/wp-json\/wp\/v2\/users\/54673"}],"replies":[{"embeddable":true,"href":"https:\/\/www.novaconcursos.com.br\/portal\/wp-json\/wp\/v2\/comments?post=135810"}],"version-history":[{"count":5,"href":"https:\/\/www.novaconcursos.com.br\/portal\/wp-json\/wp\/v2\/posts\/135810\/revisions"}],"predecessor-version":[{"id":135829,"href":"https:\/\/www.novaconcursos.com.br\/portal\/wp-json\/wp\/v2\/posts\/135810\/revisions\/135829"}],"wp:featuredmedia":[{"embeddable":true,"href":"https:\/\/www.novaconcursos.com.br\/portal\/wp-json\/wp\/v2\/media\/135905"}],"wp:attachment":[{"href":"https:\/\/www.novaconcursos.com.br\/portal\/wp-json\/wp\/v2\/media?parent=135810"}],"wp:term":[{"taxonomy":"category","embeddable":true,"href":"https:\/\/www.novaconcursos.com.br\/portal\/wp-json\/wp\/v2\/categories?post=135810"},{"taxonomy":"post_tag","embeddable":true,"href":"https:\/\/www.novaconcursos.com.br\/portal\/wp-json\/wp\/v2\/tags?post=135810"}],"curies":[{"name":"wp","href":"https:\/\/api.w.org\/{rel}","templated":true}]}}