{"id":135874,"date":"2021-06-24T08:19:37","date_gmt":"2021-06-24T11:19:37","guid":{"rendered":"https:\/\/www.novaconcursos.com.br\/portal\/?p=135874"},"modified":"2021-06-24T08:19:40","modified_gmt":"2021-06-24T11:19:40","slug":"concurso-epcar-confira-os-locais-de-prova","status":"publish","type":"post","link":"https:\/\/www.novaconcursos.com.br\/portal\/noticias\/concurso-epcar-confira-os-locais-de-prova\/","title":{"rendered":"Concurso Epcar: Confira os locais de prova!"},"content":{"rendered":"<p>Os <strong>locais das provas <\/strong>do <a href=\"https:\/\/www.novaconcursos.com.br\/portal\/concursos\/concurso-aeronautica-epcar\/\">concurso Epcar<\/a> (Escola Preparat\u00f3ria de Cadetes do Ar) da Aeron\u00e1utica, j\u00e1 <strong>est\u00e3o dispon\u00edveis <\/strong>e podem ser consultados no site da FAB (For\u00e7a A\u00e9rea Brasileira). As provas est\u00e3o confirmadas para o dia <strong>4 de julho<\/strong>, \u00e0s 9h. <\/p>\n\n\n\n<ul class=\"wp-block-list\"><li><strong>Confira:<\/strong> <a rel=\"noreferrer noopener\" aria-label=\"Matem\u00e1tica para Concursos de N\u00edvel M\u00e9dio - guia GR\u00c1TIS (abre numa nova aba)\" href=\"https:\/\/www.novaconcursos.com.br\/eventos\/matematica-para-concursos-nivel-medio\/\" target=\"_blank\">Matem\u00e1tica para Concursos de N\u00edvel M\u00e9dio \u2013 guia GR\u00c1TIS<\/a><\/li><\/ul><p><\/p>\n\n\n\n<p>Al\u00e9m disso, as <strong>avalia\u00e7\u00f5es ser\u00e3o aplicadas<\/strong> em diversas regi\u00f5es do Brasil, em diversas cidades. Confira a lista:<\/p>\n\n\n\n<ul class=\"wp-block-list\"><li>Barbacena\/MG;<\/li><li>Bel\u00e9m\/PA;<\/li><li>S\u00e3o Paulo\/SP;<\/li><li>Campo Grande\/MS;<\/li><li>Curitiba\/PR;<\/li><li>Porto Alegre\/RS;<\/li><li>Manaus\/AM;<\/li><li>Porto Velho\/RO;<\/li><li>Boa Vista\/RR;<\/li><li>Bras\u00edlia\/DF;<\/li><li>Recife\/PE;<\/li><li>Natal\/RN;<\/li><li>Salvador\/BA;<\/li><li>Rio de Janeiro\/RJ;<\/li><li>Belo Horizonte\/MG;<\/li><li>Pirassununga\/SP.<\/li><\/ul><p><\/p>\n\n\n\n<p>Ademais, a Aeron\u00e1utica <strong>publicou algumas orienta\u00e7\u00f5es <\/strong>para a hora de <strong>aplica\u00e7\u00e3o das provas<\/strong>, confira o que o candidato precisa para a avalia\u00e7\u00e3o:<\/p>\n\n\n\n<ul class=\"wp-block-list\"><li>Documento de identidade e canetas esferogr\u00e1ficas azuis ou pretas, de material transparente;<\/li><li>N\u00e3o usar brinco, piercing, bon\u00e9, rel\u00f3gio;<\/li><li>Proibido usar l\u00e1pis, lapiseira, borracha e r\u00e9gua;<\/li><li>Celulares desligados e guardados em locais pr\u00f3prios em todo o tempo de prova;<\/li><li>Obrigat\u00f3rio o uso de m\u00e1scaras;<\/li><li>Uso de bebedouros coletivos n\u00e3o permitido, leve uma garrafa d\u2019\u00e1gua de material transparente.<\/li><\/ul><p><\/p>\n\n\n\n<h2 class=\"wp-block-heading\" id=\"provas-concurso-epcar\">Provas concurso Epcar<\/h2>\n\n\n\n<p>A princ\u00edpio, o <a href=\"https:\/\/www.novaconcursos.com.br\/portal\/concursos-abertos\/nacional\/\">concurso p\u00fablico<\/a> ter\u00e1 <strong>6 fases<\/strong>, sendo as seguintes: Prova Objetiva e Discursiva, Inspe\u00e7\u00e3o de Sa\u00fade, Exame de Aptid\u00e3o Psicol\u00f3gica, Teste de Avalia\u00e7\u00e3o do Condicionamento F\u00edsico, Procedimento de Heteroidentifica\u00e7\u00e3o Complementar, Valida\u00e7\u00e3o Documental.<\/p>\n\n\n\n<ul class=\"wp-block-list\"><li><strong>Adquira:<\/strong> <a href=\"https:\/\/www.novaconcursos.com.br\/concurso\/epcar-aeronautica-fab\/apostila\">Apostila concurso Epcar<\/a><\/li><\/ul><p><\/p>\n\n\n\n<p>Desse modo, na <strong>prova objetiva<\/strong>, os candidatos ir\u00e3o responder quest\u00f5es referente \u00e0s disciplinas de:<\/p>\n\n\n\n<ul class=\"wp-block-list\"><li>L\u00edngua Portuguesa;<\/li><li>L\u00edngua Inglesa;<\/li><li>Matem\u00e1tica.<\/li><\/ul><p><\/p>\n\n\n\n<p>Al\u00e9m disso, a <strong>prova discursiva<\/strong> ser\u00e1 composta de uma reda\u00e7\u00e3o.<\/p>\n\n\n\n<p>Ainda mais, <strong>aluno aprovado<\/strong> no curso de forma\u00e7\u00e3o, poder\u00e1 receber uma ajuda de custo de <strong>R$ 1.044,00<\/strong> segundo dados de 2019. Al\u00e9m disso, receber\u00e1 tamb\u00e9m alimenta\u00e7\u00e3o, alojamento, fardamento, assist\u00eancia m\u00e9dica e dent\u00e1ria.<\/p>\n\n\n\n<h2 class=\"wp-block-heading\" id=\"edital-do-concurso\">Edital do concurso<\/h2>\n\n\n\n<p>Em primeiro lugar, o edital para o <a href=\"https:\/\/www.novaconcursos.com.br\/portal\/concursos-previstos\/nacional\/\">concurso<\/a> sai anualmente, e o certame busca preencher <strong>130 vagas<\/strong>, sendo 110 para homens e 20 para mulheres. Os jovens que <strong>podem se inscrever<\/strong> s\u00e3o da idade de <strong>14 a 19 anos<\/strong>, que tenham o n\u00edvel fundamental conclu\u00eddo.<\/p>\n\n\n\n<p>Al\u00e9m disso, o curso da Epcar funciona como a <strong>forma\u00e7\u00e3o do ensino m\u00e9dio<\/strong>, e a <strong>nota curricular<\/strong> do concurso \u00e9 composta por disciplinas ofertadas no ensino m\u00e9dio do Brasil. <\/p>\n\n\n\n<p>E ainda <strong>oferta as disciplinas<\/strong> de Arte, Psicologia, Desenho e Inform\u00e1tica. A escola fica em Barbacena, Minas Gerais. O ingresso \u00e9 para o <strong>ano de 2022<\/strong>.<\/p>","protected":false},"excerpt":{"rendered":"<p>Os locais das provas do concurso Epcar (Escola Preparat\u00f3ria de Cadetes do Ar) da Aeron\u00e1utica, j\u00e1 est\u00e3o dispon\u00edveis e podem ser consultados no site da FAB (For\u00e7a A\u00e9rea Brasileira). As provas est\u00e3o confirmadas para o dia 4 de julho, \u00e0s 9h. Confira: Matem\u00e1tica para Concursos de N\u00edvel M\u00e9dio \u2013 guia GR\u00c1TIS Al\u00e9m disso, as avalia\u00e7\u00f5es [&hellip;]<\/p>\n","protected":false},"author":16,"featured_media":128112,"comment_status":"closed","ping_status":"closed","sticky":false,"template":"","format":"standard","meta":{"_acf_changed":false,"footnotes":"","_wp_rev_ctl_limit":""},"categories":[228],"tags":[39752,7451,25915,2506,2578,39750,39755,115,39753,39751,39754],"class_list":["post-135874","post","type-post","status-publish","format-standard","has-post-thumbnail","hentry","category-noticias","tag-cargos-concurso-epcar","tag-concurso-aeronautica","tag-concurso-epcar","tag-concursos-nacionais","tag-concursos-publicos","tag-edital-concurso-epcar","tag-ensino-medio-concurso-epcar","tag-nova-concursos","tag-provas-concurso-epcar","tag-salario-concurso-epcar","tag-vagas-concurso-epcar"],"acf":[],"_links":{"self":[{"href":"https:\/\/www.novaconcursos.com.br\/portal\/wp-json\/wp\/v2\/posts\/135874","targetHints":{"allow":["GET"]}}],"collection":[{"href":"https:\/\/www.novaconcursos.com.br\/portal\/wp-json\/wp\/v2\/posts"}],"about":[{"href":"https:\/\/www.novaconcursos.com.br\/portal\/wp-json\/wp\/v2\/types\/post"}],"author":[{"embeddable":true,"href":"https:\/\/www.novaconcursos.com.br\/portal\/wp-json\/wp\/v2\/users\/16"}],"replies":[{"embeddable":true,"href":"https:\/\/www.novaconcursos.com.br\/portal\/wp-json\/wp\/v2\/comments?post=135874"}],"version-history":[{"count":4,"href":"https:\/\/www.novaconcursos.com.br\/portal\/wp-json\/wp\/v2\/posts\/135874\/revisions"}],"predecessor-version":[{"id":135887,"href":"https:\/\/www.novaconcursos.com.br\/portal\/wp-json\/wp\/v2\/posts\/135874\/revisions\/135887"}],"wp:featuredmedia":[{"embeddable":true,"href":"https:\/\/www.novaconcursos.com.br\/portal\/wp-json\/wp\/v2\/media\/128112"}],"wp:attachment":[{"href":"https:\/\/www.novaconcursos.com.br\/portal\/wp-json\/wp\/v2\/media?parent=135874"}],"wp:term":[{"taxonomy":"category","embeddable":true,"href":"https:\/\/www.novaconcursos.com.br\/portal\/wp-json\/wp\/v2\/categories?post=135874"},{"taxonomy":"post_tag","embeddable":true,"href":"https:\/\/www.novaconcursos.com.br\/portal\/wp-json\/wp\/v2\/tags?post=135874"}],"curies":[{"name":"wp","href":"https:\/\/api.w.org\/{rel}","templated":true}]}}