{"id":13600,"date":"2015-01-23T11:08:53","date_gmt":"2015-01-23T14:08:53","guid":{"rendered":"http:\/\/www.novaconcursos.com.br\/portal\/?p=13600"},"modified":"2021-01-28T17:06:59","modified_gmt":"2021-01-28T20:06:59","slug":"mpu-abre-inscricoes-hoje-e-retifica-edital","status":"publish","type":"post","link":"https:\/\/www.novaconcursos.com.br\/portal\/noticias\/mpu-abre-inscricoes-hoje-e-retifica-edital\/","title":{"rendered":"MPU abre inscri\u00e7\u00f5es hoje e retifica edital"},"content":{"rendered":"<p><a href=\"https:\/\/www.novaconcursos.com.br\/portal\/wp-content\/uploads\/2015\/01\/MPU-logo.jpg\"><img decoding=\"async\" class=\"alignleft size-medium wp-image-13267\" alt=\"MPU logo\" src=\"https:\/\/www.novaconcursos.com.br\/portal\/wp-content\/uploads\/2015\/01\/MPU-logo-300x172.jpg\" width=\"300\" height=\"172\" loading=\"lazy\" title=\"\" srcset=\"https:\/\/www.novaconcursos.com.br\/portal\/wp-content\/uploads\/2015\/01\/MPU-logo-300x172.jpg 300w, https:\/\/www.novaconcursos.com.br\/portal\/wp-content\/uploads\/2015\/01\/MPU-logo.jpg 472w\" sizes=\"auto, (max-width: 480px) 100vw, (max-width: 768px) 100vw, (max-width: 1200px) 70vw, 768px\"><\/a>O Minist\u00e9rio P\u00fablico da Uni\u00e3o (MPU) abriu inscri\u00e7\u00f5es hoje \u00e0s 10h para candidatos que se interessam em preencher uma das 25 vagas dispon\u00edveis para os cargos de Analista e T\u00e9cnico do MPU. Al\u00e9m disso, o edital foi retificado.<\/p>\n<p>\u00a0<\/p>\n<p>Foi corrigido e acrescentado no edital, itens referentes \u00e0 isen\u00e7\u00e3o da taxa de inscri\u00e7\u00e3o e a Prova Objetiva. O conte\u00fado program\u00e1tico para a fun\u00e7\u00e3o de T\u00e9cnico do MPU sofreu altera\u00e7\u00f5es.<\/p>\n<p>\u00a0<\/p>\n<p>Os profissionais convocados trabalhar\u00e3o nos estados do Amazonas, Amap\u00e1, Bahia, Esp\u00edrito Santo, Mato Grosso, Par\u00e1, Piau\u00ed, Paran\u00e1, Rio de Janeiro, Rond\u00f4nia, Rio Grande do Sul e S\u00e3o Paulo, al\u00e9m de no Distrito Federal.<\/p>\n<p>\u00a0<\/p>\n<p>As inscri\u00e7\u00f5es v\u00e3o at\u00e9 o dia 11 de fevereiro e podem ser feitas pelo site da Cespe\/UnB, banca organizadora. O valor da taxa \u00e9 de R$ 110,00 ou R$ 140,00.<\/p>\n<p>\u00a0<\/p>\n<p><strong>Compre os produtos da Nova<\/strong><\/p>\n<p>Compre as<b>\u00a0Apostilas<\/b>\u00a0para o seu\u00a0<b>Concurso P\u00fablico<\/b>\u00a0direto com a Editora Nova e parcele no cart\u00e3o de cr\u00e9dito em at\u00e9 6 x sem juros!<\/p>\n<p>\u00a0<\/p>\n<p>Acompanhe a\u00a0<a title=\"Site Nova Concursos\" href=\"https:\/\/www.novaconcursos.com.br\/\" target=\"_blank\" rel=\"noopener noreferrer\"><strong>Nova Concursos<\/strong><\/a>\u00a0tamb\u00e9m nas\u00a0<strong>redes sociais<\/strong>!<\/p>\n<p><a title=\"Facebook Oficial Nova Concursos\" href=\"https:\/\/www.facebook.com\/NOVAConcursosOficial\" target=\"_blank\" rel=\"noopener noreferrer\"><img decoding=\"async\" alt=\"facebook_logo_detail\" src=\"https:\/\/www.novaconcursos.com.br\/portal\/wp-content\/uploads\/2014\/12\/facebook_logo_detail1.gif\" width=\"50\" height=\"50\" loading=\"lazy\" title=\"\"><\/a>\u00a0<a title=\"G+ Nova Concursos\" href=\"https:\/\/plus.google.com\/u\/1\/115146550907593514602\" target=\"_blank\" rel=\"noopener noreferrer\"><img decoding=\"async\" alt=\"gplus\" src=\"https:\/\/www.novaconcursos.com.br\/portal\/wp-content\/uploads\/2014\/12\/gplus.png\" width=\"50\" height=\"50\" loading=\"lazy\" title=\"\"><\/a>\u00a0<a title=\"Youtube Nova Concursos\" href=\"https:\/\/www.youtube.com\/channel\/UCYEz3vPWPP-oNtkKb4DxoAg?feature=watch\" target=\"_blank\" rel=\"noopener noreferrer\"><img decoding=\"async\" alt=\"youtube-logo\" src=\"https:\/\/www.novaconcursos.com.br\/portal\/wp-content\/uploads\/2014\/12\/youtube-logo.png\" width=\"50\" height=\"50\" loading=\"lazy\" title=\"\"><\/a><\/p>\n<p>\u00a0<\/p>\n<div>\n<div style=\"width: 310px; margin-left: 5px;\">\n<p><b><\/b><b>Apostila para esse concurso<\/b><\/p>\n<\/div>\n<\/div>\n<div>\n<div style=\"width: 310px; margin-left: 5px;\">\n<div style=\"float: left;\"><a href=\"https:\/\/www.novaconcursos.com.br\/apostila-concurso\/mpu-ministerio-publico-da-uniao\" target=\"_blank\" rel=\"noopener noreferrer\"><img decoding=\"async\" style=\"background-color: blue;\" alt=\"Apostila MPU\" src=\"https:\/\/www.novaconcursos.com.br\/portal\/wp-content\/uploads\/2015\/01\/mpu-tecnico.jpg\" loading=\"lazy\" title=\"\"><\/a><\/div>\n<div>\n<div style=\"width: 170px; height: 170px; float: right; margin-right: 10px; margin-left: 10px;\"><b>Apostila concurso<br>\nMPU<\/b>\n<div>\n<div>\n<p>Por <span style=\"font-size: 18px; color: #006b3e; font-weight: bold;\">R$ 39,90<\/span>ou <span style=\"font-size: 14px; color: #00aa08; font-weight: bold;\">4x<\/span> de <span style=\"font-size: 14px; color: #00aa08; font-weight: bold;\">R$ 9,98<\/span><\/p>\n<p>sem juros no cart\u00e3o<\/p>\n<\/div>\n<p><a href=\"https:\/\/www.novaconcursos.com.br\/apostila-concurso\/mpu-ministerio-publico-da-uniao\" target=\"_blank\" rel=\"noopener noreferrer\"><img decoding=\"async\" alt=\"\" src=\"https:\/\/www.novaconcursos.com.br\/portal\/wp-content\/uploads\/2014\/12\/botao.jpg\" loading=\"lazy\" title=\"\"><\/a><\/p>\n<\/div>\n<\/div>\n<\/div>\n<\/div>\n<\/div>\n<p>\u00a0<\/p>","protected":false},"excerpt":{"rendered":"<p>O Minist\u00e9rio P\u00fablico da Uni\u00e3o (MPU) abriu inscri\u00e7\u00f5es hoje \u00e0s 10h para candidatos que se interessam em preencher uma das 25 vagas dispon\u00edveis para os cargos de Analista e T\u00e9cnico do MPU. Al\u00e9m disso, o edital foi retificado. \u00a0 Foi corrigido e acrescentado no edital, itens referentes \u00e0 isen\u00e7\u00e3o da taxa de inscri\u00e7\u00e3o e a [&hellip;]<\/p>\n","protected":false},"author":16,"featured_media":13602,"comment_status":"closed","ping_status":"closed","sticky":false,"template":"","format":"standard","meta":{"_acf_changed":false,"footnotes":"","_wp_rev_ctl_limit":""},"categories":[228],"tags":[2795,2796,2921,2922,2923,2924,2925,574,2024,217,2797,2025,741,2798,2799,2929,2326,2031,2802,2803,2931,2932,3263,229,2804,3264],"class_list":["post-13600","post","type-post","status-publish","format-standard","has-post-thumbnail","hentry","category-noticias","tag-analise-de-edital-ministerio-publico-da-uniao","tag-analise-de-edital-mpu","tag-apostila-concurso-mpu","tag-apostila-concurso-mpu-2015","tag-apostila-ministerio-publico-da-uniao","tag-apostila-mpu","tag-apostila-mpu-2015","tag-apostila-para-concurso","tag-brasilia","tag-como-estudar","tag-como-estudar-para-a-prova-do-mpu","tag-concurso-brasilia","tag-concurso-ministerio","tag-concurso-ministerio-publico-da-uniao","tag-concurso-mpu","tag-concurso-mpu-2015","tag-concurso-publico","tag-distrito-federal","tag-edital-ministerio-publico-da-uniao-2015","tag-ministerio-publico-da-uniao","tag-mpu","tag-mpu-2015","tag-mpu-abre-inscricoes-e-retifica-edital","tag-o-que-cai-na-prova","tag-o-que-cai-na-prova-do-mpu","tag-retificacao-edital-mpu"],"acf":[],"_links":{"self":[{"href":"https:\/\/www.novaconcursos.com.br\/portal\/wp-json\/wp\/v2\/posts\/13600","targetHints":{"allow":["GET"]}}],"collection":[{"href":"https:\/\/www.novaconcursos.com.br\/portal\/wp-json\/wp\/v2\/posts"}],"about":[{"href":"https:\/\/www.novaconcursos.com.br\/portal\/wp-json\/wp\/v2\/types\/post"}],"author":[{"embeddable":true,"href":"https:\/\/www.novaconcursos.com.br\/portal\/wp-json\/wp\/v2\/users\/16"}],"replies":[{"embeddable":true,"href":"https:\/\/www.novaconcursos.com.br\/portal\/wp-json\/wp\/v2\/comments?post=13600"}],"version-history":[{"count":2,"href":"https:\/\/www.novaconcursos.com.br\/portal\/wp-json\/wp\/v2\/posts\/13600\/revisions"}],"predecessor-version":[{"id":117286,"href":"https:\/\/www.novaconcursos.com.br\/portal\/wp-json\/wp\/v2\/posts\/13600\/revisions\/117286"}],"wp:featuredmedia":[{"embeddable":true,"href":"https:\/\/www.novaconcursos.com.br\/portal\/wp-json\/wp\/v2\/media\/13602"}],"wp:attachment":[{"href":"https:\/\/www.novaconcursos.com.br\/portal\/wp-json\/wp\/v2\/media?parent=13600"}],"wp:term":[{"taxonomy":"category","embeddable":true,"href":"https:\/\/www.novaconcursos.com.br\/portal\/wp-json\/wp\/v2\/categories?post=13600"},{"taxonomy":"post_tag","embeddable":true,"href":"https:\/\/www.novaconcursos.com.br\/portal\/wp-json\/wp\/v2\/tags?post=13600"}],"curies":[{"name":"wp","href":"https:\/\/api.w.org\/{rel}","templated":true}]}}