{"id":136427,"date":"2021-06-30T17:39:23","date_gmt":"2021-06-30T20:39:23","guid":{"rendered":"https:\/\/www.novaconcursos.com.br\/portal\/?p=136427"},"modified":"2025-12-08T10:26:48","modified_gmt":"2025-12-08T13:26:48","slug":"concurso-depen-candidatos-nao-compareceram","status":"publish","type":"post","link":"https:\/\/www.novaconcursos.com.br\/portal\/noticias\/concurso-depen-candidatos-nao-compareceram\/","title":{"rendered":"Concurso Depen 2021: Mais de 50% dos candidatos n\u00e3o compareceram!"},"content":{"rendered":"<p>Que isso concurseiros! <strong>Mais da metade dos candidatos<\/strong> inscritos no <a href=\"https:\/\/www.novaconcursos.com.br\/portal\/concursos\/senappen\/\">concurso Depen <\/a>(Departamento Penitenci\u00e1rio Nacional) <strong>n\u00e3o compareceu <\/strong>para realizar as provas objetivas, que foram aplicadas no \u00faltimo domingo (27).<strong> Dos 175.900 inscritos, 99.492 faltaram.<\/strong><\/p>\n\n\n\n<ul class=\"wp-block-list\"><li><strong>Confira:<\/strong> <a aria-label=\"Guia como montar um mapa mental (Gr\u00e1tis) (abre numa nova aba)\" href=\"https:\/\/www.novaconcursos.com.br\/eventos\/guia-definitivo-como-montar-um-mapa-mental\/\" target=\"_blank\" rel=\"noreferrer noopener\">Guia como montar um mapa mental (Gr\u00e1tis)<\/a><\/li>\n<\/ul><p><\/p>\n\n\n\n<h2 class=\"wp-block-heading\" id=\"concurso-depen-nmero-de-faltantes-foi-alto\">Concurso Depen: n\u00famero de faltantes foi alto<\/h2>\n\n\n\n<p>O concurso Depen recebeu <strong>175.900 inscri\u00e7\u00f5es<\/strong>, mas apenas <strong>76.408 compareceram<\/strong> para a realiza\u00e7\u00e3o das provas, ou seja, <strong>99.492 candidatos faltaram.<\/strong><\/p>\n\n\n\n<ul class=\"wp-block-list\"><li><strong>Adquira:\u00a0<\/strong><a href=\"https:\/\/www.novaconcursos.com.br\/concurso\/depen-departamento-penitenciario-nacional\/apostila\">Apostilas concurso Depen<\/a><\/li>\n\n\n\n<li><strong>Adquira:<\/strong>\u00a0<a href=\"https:\/\/www.novaconcursos.com.br\/concurso\/depen-departamento-penitenciario-nacional\/curso-online\">Curso Online concurso Depen<\/a><\/li>\n<\/ul><p><\/p>\n\n\n\n<p>S\u00e3o dois os cargos ofertados no certame. Dos <strong>174.067 candidatos<\/strong> que se inscreveram ao cargo de <strong>Agente <\/strong>de Execu\u00e7\u00e3o Penal, apenas <strong>75.789 compareceram<\/strong>, ou seja, 98.278 faltaram, n\u00famero que corresponde \u00e0 56,46%.<\/p>\n\n\n\n<p>J\u00e1 dos <strong>1.833 inscritos ao cargo de Especialista,<\/strong> apenas 619 fizeram as provas, registrando n\u00famero de 1.214 faltantes. <\/p>\n\n\n\n<p>Vale ressaltar que as provas aconteceram no <strong>\u00faltimo dia 27 de junho<\/strong>, ap\u00f3s tr\u00eas adiamentos por conta da pandemia da Covid-19.<\/p>\n\n\n\n<h2 class=\"wp-block-heading\" id=\"concurso-depen-cronograma\">Concurso Depen: cronograma<\/h2>\n\n\n\n<p>O Departamento Penitenci\u00e1rio Nacional liberou na \u00faltima segunda-feira (28), um dia ap\u00f3s a aplica\u00e7\u00e3o das provas do\u00a0<a href=\"https:\/\/www.novaconcursos.com.br\/portal\/concursos-abertos\/nacional\">concurso p\u00fablico<\/a>, o novo\u00a0<strong>cronograma de atividades<\/strong>\u00a0do certame.<\/p>\n\n\n\n<p>O\u00a0<strong>documento apresenta<\/strong>\u00a0as datas de divulga\u00e7\u00e3o do gabarito oficial preliminar, prazo para interpor recursos e a data do resultado final, confira:<\/p>\n\n\n\n<figure class=\"wp-block-image size-large\"><img decoding=\"async\" width=\"929\" height=\"293\" src=\"https:\/\/www.novaconcursos.com.br\/portal\/wp-content\/uploads\/2021\/06\/depen-1.png\" alt=\"\" class=\"wp-image-136430\" loading=\"lazy\" title=\"\" srcset=\"https:\/\/www.novaconcursos.com.br\/portal\/wp-content\/uploads\/2021\/06\/depen-1-300x95.png 300w, https:\/\/www.novaconcursos.com.br\/portal\/wp-content\/uploads\/2021\/06\/depen-1.png 929w\" sizes=\"auto, (max-width: 480px) 100vw, (max-width: 768px) 100vw, (max-width: 1200px) 70vw, 768px\"><figcaption><\/figcaption><\/figure><p><\/p>\n\n\n\n<p><em>\u201cAs datas e os per\u00edodos estabelecidos no cronograma s\u00e3o pass\u00edveis de altera\u00e7\u00e3o, conforme necessidade e conveni\u00eancia do DEPEN e do Cebraspe. Caso haja altera\u00e7\u00e3o, esta ser\u00e1 previamente comunicada por meio de edital. As demais datas ser\u00e3o informadas por meio dos editais a serem publicados no Di\u00e1rio Oficial da Uni\u00e3o e divulgados na internet, no\u00a0<a href=\"http:\/\/www.cebraspe.org.br\/concursos\/depen_20\" target=\"_blank\" rel=\"noopener\">endere\u00e7o eletr\u00f4nico<\/a>\u201c<\/em>, afirmou o documento.<\/p>\n\n\n\n<p>De acordo com o cronograma acima, os <strong>candidatos ter\u00e3o at\u00e9 amanh\u00e3<\/strong>, 1\u00b0 de julho, para apresentarem interposi\u00e7\u00e3o de recursos contra e a favor do gabarito oficial preliminar. Para isso, devem entrar no link, <a href=\"https:\/\/www.cebraspe.org.br\/concursos\/depen_20\" target=\"_blank\" rel=\"noreferrer noopener\" aria-label=\" (abre numa nova aba)\">clicando aqui.<\/a><\/p>\n\n\n\n<h2 class=\"wp-block-heading\" id=\"concurso-depen-prximas-fases\">Concurso Depen: pr\u00f3ximas fases<\/h2>\n\n\n\n<p>Os concurseiros j\u00e1 devem come\u00e7ar a se preparar para as\u00a0<strong>pr\u00f3ximas fases e etapas\u00a0<\/strong>do\u00a0<a href=\"https:\/\/www.novaconcursos.com.br\/portal\/concursos-previstos\/nacional\">concurso<\/a>, uma vez que as provas j\u00e1 foram aplicadas. As fases seguintes s\u00e3o:<\/p>\n\n\n\n<ul class=\"wp-block-list\"><li><strong>Primeira Etapa<\/strong>\n<ul class=\"wp-block-list\"><li><strong>Exame de Aptid\u00e3o F\u00edsica<\/strong>:<ul><li>a) teste de flex\u00e3o em barra fixa \u2014 teste din\u00e2mico de barra fixa, como primeira avalia\u00e7\u00e3o para candidatos do sexo masculino, e teste est\u00e1tico de barra fixa, como primeira avalia\u00e7\u00e3o para candidatas do sexo feminino;<\/li><\/ul><ul class=\"wp-block-list\"><li>b) teste de flex\u00e3o abdominal, como segunda avalia\u00e7\u00e3o;<\/li>\n\n\n\n<li>c) teste de impuls\u00e3o horizontal, como terceira avalia\u00e7\u00e3o; e<\/li>\n\n\n\n<li>d) teste de corrida de 12 minutos, como quarta e \u00faltima avalia\u00e7\u00e3o.<\/li>\n<\/ul><\/li>\n\n\n\n<li><strong>Avalia\u00e7\u00e3o de sa\u00fade<\/strong>:\n<ul class=\"wp-block-list\"><li>\u00a0Etapa em que ser\u00e1 realizada a verifica\u00e7\u00e3o de eventuais doen\u00e7as ou sintomas, laudo m\u00e9dico (o candidato deve enviar), exames laboratoriais e complementares, conforme disponibilizado no Anexo IV do edital Depen (Anexo IV)<\/li>\n<\/ul><\/li>\n\n\n\n<li><strong>Avalia\u00e7\u00e3o psicol\u00f3gica<\/strong><ul><li>Nesta etapa, ser\u00e3o avaliados os seguintes requisitos psicol\u00f3gicos:<\/li><\/ul><ul class=\"wp-block-list\"><li>a) capacidade de aten\u00e7\u00e3o;<\/li>\n\n\n\n<li>b) capacidade de mem\u00f3ria;<\/li>\n\n\n\n<li>c) tipos de racioc\u00ednio;<\/li>\n\n\n\n<li>d) caracter\u00edsticas de personalidade: controle emocional, agressividade adequada, resolu\u00e7\u00e3o de problemas, organiza\u00e7\u00e3o e responsabilidade<\/li>\n<\/ul><\/li>\n\n\n\n<li><strong>Investiga\u00e7\u00e3o social<\/strong>\n<ul class=\"wp-block-list\"><li>Os candidatos aprovados na prova discursiva ser\u00e3o convocados para o preenchimento eletr\u00f4nico da Ficha de Informa\u00e7\u00f5es Pessoais (FIP), para fins de que se proceda \u00e0 investiga\u00e7\u00e3o social<\/li>\n<\/ul><\/li>\n<\/ul><\/li>\n\n\n\n<li><strong>Segunda Etapa<\/strong>\n<ul class=\"wp-block-list\"><li><strong>Curso de Forma\u00e7\u00e3o Profissional<\/strong>\n<ul class=\"wp-block-list\"><li>O CFP, de car\u00e1ter eliminat\u00f3rio e classificat\u00f3rio, ser\u00e1 regulado por edital espec\u00edfico e pelo Regulamento do Curso de Forma\u00e7\u00e3o Profissional do Departamento Penitenci\u00e1rio Nacional para os cargos de Especialista Federal em Assist\u00eancia \u00e0 Execu\u00e7\u00e3o Penal e de Agente Federal de Execu\u00e7\u00e3o Penal.<\/li>\n\n\n\n<li>O CFP ser\u00e1 realizado em local a ser indicado no momento da convoca\u00e7\u00e3o, em edital espec\u00edfico, exigindo-se do aluno tempo integral com frequ\u00eancia obrigat\u00f3ria e dedica\u00e7\u00e3o exclusiva.<\/li>\n\n\n\n<li>As atividades do CFP ter\u00e3o a dura\u00e7\u00e3o definida no edital de convoca\u00e7\u00e3o e podem se desenvolver nos turnos diurno e noturno, inclusive aos s\u00e1bados, domingos e feriados.<\/li>\n<\/ul><\/li>\n<\/ul><\/li>\n<\/ul><p><\/p>\n\n\n\n<h2 class=\"wp-block-heading\" id=\"concurso-depen-vagas-e-salrios\"><strong>Concurso Depen: vagas e sal\u00e1rios<\/strong><\/h2>\n\n\n\n<p>O concurso Depen est\u00e1 com a oferta de <strong>309 vagas<\/strong>, sendo\u00a0294 para Agente e 15 oportunidades para Especialista de Execu\u00e7\u00e3o Penal.<\/p>\n\n\n\n<p>Para\u00a0<strong>Agente<\/strong>, o sal\u00e1rio da carreira \u00e9 de\u00a0<strong>R$ 6.030,23<\/strong>, enquanto que para\u00a0<strong>Especialista<\/strong>, a remunera\u00e7\u00e3o chega a\u00a0<strong>R$ 5.865,70<\/strong>. Os valores s\u00e3o compostos por:<\/p>\n\n\n\n<ul class=\"wp-block-list\"><li>Vencimento b\u00e1sico;<\/li>\n\n\n\n<li>Assist\u00eancia Gratifica\u00e7\u00e3o de Desempenho de Atividade Especializada do Departamento Penitenci\u00e1rio Nacional do Minist\u00e9rio da Justi\u00e7a (GDAPEN); e<\/li>\n\n\n\n<li>Aux\u00edlio-alimenta\u00e7\u00e3o de R$458.\u00a0<\/li>\n<\/ul><p><\/p>\n\n\n\n<p>Vale lembrar que a contrata\u00e7\u00e3o no Departamento Penitenci\u00e1rio Nacional \u00e9 feita pelo\u00a0<strong>Regime Estatut\u00e1rio<\/strong>, ou seja, que garante estabilidade empregat\u00edcia aos servidores.<\/p>","protected":false},"excerpt":{"rendered":"<p>Que isso concurseiros! Mais da metade dos candidatos inscritos no concurso Depen (Departamento Penitenci\u00e1rio Nacional) n\u00e3o compareceu para realizar as provas objetivas, que foram aplicadas no \u00faltimo domingo (27). Dos 175.900 inscritos, 99.492 faltaram. Concurso Depen: n\u00famero de faltantes foi alto O concurso Depen recebeu 175.900 inscri\u00e7\u00f5es, mas apenas 76.408 compareceram para a realiza\u00e7\u00e3o das [&hellip;]<\/p>\n","protected":false},"author":54671,"featured_media":128338,"comment_status":"closed","ping_status":"closed","sticky":false,"template":"","format":"standard","meta":{"_acf_changed":false,"footnotes":"","_wp_rev_ctl_limit":""},"categories":[228],"tags":[39688,6312,6315,36799,39356,579,3726,24100,2506,198,2578,3166,6318,39355,38120,8150,8151,39357,39558,39689,115,37587,39687,34732],"class_list":["post-136427","post","type-post","status-publish","format-standard","has-post-thumbnail","hentry","category-noticias","tag-cargos-concurso-depen","tag-concurso-departamento-penitenciario-nacional","tag-concurso-depen","tag-concurso-depen-provas","tag-concurso-depen-temporarios","tag-concursos","tag-concursos-abertos","tag-concursos-cebraspe","tag-concursos-nacionais","tag-concursos-previstos","tag-concursos-publicos","tag-departamento-penitenciario-nacional","tag-depen","tag-depen-temporarios","tag-editais-nacionais","tag-edital-concurso-depen","tag-edital-depen","tag-edital-depen-temporarios","tag-gabarito-concurso-depen","tag-locais-de-provas-concurso-depen","tag-nova-concursos","tag-provas-concurso-depen","tag-salarios-concurso-depen","tag-vagas-concurso-depen"],"acf":[],"_links":{"self":[{"href":"https:\/\/www.novaconcursos.com.br\/portal\/wp-json\/wp\/v2\/posts\/136427","targetHints":{"allow":["GET"]}}],"collection":[{"href":"https:\/\/www.novaconcursos.com.br\/portal\/wp-json\/wp\/v2\/posts"}],"about":[{"href":"https:\/\/www.novaconcursos.com.br\/portal\/wp-json\/wp\/v2\/types\/post"}],"author":[{"embeddable":true,"href":"https:\/\/www.novaconcursos.com.br\/portal\/wp-json\/wp\/v2\/users\/54671"}],"replies":[{"embeddable":true,"href":"https:\/\/www.novaconcursos.com.br\/portal\/wp-json\/wp\/v2\/comments?post=136427"}],"version-history":[{"count":5,"href":"https:\/\/www.novaconcursos.com.br\/portal\/wp-json\/wp\/v2\/posts\/136427\/revisions"}],"predecessor-version":[{"id":299165,"href":"https:\/\/www.novaconcursos.com.br\/portal\/wp-json\/wp\/v2\/posts\/136427\/revisions\/299165"}],"wp:featuredmedia":[{"embeddable":true,"href":"https:\/\/www.novaconcursos.com.br\/portal\/wp-json\/wp\/v2\/media\/128338"}],"wp:attachment":[{"href":"https:\/\/www.novaconcursos.com.br\/portal\/wp-json\/wp\/v2\/media?parent=136427"}],"wp:term":[{"taxonomy":"category","embeddable":true,"href":"https:\/\/www.novaconcursos.com.br\/portal\/wp-json\/wp\/v2\/categories?post=136427"},{"taxonomy":"post_tag","embeddable":true,"href":"https:\/\/www.novaconcursos.com.br\/portal\/wp-json\/wp\/v2\/tags?post=136427"}],"curies":[{"name":"wp","href":"https:\/\/api.w.org\/{rel}","templated":true}]}}