{"id":136471,"date":"2021-07-01T09:03:07","date_gmt":"2021-07-01T12:03:07","guid":{"rendered":"https:\/\/www.novaconcursos.com.br\/portal\/?p=136471"},"modified":"2024-11-19T13:48:20","modified_gmt":"2024-11-19T16:48:20","slug":"concurso-seed-rr-2021-edital-publicado","status":"publish","type":"post","link":"https:\/\/www.novaconcursos.com.br\/portal\/noticias\/concurso-seed-rr-2021-edital-publicado\/","title":{"rendered":"Concurso Seed RR 2021: Saiu o edital com 650 vagas para Professor!"},"content":{"rendered":"<p>Foi publicado o edital do <a href=\"https:\/\/www.novaconcursos.com.br\/portal\/concursos\/concurso-seed-rr\/\">concurso Seed RR <\/a>ofertando<strong> 650 vagas de Professor em diversas \u00e1reas. <\/strong><\/p>\n\n\n\n<ul class=\"wp-block-list\"><li><strong>Confira: <\/strong><a href=\"https:\/\/www.novaconcursos.com.br\/eventos\/guia-definitivo-como-montar-um-mapa-mental\/\" target=\"_blank\" rel=\"noreferrer noopener\" aria-label=\"Material gr\u00e1tis - Guia Definitivo Como montar um mapa mental  (abre numa nova aba)\">Material gr\u00e1tis \u2013 Guia Definitivo Como montar um mapa mental <\/a><\/li>\n<\/ul><p><\/p>\n\n\n\n<p> A sele\u00e7\u00e3o oferta <strong>650 vagas de n\u00edvel superior<\/strong>. A remunera\u00e7\u00e3o \u00e9 de\u00a0<strong>R$ 3.782,94<\/strong> para carga de 30 horas semanais. <strong>O regime de contrata\u00e7\u00e3o \u00e9 o estatut\u00e1rio, com estabilidade. <\/strong><\/p>\n\n\n\n<h2 class=\"wp-block-heading\" id=\"edital-seed-rr-publicado-\">Edital Seed RR \u00e9  publicado <\/h2>\n\n\n\n<p>Como previsto, o edital do <a href=\"https:\/\/www.novaconcursos.com.br\/portal\/concursos-previstos\/rr\/\">concurso<\/a> para a<strong> Secretaria de Educa\u00e7\u00e3o de Roraima \u2013 Seed RR<\/strong> foi publicado no dia 30 de junho. A sele\u00e7\u00e3o conta com a oferta de 650 vagas para o cargo de Professor em diversas \u00e1reas.<\/p>\n\n\n\n<p>Do total de vagas, <strong>566 s\u00e3o para ampla concorr\u00eancia<\/strong> e<strong> 84 para deficientes<\/strong>. H\u00e1 divis\u00e3o delas por v\u00e1rias \u00e1reas.<\/p>\n\n\n\n<p>S\u00e3o elas: Artes, Ci\u00eancias Biol\u00f3gicas, Educa\u00e7\u00e3o F\u00edsica, Filosofia, Geografia, Hist\u00f3ria, L\u00edngua Espanhola, L\u00edngua Inglesa, L\u00edngua Portuguesa, Matem\u00e1tica, Qu\u00edmica e Sociologia.<\/p>\n\n\n\n<p>As vagas s\u00e3o todas de n\u00edvel superior. J\u00e1 a remunera\u00e7\u00e3o \u00e9 de\u00a0<strong>R$ 3.782,94<\/strong> para carga de 30 horas semanais. <strong>O regime de contrata\u00e7\u00e3o \u00e9 o estatut\u00e1rio, com estabilidade. <\/strong> <\/p>\n\n\n\n<p><a href=\"https:\/\/www.novaconcursos.com.br\/portal\/wp-content\/uploads\/2021\/07\/Concurso-Seed-RR-2021-edital.pdf\" target=\"_blank\" rel=\"noreferrer noopener\" aria-label=\"\u21d2 Confira o edital completo do concurso Seed RR! \u21d0 (abre numa nova aba)\">\u21d2 Confira o edital completo do concurso Seed RR! \u21d0<\/a><\/p>\n\n\n\n<h2 class=\"wp-block-heading\" id=\"inscries-do-concurso-seed-rr-vo-at-agosto-\">Inscri\u00e7\u00f5es do concurso Seed RR v\u00e3o at\u00e9 agosto <\/h2>\n\n\n\n<p>Para quem deseja participar da sele\u00e7\u00e3o, as inscri\u00e7\u00f5es poder\u00e3o ser realizadas do dia <strong>15 de julho at\u00e9 o dia 16 de agosto<\/strong>, atrav\u00e9s do site da banca organizadora, Instituto Brasileiro de Forma\u00e7\u00e3o e Capacita\u00e7\u00e3o (IBFC).<\/p>\n\n\n\n<p> A taxa de inscri\u00e7\u00e3o foi fixada no valor de<strong> R$ 100,00 <\/strong>e poder\u00e1 ser paga at\u00e9 o dia 17 de agosto.<\/p>\n\n\n\n<p>J\u00e1 o pedido de <strong>isen\u00e7\u00e3o da taxa de inscri\u00e7\u00e3o <\/strong>pode ser realizado entre as <strong>10h do dia 15 de julho at\u00e9 as 23h de19 de julho<\/strong>, tamb\u00e9m no site da organizadora do concurso.\u00a0<\/p>\n\n\n\n<h2 class=\"wp-block-heading\" id=\"candidatos-sero-avaliados-atravs-de-duas-fases\">Candidatos ser\u00e3o avaliados atrav\u00e9s de duas fases<\/h2>\n\n\n\n<p>Os candidatos do concurso Seed RR ser\u00e3o avaliados atrav\u00e9s de duas fases:\u00a0<strong>prova objetiva com reda\u00e7\u00e3o e\u00a0avalia\u00e7\u00e3o de t\u00edtulos.<\/strong> A avalia\u00e7\u00e3o objetiva e a reda\u00e7\u00e3o\u00a0ser\u00e3o\u00a0aplicadas no dia <strong>26 de setembro<\/strong>.<\/p>\n\n\n\n<p>Na <strong>objetiva<\/strong> ser\u00e3o 60 quest\u00f5es, sendo:<\/p>\n\n\n\n<p><strong>Conhecimentos Gerais \u2013 25 quest\u00f5es<\/strong><\/p>\n\n\n\n<ul class=\"wp-block-list\"><li>L\u00edngua Portuguesa<\/li>\n\n\n\n<li>Did\u00e1tica<\/li>\n\n\n\n<li>Psicologia da Educa\u00e7\u00e3o<\/li>\n\n\n\n<li>Legisla\u00e7\u00e3o<\/li>\n\n\n\n<li>No\u00e7\u00f5es de Inform\u00e1tica<\/li>\n<\/ul><p><\/p>\n\n\n\n<p><strong>Conhecimentos Espec\u00edficos<\/strong><\/p>\n\n\n\n<ul class=\"wp-block-list\"><li>Conhecimentos sobre a disciplina que exerce<\/li>\n<\/ul><p><\/p>\n\n\n\n<p>A objetiva ter\u00e1 de zero a 100 pontos, sendo aprovado quem conseguir acertar\u00a040% das quest\u00f5es em Conhecimentos Gerais (12 pontos) e 60% em Conhecimentos Espec\u00edficos (42 pontos).<\/p>\n\n\n\n<p>J\u00e1 a<strong> reda\u00e7\u00e3o<\/strong> ter\u00e1 car\u00e1ter eliminat\u00f3rio e classificat\u00f3rio e ser\u00e1 avaliada de zero a 30\u00a0 pontos, sendo aprovado quem conseguir pelo menos 15 pontos.<\/p>","protected":false},"excerpt":{"rendered":"<p>Foi publicado o edital do concurso Seed RR ofertando 650 vagas de Professor em diversas \u00e1reas. A sele\u00e7\u00e3o oferta 650 vagas de n\u00edvel superior. A remunera\u00e7\u00e3o \u00e9 de\u00a0R$ 3.782,94 para carga de 30 horas semanais. O regime de contrata\u00e7\u00e3o \u00e9 o estatut\u00e1rio, com estabilidade. Edital Seed RR \u00e9 publicado Como previsto, o edital do concurso [&hellip;]<\/p>\n","protected":false},"author":54662,"featured_media":134075,"comment_status":"closed","ping_status":"closed","sticky":false,"template":"","format":"standard","meta":{"_acf_changed":false,"footnotes":"","_wp_rev_ctl_limit":""},"categories":[228],"tags":[27798,27801,39888,39889,39890,39192],"class_list":["post-136471","post","type-post","status-publish","format-standard","has-post-thumbnail","hentry","category-noticias","tag-concurso-seed-rr","tag-edital-concurso-seed-rr","tag-inscricoes-concurso-seed-rr","tag-provas-concurso-seed-rr","tag-remuneracao-concurso-seed-rr","tag-vagas-concurso-seed-rr"],"acf":[],"_links":{"self":[{"href":"https:\/\/www.novaconcursos.com.br\/portal\/wp-json\/wp\/v2\/posts\/136471","targetHints":{"allow":["GET"]}}],"collection":[{"href":"https:\/\/www.novaconcursos.com.br\/portal\/wp-json\/wp\/v2\/posts"}],"about":[{"href":"https:\/\/www.novaconcursos.com.br\/portal\/wp-json\/wp\/v2\/types\/post"}],"author":[{"embeddable":true,"href":"https:\/\/www.novaconcursos.com.br\/portal\/wp-json\/wp\/v2\/users\/54662"}],"replies":[{"embeddable":true,"href":"https:\/\/www.novaconcursos.com.br\/portal\/wp-json\/wp\/v2\/comments?post=136471"}],"version-history":[{"count":3,"href":"https:\/\/www.novaconcursos.com.br\/portal\/wp-json\/wp\/v2\/posts\/136471\/revisions"}],"predecessor-version":[{"id":262057,"href":"https:\/\/www.novaconcursos.com.br\/portal\/wp-json\/wp\/v2\/posts\/136471\/revisions\/262057"}],"wp:featuredmedia":[{"embeddable":true,"href":"https:\/\/www.novaconcursos.com.br\/portal\/wp-json\/wp\/v2\/media\/134075"}],"wp:attachment":[{"href":"https:\/\/www.novaconcursos.com.br\/portal\/wp-json\/wp\/v2\/media?parent=136471"}],"wp:term":[{"taxonomy":"category","embeddable":true,"href":"https:\/\/www.novaconcursos.com.br\/portal\/wp-json\/wp\/v2\/categories?post=136471"},{"taxonomy":"post_tag","embeddable":true,"href":"https:\/\/www.novaconcursos.com.br\/portal\/wp-json\/wp\/v2\/tags?post=136471"}],"curies":[{"name":"wp","href":"https:\/\/api.w.org\/{rel}","templated":true}]}}