{"id":136718,"date":"2021-07-05T17:27:42","date_gmt":"2021-07-05T20:27:42","guid":{"rendered":"https:\/\/www.novaconcursos.com.br\/portal\/?p=136718"},"modified":"2021-07-05T17:27:46","modified_gmt":"2021-07-05T20:27:46","slug":"concurso-receita-federal-autorizacao-esta-proxima","status":"publish","type":"post","link":"https:\/\/www.novaconcursos.com.br\/portal\/noticias\/concurso-receita-federal-autorizacao-esta-proxima\/","title":{"rendered":"Concurso Receita Federal: Subsecret\u00e1rio afirma que autoriza\u00e7\u00e3o est\u00e1 pr\u00f3xima!"},"content":{"rendered":"<p><strong>\u00d3tima not\u00edcia!<\/strong> Os representantes do Sindifisco Nacional estiveram reunidos com o subsecret\u00e1rio-geral da Receita Federal, o Auditor Fiscal D\u00e9cio Rui Pialarissi. Segundo o subsecret\u00e1rio, o <a href=\"https:\/\/www.novaconcursos.com.br\/portal\/concursos\/concurso-receita-federal\/\">concurso Receita Federal<\/a> est\u00e1 <strong>muito pr\u00f3ximo<\/strong> de ser autorizado.<\/p>\n\n\n\n<ul class=\"wp-block-list\"><li><strong>Confira:<\/strong> <a rel=\"noreferrer noopener\" aria-label=\"Plano de Estudos Passo a Passo - guia GR\u00c1TIS (abre numa nova aba)\" href=\"https:\/\/www.novaconcursos.com.br\/eventos\/guia-definitivo-plano-de-estudos-passo-a-passo\/\" target=\"_blank\">Plano de Estudos Passo a Passo \u2013 guia GR\u00c1TIS<\/a><\/li><\/ul><p><\/p>\n\n\n\n<p>Desse modo, com essa informa\u00e7\u00e3o, \u00e9 melhor que o candidato j\u00e1 <strong>comece sua prepara\u00e7\u00e3o<\/strong>, se ainda n\u00e3o iniciou. A reuni\u00e3o rendeu diversos assuntos, at\u00e9 de um <strong>novo concurso<\/strong> da Receita Federal em 2021. A expectativa do certame \u00e9 <strong>muito alta<\/strong>.<\/p>\n\n\n\n<ul class=\"wp-block-list\"><li><strong>Adquira:<\/strong> <a href=\"https:\/\/www.novaconcursos.com.br\/concurso\/rf-receita-federal\/apostila\">Apostila concurso Receita Federal<\/a><\/li><\/ul><p><\/p>\n\n\n\n<p><em>\u201cSegundo D\u00e9cio, foram superadas in\u00fameras dificuldades de ordem or\u00e7ament\u00e1ria e operacional, e a autoriza\u00e7\u00e3o est\u00e1 muito pr\u00f3xima, faltando apenas a concord\u00e2ncia do secret\u00e1rio especial de Desburocratiza\u00e7\u00e3o, Gest\u00e3o e Governo Digital, Caio M\u00e1rio Paes de Andrade\u201d<\/em> explicou o Sindifisco.<\/p>\n\n\n\n<h2 class=\"wp-block-heading\" id=\"edital-concurso-receita-federal-panorama-geral\">Edital concurso Receita Federal: panorama geral<\/h2>\n\n\n\n<p>Em primeiro lugar, o subsecret\u00e1rio geral afirmou que as <strong>vagas previstas<\/strong> para autoriza\u00e7\u00e3o devem ser <strong>para preencher<\/strong> \u00e0s fronteiras. Um pedido que teria sido feito pelo <strong>pr\u00f3prio<\/strong> Sindifisco.<\/p>\n\n\n\n<p><em>\u201cAs vagas ser\u00e3o destinadas \u00e0s fronteiras, atendendo a demanda do Sindifisco Nacional, em aten\u00e7\u00e3o aos Auditores que est\u00e3o h\u00e1 anos aguardando uma oportunidade de remo\u00e7\u00e3o, muitas vezes em locais sem estrutura adequada, longe de suas fam\u00edlias.\u201d<\/em> justificou o subsecret\u00e1rio.<\/p>\n\n\n\n<p>Ademais, segundo D\u00e9cio, o quantitativo ser\u00e1 apenas para <strong>atender \u00e0 demanda<\/strong> das fronteiras, a inten\u00e7\u00e3o \u00e9 de permitir que os auditores-fiscais lotados por l\u00e1 <strong>possam ser substitu\u00eddos<\/strong>, depois de muito tempo.<\/p>\n\n\n\n<p>Al\u00e9m disso, o aval para que se <strong>realize<\/strong> esse <a href=\"https:\/\/www.novaconcursos.com.br\/portal\/concursos-abertos\/nacional\/\">concurso p\u00fablico<\/a> est\u00e1 mesmo perto, visto que <strong>tiveram movimenta\u00e7\u00f5es<\/strong> recentes do Minist\u00e9rio da Economia. <\/p>\n\n\n\n<p>Tamb\u00e9m, apesar de n\u00e3o sabermos a data, o concurso chegou em um dos <strong>\u00faltimos passos<\/strong> para ser aprovado, o documento est\u00e1 na Secretaria Especial de Desburocratiza\u00e7\u00e3o, Gest\u00e3o e Governo Digital (SEDGG). Ap\u00f3s esta etapa, o <strong>\u00faltimo passo<\/strong> \u00e9 chegar ao Gabinete do Ministro.<\/p>\n\n\n\n<h2 class=\"wp-block-heading\" id=\"remunerao-do-concurso\">Remunera\u00e7\u00e3o do concurso<\/h2>\n\n\n\n<p>A princ\u00edpio, apesar do edital ainda n\u00e3o ter sa\u00eddo, \u00e9 <strong>poss\u00edvel afirmar<\/strong> que o cargo ofertado na Receita Federal al\u00e9m da remunera\u00e7\u00e3o, ter\u00e1 <strong>benef\u00edcios<\/strong>.<\/p>\n\n\n\n<p>Al\u00e9m disso, os sal\u00e1rios iniciais s\u00e3o <strong>atrativos<\/strong> e \u00e9 um fator do porqu\u00ea o concurso \u00e9 t\u00e3o <strong>concorrido<\/strong> e o interesse em tornar-se Fiscal da Receita Federal.<\/p>\n\n\n\n<p>Nesse sentido, o sal\u00e1rio inicial \u00e9 de <strong>R$ 21.487,09<\/strong> j\u00e1 incluso o aux\u00edlio alimenta\u00e7\u00e3o de <strong>R$ 458,00<\/strong>. <\/p>\n\n\n\n<h2 class=\"wp-block-heading\" id=\"requisitos-para-o-concurso\">Requisitos para o concurso<\/h2>\n\n\n\n<p>Assim como todo <a href=\"https:\/\/www.novaconcursos.com.br\/portal\/concursos-previstos\/nacional\/\">concurso<\/a>, o candidato precisa preencher <strong>alguns requisitos b\u00e1sicos<\/strong> para poder <strong>investir<\/strong> no cargo, confira quais s\u00e3o eles:<\/p>\n\n\n\n<ul class=\"wp-block-list\"><li>Ter nacionalidade brasileira ou portuguesa;<\/li><li>Ter sido aprovado no concurso, nas condi\u00e7\u00f5es do edital;<\/li><li>Gozar de plenos direitos pol\u00edticos;<\/li><li>Estar quite com as obriga\u00e7\u00f5es eleitorais e militares (se for do sexo masculino);<\/li><li>Possuir idade m\u00ednima de 18 anos;<\/li><li>Possuir aptid\u00e3o f\u00edsica e mental para o exerc\u00edcio das atribui\u00e7\u00f5es do cargo, comprovada por exame m\u00e9dico oficial;<\/li><li>Apresentar declara\u00e7\u00e3o de bens at\u00e9 a data de posse;<\/li><li>Apresentar outros documentos, se necess\u00e1rio, at\u00e9 a data da posse.<\/li><\/ul><p><\/p>","protected":false},"excerpt":{"rendered":"<p>\u00d3tima not\u00edcia! Os representantes do Sindifisco Nacional estiveram reunidos com o subsecret\u00e1rio-geral da Receita Federal, o Auditor Fiscal D\u00e9cio Rui Pialarissi. Segundo o subsecret\u00e1rio, o concurso Receita Federal est\u00e1 muito pr\u00f3ximo de ser autorizado. Confira: Plano de Estudos Passo a Passo \u2013 guia GR\u00c1TIS Desse modo, com essa informa\u00e7\u00e3o, \u00e9 melhor que o candidato j\u00e1 [&hellip;]<\/p>\n","protected":false},"author":16,"featured_media":127566,"comment_status":"closed","ping_status":"closed","sticky":false,"template":"","format":"standard","meta":{"_acf_changed":false,"footnotes":"","_wp_rev_ctl_limit":""},"categories":[228],"tags":[39373,3541,2506,2578,26638,115,39375,39374,39954,39953,27258],"class_list":["post-136718","post","type-post","status-publish","format-standard","has-post-thumbnail","hentry","category-noticias","tag-cargos-concurso-receita-federal","tag-concurso-receita-federal","tag-concursos-nacionais","tag-concursos-publicos","tag-edital-concurso-receita-federal","tag-nova-concursos","tag-requisitos-concurso-receita-federal","tag-salarios-concurso-receita-federal","tag-sindifisco-receita-federal","tag-subsecretario-da-receita-federal","tag-vagas-concurso-receita-federal"],"acf":[],"_links":{"self":[{"href":"https:\/\/www.novaconcursos.com.br\/portal\/wp-json\/wp\/v2\/posts\/136718","targetHints":{"allow":["GET"]}}],"collection":[{"href":"https:\/\/www.novaconcursos.com.br\/portal\/wp-json\/wp\/v2\/posts"}],"about":[{"href":"https:\/\/www.novaconcursos.com.br\/portal\/wp-json\/wp\/v2\/types\/post"}],"author":[{"embeddable":true,"href":"https:\/\/www.novaconcursos.com.br\/portal\/wp-json\/wp\/v2\/users\/16"}],"replies":[{"embeddable":true,"href":"https:\/\/www.novaconcursos.com.br\/portal\/wp-json\/wp\/v2\/comments?post=136718"}],"version-history":[{"count":3,"href":"https:\/\/www.novaconcursos.com.br\/portal\/wp-json\/wp\/v2\/posts\/136718\/revisions"}],"predecessor-version":[{"id":136721,"href":"https:\/\/www.novaconcursos.com.br\/portal\/wp-json\/wp\/v2\/posts\/136718\/revisions\/136721"}],"wp:featuredmedia":[{"embeddable":true,"href":"https:\/\/www.novaconcursos.com.br\/portal\/wp-json\/wp\/v2\/media\/127566"}],"wp:attachment":[{"href":"https:\/\/www.novaconcursos.com.br\/portal\/wp-json\/wp\/v2\/media?parent=136718"}],"wp:term":[{"taxonomy":"category","embeddable":true,"href":"https:\/\/www.novaconcursos.com.br\/portal\/wp-json\/wp\/v2\/categories?post=136718"},{"taxonomy":"post_tag","embeddable":true,"href":"https:\/\/www.novaconcursos.com.br\/portal\/wp-json\/wp\/v2\/tags?post=136718"}],"curies":[{"name":"wp","href":"https:\/\/api.w.org\/{rel}","templated":true}]}}