{"id":136723,"date":"2021-07-05T10:11:34","date_gmt":"2021-07-05T13:11:34","guid":{"rendered":"https:\/\/www.novaconcursos.com.br\/portal\/?p=136723"},"modified":"2021-07-05T10:12:06","modified_gmt":"2021-07-05T13:12:06","slug":"concurso-fundacao-saude-pb-edital","status":"publish","type":"post","link":"https:\/\/www.novaconcursos.com.br\/portal\/noticias\/concurso-fundacao-saude-pb-edital\/","title":{"rendered":"Concurso Funda\u00e7\u00e3o Sa\u00fade PB: Publicado edital com 4.401 vagas!"},"content":{"rendered":"<p>Edital do concurso <a href=\"https:\/\/www.novaconcursos.com.br\/portal\/concursos\/concurso-fundacao-pb-saude\/\">Funda\u00e7\u00e3o Sa\u00fade PB<\/a> \u00e9 publicado e conta com a oferta de \u00a0<strong>4.401 vagas nos n\u00edveis m\u00e9dio e superior.<\/strong><\/p>\n\n\n\n<p>Do total de vagas, <strong>326<\/strong> s\u00e3o imediatas e as outras<strong> 4.075<\/strong> para a forma\u00e7\u00e3o de um cadastro de reserva.<\/p>\n\n\n\n<ul class=\"wp-block-list\"><li><strong>Confira:<\/strong> <a rel=\"noreferrer noopener\" aria-label=\"Material gr\u00e1tis - Guia Definitivo Como fazer uma boa revis\u00e3o!  (abre numa nova aba)\" href=\"https:\/\/www.novaconcursos.com.br\/eventos\/guia-definitivo-como-fazer-uma-boa-revisao\/\" target=\"_blank\">Material gr\u00e1tis \u2013 Guia Definitivo Como fazer uma boa revis\u00e3o! <\/a> <\/li><\/ul><h2 class=\"wp-block-heading\" id=\"edital-do-concurso-fundao-sade-pb\">Edital do concurso Funda\u00e7\u00e3o Sa\u00fade PB<\/h2>\n\n\n\n<p>Foi publicado no Di\u00e1rio Oficial do <a href=\"https:\/\/www.novaconcursos.com.br\/portal\/concursos-abertos\/pb\/\">Estado da Para\u00edba<\/a> , no dia 3 deb julho, o edital do <strong>concurso Funda\u00e7\u00e3o Sa\u00fade PB<\/strong>. A sele\u00e7\u00e3o oferta <strong>4.401 vagas<\/strong>, sendo\u00a0326 imediatas e mais 4.075 para a forma\u00e7\u00e3o de um cadastro de reserva.<\/p>\n\n\n\n<p>O concurso conta com oportunidades nas \u00e1reas<strong> Administrativa<\/strong>, <strong>Assistencial e M\u00e9dica<\/strong>, nos n\u00edveis m\u00e9dio, m\u00e9dio\/t\u00e9cnico e superior, para\u00a0atua\u00e7\u00e3o nas unidades hospitalares \u00e0 medida que a Funda\u00e7\u00e3o for assumindo a gest\u00e3o dos hospitais.<\/p>\n\n\n\n<p>Para o<strong> n\u00edvel m\u00e9dio<\/strong>, h\u00e1 vagas para os cargos de Assistente Administrativo, Auxiliar Administrativo. Tamb\u00e9m h\u00e1 outras vagas para a escolaridade m\u00e9dia, por\u00e9m, os candidatos ter\u00e3o que comprovar experi\u00eancia na fun\u00e7\u00e3o.<\/p>\n\n\n\n<p><strong>S\u00e3o elas: <\/strong>estoquista; cozinheiro; costureira; copeiro; auxiliar de manuten\u00e7\u00e3o predial e maqueiro. Outras fun\u00e7\u00f5es de n\u00edvel m\u00e9dio, al\u00e9m da experi\u00eancia exigem cursos espec\u00edficos como auxiliar de farm\u00e1cia, auxiliar de cozinha e motorista administrativo.<\/p>\n\n\n\n<p>Os ganhos para as fun\u00e7\u00f5es variam de <strong>R$ 1.100<\/strong> a<strong>\u00a0R$ 1.300,<\/strong> respectivamente. A jornada de trabalho fica entre 40h e 44 horas semanais.<\/p>\n\n\n\n<p>No <strong>n\u00edvel t\u00e9cnico<\/strong>, as oportunidades s\u00e3o para Designer Gr\u00e1fico, Eletricista de Manuten\u00e7\u00e3o, Instrumentador em cirurgia cardiovascular, Instrumentador em cirurgia neurol\u00f3gica e\u00a0T\u00e9cnico de Enfermagem em diversas \u00e1reas.<\/p>\n\n\n\n<p>Al\u00e9m de T\u00e9cnico de Imobiliza\u00e7\u00e3o Ortop\u00e9dica,\u00a0de manuten\u00e7\u00e3o em equipamento m\u00e9dico hospitalar,\u00a0de manuten\u00e7\u00e3o\u00a0hidr\u00e1ulica,\u00a0de refrigera\u00e7\u00e3o,\u00a0em Inform\u00e1tica,\u00a0em radiologia e de seguran\u00e7a do trabalho.<\/p>\n\n\n\n<p>Neste caso, as remunera\u00e7\u00f5es variam de R$ 1.300 a R$ 2.400 para uma jornada tamb\u00e9m vari\u00e1vel de 24h a 40 horas semanais.<\/p>\n\n\n\n<p>E por fim, para o <strong>n\u00edvel superior<\/strong>, as carreiras contempladas s\u00e3o de Advogado, Analista de Departamento Pessoal, Analista de Recursos Humanos, Analista de rede\/sistemas\/software, Assessor de Imprensa, Assistente Social,\u00a0Biom\u00e9dico, Contador e Ec\u00f3logo.<\/p>\n\n\n\n<p>Ainda tem vagas de Engenheiro do Trabalho, Estat\u00edstico, Farmac\u00eautico, Fisioterapeuta, Fisioterapeuta Intensivista Adulto e Pedi\u00e1trico, Fonoaudiologia, Neuropsic\u00f3logo, Nutricionista, Cirurgi\u00e3o Dentista, Perfusionista, Psic\u00f3logo, Psicopedagogo e Terapeuta Ocupacional.\u00a0<\/p>\n\n\n\n<p>Tamb\u00e9m tem vagas em diversas \u00e1reas para Enfermeiros e M\u00e9dicos. Os ganhos para essas carreiras variam de<strong>\u00a0R$ 1.100<\/strong> a <strong>R$ 1,500<\/strong>.<\/p>\n\n\n\n<h2 class=\"wp-block-heading\" id=\"inscries-sero-abertas-nesta-semana-\">Inscri\u00e7\u00f5es ser\u00e3o abertas nesta semana <\/h2>\n\n\n\n<p>Os interessados em participar do <strong>concurso Funda\u00e7\u00e3o Sa\u00fade PB <\/strong>poder\u00e3o realizar as inscri\u00e7\u00f5es das <strong>10 horas do dia 7 at\u00e9 o dia 29 de julho<\/strong>, atrav\u00e9s do site da banca organizadora, <a href=\"https:\/\/www.vunesp.com.br\/\" target=\"_blank\" rel=\"noreferrer noopener\" aria-label=\"Funda\u00e7\u00e3o Vunesp (abre numa nova aba)\">Funda\u00e7\u00e3o Vunesp<\/a>.<\/p>\n\n\n\n<p>Para se inscrever, \u00e9 necess\u00e1rio pagar uma taxa de <strong>R$ 50,00 (n\u00edvel m\u00e9dio)<\/strong>, <strong>R$ 70,00 (n\u00edvel m\u00e9dio\/t\u00e9cnico)<\/strong>\u00a0ou <strong>R$ 90,00 (n\u00edvel superior)<\/strong>. O boleto banc\u00e1rio dever\u00e1 ser pago at\u00e9 o dia 30 de julho de 2021.<\/p>\n\n\n\n<p>J\u00e1 a <strong>isen\u00e7\u00e3o da taxa <\/strong>poder\u00e1 ser solicitada entre os dias <strong>7 e 8 de julho<\/strong>, por candidatos que estiverem dentro dos crit\u00e9rios estabelecidos conforme consta no edital.<\/p>\n\n\n\n<h2 class=\"wp-block-heading\" id=\"concurso-fundao-sade-pb-ter-provas-aplicadas-em-setembro\">Concurso Funda\u00e7\u00e3o Sa\u00fade PB ter\u00e1 provas aplicadas em setembro<\/h2>\n\n\n\n<p>Os candidatos do novo <a href=\"https:\/\/www.novaconcursos.com.br\/portal\/concursos-previstos\/pb\/\">concurso<\/a>\u00a0ser\u00e3o avaliados por etapas de<strong> provas objetiva e de t\u00edtulos,<\/strong> com exce\u00e7\u00e3o dos inscritos aos cargos de n\u00edvel m\u00e9dio, que ter\u00e3o uma fase \u00fanica na sele\u00e7\u00e3o.<\/p>\n\n\n\n<p>As avalia\u00e7\u00f5es objetivas est\u00e3o marcados para o dia <strong>5 de setembro<\/strong> e ser\u00e3o realizados na cidade de Jo\u00e3o Pessoa, na Para\u00edba. No turno da manh\u00e3 ser\u00e3o avaliados os concorrentes aos cargos de <strong>n\u00edveis m\u00e9dio e\u00a0t\u00e9cnico<\/strong>. \u00c0 tarde, os de <strong>n\u00edvel superior.<\/strong><\/p>\n\n\n\n<p>As avalia\u00e7\u00f5es ser\u00e3o compostas por quest\u00f5es de <strong>Conhecimentos Gerais e Espec\u00edfico<\/strong>s. \u00c9 poss\u00edvel conferir as mat\u00e9rias que ser\u00e3o cobradas para cada cargo no edital publicado.<\/p>","protected":false},"excerpt":{"rendered":"<p>Edital do concurso Funda\u00e7\u00e3o Sa\u00fade PB \u00e9 publicado e conta com a oferta de \u00a04.401 vagas nos n\u00edveis m\u00e9dio e superior. Do total de vagas, 326 s\u00e3o imediatas e as outras 4.075 para a forma\u00e7\u00e3o de um cadastro de reserva. Confira: Material gr\u00e1tis \u2013 Guia Definitivo Como fazer uma boa revis\u00e3o! Edital do concurso Funda\u00e7\u00e3o [&hellip;]<\/p>\n","protected":false},"author":54662,"featured_media":136724,"comment_status":"closed","ping_status":"closed","sticky":false,"template":"","format":"standard","meta":{"_acf_changed":false,"footnotes":"","_wp_rev_ctl_limit":""},"categories":[228],"tags":[39955,39956,39959,39958,39760],"class_list":["post-136723","post","type-post","status-publish","format-standard","has-post-thumbnail","hentry","category-noticias","tag-concurso-fundacao-saude-pb","tag-edital-concurso-fundacao-saude-pb","tag-inscricoes-concurso-funsaude-pb","tag-provas-concurso-fundacao-pb-saude","tag-vagas-concurso-fundacao-pb-saude"],"acf":[],"_links":{"self":[{"href":"https:\/\/www.novaconcursos.com.br\/portal\/wp-json\/wp\/v2\/posts\/136723","targetHints":{"allow":["GET"]}}],"collection":[{"href":"https:\/\/www.novaconcursos.com.br\/portal\/wp-json\/wp\/v2\/posts"}],"about":[{"href":"https:\/\/www.novaconcursos.com.br\/portal\/wp-json\/wp\/v2\/types\/post"}],"author":[{"embeddable":true,"href":"https:\/\/www.novaconcursos.com.br\/portal\/wp-json\/wp\/v2\/users\/54662"}],"replies":[{"embeddable":true,"href":"https:\/\/www.novaconcursos.com.br\/portal\/wp-json\/wp\/v2\/comments?post=136723"}],"version-history":[{"count":1,"href":"https:\/\/www.novaconcursos.com.br\/portal\/wp-json\/wp\/v2\/posts\/136723\/revisions"}],"predecessor-version":[{"id":136725,"href":"https:\/\/www.novaconcursos.com.br\/portal\/wp-json\/wp\/v2\/posts\/136723\/revisions\/136725"}],"wp:featuredmedia":[{"embeddable":true,"href":"https:\/\/www.novaconcursos.com.br\/portal\/wp-json\/wp\/v2\/media\/136724"}],"wp:attachment":[{"href":"https:\/\/www.novaconcursos.com.br\/portal\/wp-json\/wp\/v2\/media?parent=136723"}],"wp:term":[{"taxonomy":"category","embeddable":true,"href":"https:\/\/www.novaconcursos.com.br\/portal\/wp-json\/wp\/v2\/categories?post=136723"},{"taxonomy":"post_tag","embeddable":true,"href":"https:\/\/www.novaconcursos.com.br\/portal\/wp-json\/wp\/v2\/tags?post=136723"}],"curies":[{"name":"wp","href":"https:\/\/api.w.org\/{rel}","templated":true}]}}