{"id":136741,"date":"2021-07-05T21:55:33","date_gmt":"2021-07-06T00:55:33","guid":{"rendered":"https:\/\/www.novaconcursos.com.br\/portal\/?p=136741"},"modified":"2021-07-05T21:55:37","modified_gmt":"2021-07-06T00:55:37","slug":"o-que-faz-um-escrivao-de-policia-civil-se","status":"publish","type":"post","link":"https:\/\/www.novaconcursos.com.br\/portal\/noticias\/o-que-faz-um-escrivao-de-policia-civil-se\/","title":{"rendered":"O que faz um Escriv\u00e3o de Pol\u00edcia Civil SE?"},"content":{"rendered":"<p>O <strong>edital <\/strong>do <a href=\"https:\/\/www.novaconcursos.com.br\/portal\/concursos\/concurso-pc-se\/\">concurso Pol\u00edcia Civil SE<\/a> foi publicado e tem o <strong>Cebraspe <\/strong>como banca organizadora.<\/p>\n\n\n\n<ul class=\"wp-block-list\"><li><strong>Confira<\/strong>:<a href=\"https:\/\/www.novaconcursos.com.br\/eventos\/guia-definitivo-como-montar-um-mapa-mental\/\" target=\"_blank\" rel=\"noreferrer noopener\" aria-label=\" Como montar mapas mentais (abre numa nova aba)\"> Como montar mapas mentais<\/a> (Gr\u00e1tis)<\/li><\/ul><p><\/p>\n\n\n\n<p>Ser\u00e3o <strong>60 vagas <\/strong>de n\u00edvel superior ofertadas para os cargos de <strong>Agente e Escriv\u00e3o.<\/strong><\/p>\n\n\n\n<p>As <strong>inscri\u00e7\u00f5es <\/strong>ser\u00e3o abertas dia 09 de julho e permanecer\u00e3o at\u00e9 27 de julho. Uma taxa de <strong>R$ 150,00<\/strong> ser\u00e1 cobrada no ato de inscri\u00e7\u00e3o.<\/p>\n\n\n\n<ul class=\"wp-block-list\"><li><strong>Adquira<\/strong>: <a href=\"https:\/\/www.novaconcursos.com.br\/concurso\/pc-se-policia-civil-do-estado-do-sergipe\/apostila\">Apostila Completa Pol\u00edcia Civil SE<\/a><\/li><li><strong>Adquira<\/strong>: <a href=\"https:\/\/www.novaconcursos.com.br\/concurso\/pc-se-policia-civil-do-estado-do-sergipe\/curso-online\">Curso Online Completo Pol\u00edcia Civil SE<\/a><\/li><\/ul><p><\/p>\n\n\n\n<p>As <strong>provas<\/strong> est\u00e3o previstas para acontecer no dia<strong> 5 de setembro<\/strong> deste ano.<\/p>\n\n\n\n<h2 class=\"wp-block-heading\" id=\"quais-so-as-atribuies-de-um-escrivo-de-polcia-civil-se-\">Quais s\u00e3o as atribui\u00e7\u00f5es de um Escriv\u00e3o de Pol\u00edcia Civil SE? <\/h2>\n\n\n\n<p>O <strong>Escriv\u00e3o <\/strong>de Pol\u00edcia Civil do Estado do <a href=\"https:\/\/www.novaconcursos.com.br\/portal\/concursos-abertos\/se\/\">Sergipe <\/a>tem como<strong> principais atividades<\/strong> encarregar-se, preferencialmente, de escrever os documentos legais, autos, atas e demais termos das fun\u00e7\u00f5es de Pol\u00edcia Judici\u00e1ria e de apura\u00e7\u00e3o de infra\u00e7\u00f5es penais, al\u00e9m de praticar atos coativos e de natureza investigat\u00f3ria.<\/p>\n\n\n\n<p>Al\u00e9m dessas atribui\u00e7\u00f5es, os Escriv\u00e3es tamb\u00e9m s\u00e3o <strong>respons\u00e1veis <\/strong>por:<\/p>\n\n\n\n<ul class=\"wp-block-list\"><li>Proceder a a\u00e7\u00f5es e pesquisas investigativas, para o estabelecimento das causas, circunst\u00e2ncias e autorias das infra\u00e7\u00f5es penais e administrativas;<\/li><li>Cumprir dilig\u00eancias policiais, mandados e outras determina\u00e7\u00f5es da 2 autoridade superior competente;<\/li><li>Participar na gest\u00e3o de dados, informa\u00e7\u00f5es e conhecimentos pertinentes \u00e0 atividade investigativo e na execu\u00e7\u00e3o de pris\u00f5es;<\/li><li>Executar a busca pessoal, a identifica\u00e7\u00e3o criminal e datilosc\u00f3pica de pessoas para capta\u00e7\u00e3o dos elementos indicativos de autoria de infra\u00e7\u00f5es penais;<\/li><li>Executar as a\u00e7\u00f5es necess\u00e1rias para seguran\u00e7a das investiga\u00e7\u00f5es;<\/li><li>Coletar dados objetivos e subjetivos pertinentes aos vest\u00edgios encontrados em bens, objetos e em locais de cometimentos de infra\u00e7\u00f5es penais, descrevendo suas caracter\u00edsticas e condi\u00e7\u00f5es, para os fins de apura\u00e7\u00e3o de infra\u00e7\u00e3o penal e administrativa;<\/li><li>Elaborar e formalizar atos de escritura\u00e7\u00e3o em inqu\u00e9ritos policiais, termos circunstanciados e outros procedimentos legais;<\/li><li>Diligenciar para o cumprimento de atos interlocut\u00f3rios e expedir, mediante requerimento e despacho da Autoridade Policial, certid\u00f5es e traslados;<\/li><li>Zelar pela guarda de pap\u00e9is, documentos, procedimentos, objetos apreendidos e demais instrumentos sobre sua responsabilidade, objetivando a destina\u00e7\u00e3o legal; dirigir ve\u00edculos policiais em raz\u00e3o de desempenho de suas fun\u00e7\u00f5es, nos diversos setores da Pol\u00edcia Civil;<\/li><li>Providenciar a conserva\u00e7\u00e3o, limpeza e manuten\u00e7\u00e3o das viaturas policiais, responsabilizando pela guarda do ve\u00edculo, seus acess\u00f3rios e equipamentos; executar, quando exigida especialidade de habilita\u00e7\u00e3o profissional, atividades envolvendo opera\u00e7\u00e3o de aparelho de comunica\u00e7\u00e3o, telecomunica\u00e7\u00e3o, computa\u00e7\u00e3o, integrante do sistema de informa\u00e7\u00f5es da seguran\u00e7a p\u00fablica, zelando por sua manuten\u00e7\u00e3o e conserva\u00e7\u00e3o;<\/li><li>Realizar o recolhimento, a movimenta\u00e7\u00e3o e a escolta de preso, bem como a guarda de seus valores e pertences procedendo \u00e0 escritura\u00e7\u00e3o no livro de registro, enquanto perdurar a cust\u00f3dia legal do preso durante as dilig\u00eancias investigativas, at\u00e9 a entrega ao respectivo cart\u00f3rio; e<\/li><li>Executar outras determina\u00e7\u00f5es legais emanadas da Autoridade Policial, considerando as atribui\u00e7\u00f5es que forem definidas em lei ou ato normativo, relativas \u00e0s atividades de Pol\u00edcia Judici\u00e1ria.<\/li><\/ul><p><\/p>\n\n\n\n<h2 class=\"wp-block-heading\" id=\"qual-o-salrio-de-um-escrivo-\">Qual o sal\u00e1rio de um Escriv\u00e3o? <\/h2>\n\n\n\n<p>A <strong>remunera\u00e7\u00e3o <\/strong>para um Escriv\u00e3o de Pol\u00edcia Civil no Estado de <a href=\"https:\/\/www.novaconcursos.com.br\/portal\/concursos-previstos\/se\/\">Sergipe <\/a>fica em torno de <strong>R$ 4,5 mil <\/strong>por m\u00eas.<\/p>\n\n\n\n<p>A jornada de trabalho \u00e9 de<strong> 36 horas semanais<\/strong> e o emprego deve ser de dedica\u00e7\u00e3o exclusiva.<\/p>\n\n\n\n<h2 class=\"wp-block-heading\" id=\"o-que-necessrio-para-ser-um-escrivo-\">O que \u00e9 necess\u00e1rio para ser um Escriv\u00e3o? <\/h2>\n\n\n\n<p>O cargo de Escriv\u00e3o exige diploma de forma\u00e7\u00e3o em <strong>Ensino Superior<\/strong> em qualquer \u00e1rea, desde que seja emitido por uma institui\u00e7\u00e3o de ensino superior reconhecida pelo Minist\u00e9rio da Educa\u00e7\u00e3o (MEC). <\/p>\n\n\n\n<p>Tamb\u00e9m \u00e9 necess\u00e1rio cumprir alguns <strong>outros requisitos<\/strong>, confira:<\/p>\n\n\n\n<ul class=\"wp-block-list\"><li>Ser aprovado no concurso p\u00fablico;<\/li><li>Ter a nacionalidade brasileira ou portuguesa e, no caso de nacionalidade portuguesa, estar amparado pelo estatuto de igualdade entre brasileiros e portugueses, com reconhecimento do gozo dos direitos pol\u00edticos, nos termos do \u00a7 1\u00ba do art. 12 da Constitui\u00e7\u00e3o Federal;<\/li><li>Estar em gozo dos direitos pol\u00edticos;<\/li><li>Estar quite com as obriga\u00e7\u00f5es militares, em caso de candidato do sexo masculino;<\/li><li>Estar quite com as obriga\u00e7\u00f5es eleitorais;<\/li><li>Possuir os requisitos exigidos para o exerc\u00edcio do cargo, conforme item 2 deste edital;<\/li><li>Ter idade m\u00ednima de 18 anos completos na data da posse;<\/li><li>Ser motorista habilitado, para o caso de candidato a Agente de Pol\u00edcia Judici\u00e1ria;<\/li><li>Firmar declara\u00e7\u00e3o de n\u00e3o estar cumprindo san\u00e7\u00e3o por inidoneidade, aplicada por qualquer \u00f3rg\u00e3o p\u00fablico e(ou) entidade da esfera federal, estadual e(ou) municipal;<\/li><li>Apresentar certid\u00f5es negativas de antecedentes criminais da Justi\u00e7a Estadual, da Justi\u00e7a do Distrito Federal, para os candidatos residentes no Distrito Federal, da Justi\u00e7a Federal, da Justi\u00e7a Militar Estadual e Federal e da Justi\u00e7a Eleitoral, todas dos munic\u00edpios e(ou) da jurisdi\u00e7\u00e3o onde reside;<\/li><li>Para os ocupantes de cargo, emprego ou fun\u00e7\u00e3o p\u00fablica, federal, estadual, ou municipal, apresentar o original e a c\u00f3pia da declara\u00e7\u00e3o de desvincula\u00e7\u00e3o destes, em conformidade com os incisos II e III do \u00a7 3\u00ba do art. 142 e do \u00a7 1\u00ba do art. 42, da Constitui\u00e7\u00e3o da Rep\u00fablica Federativa do Brasil, de 1988;<\/li><li>Apresentar declara\u00e7\u00e3o de bens, nos termos dos arts. 161 e 171 da Lei Complementar Estadual n\u00ba 33, de 26 de dezembro de 1996;<\/li><li>Satisfazer as demais condi\u00e7\u00f5es e exig\u00eancias previstas em leis, regulamentos e neste edital;<\/li><li>O candidato dever\u00e1 declarar, na solicita\u00e7\u00e3o de inscri\u00e7\u00e3o, que tem ci\u00eancia e aceita que, caso aprovado, dever\u00e1 entregar os documentos comprobat\u00f3rios dos requisitos exigidos para o cargo por ocasi\u00e3o da posse.<\/li><\/ul><p><\/p>\n\n\n\n<h2 class=\"wp-block-heading\" id=\"como-sero-as-provas-do-concurso-pc-se-\">Como ser\u00e3o as provas do concurso PC SE <\/h2>\n\n\n\n<p>As <strong>provas <\/strong>do concurso PC SE est\u00e3o previstas para o dia <strong>5 de setembro<\/strong> de 2021.<\/p>\n\n\n\n<p>Os candidatos ser\u00e3o avaliados em <strong>sete etapas<\/strong>:<\/p>\n\n\n\n<ul class=\"wp-block-list\"><li><strong>Provas Objetivas<\/strong>, que t\u00eam car\u00e1ter eliminat\u00f3rio e classificat\u00f3rio;<\/li><li><strong>Prova Discursiva<\/strong>, que tem car\u00e1ter eliminat\u00f3rio e classificat\u00f3rio;<\/li><li><strong>Exames <\/strong>Biof\u00edsicos e Per\u00edcia M\u00e9dica, que t\u00eam car\u00e1ter eliminat\u00f3rio;<\/li><li><strong>Psicot\u00e9cnico<\/strong>, que tem car\u00e1ter eliminat\u00f3rio;<\/li><li><strong>Exames<\/strong> Biom\u00e9dicos e Toxicol\u00f3gicos, que t\u00eam car\u00e1ter eliminat\u00f3rio;<\/li><li><strong>Sindic\u00e2ncia de vida pregressa<\/strong>, que tem car\u00e1ter eliminat\u00f3rio; e<\/li><li><strong>Avalia\u00e7\u00e3o de T\u00edtulos<\/strong>, que \u00e9 classificat\u00f3rio.<\/li><\/ul><p><\/p>\n\n\n\n<p>A <strong>Prova Objetiva <\/strong>ser\u00e1 composta por 100 quest\u00f5es para marcar \u201ccerto\u201d ou \u201cerrado\u201d, como \u00e9 caracter\u00edstico da banca organizadora, <strong>Cebraspe<\/strong>. As quest\u00f5es ser\u00e3o divididas em Conhecimentos <strong>B\u00e1sicos <\/strong>e Conhecimentos <strong>Espec\u00edficos<\/strong>.<\/p>\n\n\n\n<p>A banca cobrar\u00e1 os seguintes <strong>conte\u00fados <\/strong>em Conhecimentos B\u00e1sicos:<\/p>\n\n\n\n<ul class=\"wp-block-list\"><li>L\u00edngua Portuguesa;<\/li><li>\u00c9tica no Servi\u00e7o P\u00fablico;<\/li><li>No\u00e7\u00f5es de Direitos Humanos;<\/li><li>No\u00e7\u00f5es de Inform\u00e1tica.<\/li><\/ul><p><\/p>\n\n\n\n<p>Na<strong> Prova Discursiva<\/strong>, o candidato dever\u00e1 escrever um texto dissertativo, de at\u00e9 30 linhas, sobre um tema de atualidades que ser\u00e1 revelado no momento do exame. Essa etapa valer\u00e1 20 pontos.<\/p>","protected":false},"excerpt":{"rendered":"<p>O edital do concurso Pol\u00edcia Civil SE foi publicado e tem o Cebraspe como banca organizadora. Confira: Como montar mapas mentais (Gr\u00e1tis) Ser\u00e3o 60 vagas de n\u00edvel superior ofertadas para os cargos de Agente e Escriv\u00e3o. As inscri\u00e7\u00f5es ser\u00e3o abertas dia 09 de julho e permanecer\u00e3o at\u00e9 27 de julho. Uma taxa de R$ 150,00 [&hellip;]<\/p>\n","protected":false},"author":54673,"featured_media":129505,"comment_status":"closed","ping_status":"closed","sticky":false,"template":"","format":"standard","meta":{"_acf_changed":false,"footnotes":"","_wp_rev_ctl_limit":""},"categories":[228],"tags":[5605,37641,39965,39924,5608,39962,39963,39964],"class_list":["post-136741","post","type-post","status-publish","format-standard","has-post-thumbnail","hentry","category-noticias","tag-concurso-pc-se","tag-concursos-sergipe","tag-editais-sergipe","tag-edital-pc-se","tag-pc-se","tag-pcse","tag-polici-civil","tag-policia-civil-do-estado-do-sergipe"],"acf":[],"_links":{"self":[{"href":"https:\/\/www.novaconcursos.com.br\/portal\/wp-json\/wp\/v2\/posts\/136741","targetHints":{"allow":["GET"]}}],"collection":[{"href":"https:\/\/www.novaconcursos.com.br\/portal\/wp-json\/wp\/v2\/posts"}],"about":[{"href":"https:\/\/www.novaconcursos.com.br\/portal\/wp-json\/wp\/v2\/types\/post"}],"author":[{"embeddable":true,"href":"https:\/\/www.novaconcursos.com.br\/portal\/wp-json\/wp\/v2\/users\/54673"}],"replies":[{"embeddable":true,"href":"https:\/\/www.novaconcursos.com.br\/portal\/wp-json\/wp\/v2\/comments?post=136741"}],"version-history":[{"count":4,"href":"https:\/\/www.novaconcursos.com.br\/portal\/wp-json\/wp\/v2\/posts\/136741\/revisions"}],"predecessor-version":[{"id":136790,"href":"https:\/\/www.novaconcursos.com.br\/portal\/wp-json\/wp\/v2\/posts\/136741\/revisions\/136790"}],"wp:featuredmedia":[{"embeddable":true,"href":"https:\/\/www.novaconcursos.com.br\/portal\/wp-json\/wp\/v2\/media\/129505"}],"wp:attachment":[{"href":"https:\/\/www.novaconcursos.com.br\/portal\/wp-json\/wp\/v2\/media?parent=136741"}],"wp:term":[{"taxonomy":"category","embeddable":true,"href":"https:\/\/www.novaconcursos.com.br\/portal\/wp-json\/wp\/v2\/categories?post=136741"},{"taxonomy":"post_tag","embeddable":true,"href":"https:\/\/www.novaconcursos.com.br\/portal\/wp-json\/wp\/v2\/tags?post=136741"}],"curies":[{"name":"wp","href":"https:\/\/api.w.org\/{rel}","templated":true}]}}