{"id":136773,"date":"2021-07-05T13:36:31","date_gmt":"2021-07-05T16:36:31","guid":{"rendered":"https:\/\/www.novaconcursos.com.br\/portal\/?p=136773"},"modified":"2024-11-13T10:29:47","modified_gmt":"2024-11-13T13:29:47","slug":"concurso-funsaude-ce-vagas-tecnico-enfermagem","status":"publish","type":"post","link":"https:\/\/www.novaconcursos.com.br\/portal\/noticias\/concurso-funsaude-ce-vagas-tecnico-enfermagem\/","title":{"rendered":"Concurso Funsa\u00fade CE: Mais de 2,5 mil vagas para T\u00e9cnico de Enfermagem!"},"content":{"rendered":"<p>Aten\u00e7\u00e3o concurseiros! O novo\u00a0<a href=\"https:\/\/www.novaconcursos.com.br\/portal\/concursos\/concurso-funsaude\/\">concurso Funsa\u00fade CE\u00a0<\/a>conta com a oferta de\u00a0<strong>6 mil vagas imediatas<\/strong>\u00a0e 20 mil para forma\u00e7\u00e3o de cadastro reserva. Destas, 2.570 s\u00e3o para T\u00e9cnico de Enfermagem, que exige\u00a0<strong>n\u00edvel m\u00e9dio\/t\u00e9cnico <\/strong>e tem sal\u00e1rios de\u00a0<strong>R$ 2.200,00.<\/strong><\/p>\n\n\n\n<ul class=\"wp-block-list\"><li><strong>Confira:<\/strong>\u00a0<a href=\"https:\/\/www.novaconcursos.com.br\/eventos\/guia-definitivo-plano-de-estudos-passo-a-passo\/\" target=\"_blank\" rel=\"noreferrer noopener\" aria-label=\" (abre numa nova aba)\">Guia Definitivo Plano de Estudos (Gr\u00e1tis)<\/a><\/li>\n<\/ul><p><\/p>\n\n\n\n<h2 class=\"wp-block-heading\" id=\"inscries-do-concurso-funsade-ce-vo-at-agosto\">Inscri\u00e7\u00f5es do concurso Funsa\u00fade CE v\u00e3o at\u00e9 agosto<\/h2>\n\n\n\n<p>As inscri\u00e7\u00f5es do <a href=\"https:\/\/www.novaconcursos.com.br\/portal\/concursos-previstos\/ce\/\">concurso <\/a>Funsa\u00fade CE ser\u00e3o <strong>abertas no pr\u00f3ximo dia 12 <\/strong>de julho e poder\u00e3o ser realizadas at\u00e9 19 de agosto.<\/p>\n\n\n\n<p>Os interessados em participar do concurso poder\u00e3o <strong>acessar o\u00a0site da banca <\/strong>organizadora, a\u00a0<a rel=\"noreferrer noopener\" href=\"https:\/\/conhecimento.fgv.br\/concursos\/funsaude21\" target=\"_blank\">Funda\u00e7\u00e3o Get\u00falio Vargas (FGV).<\/a> As taxas variam:<\/p>\n\n\n\n<ul class=\"wp-block-list\"><li><strong>M\u00e9dio:<\/strong>\u00a0R$ 70,00<\/li>\n\n\n\n<li><strong>Superior:\u00a0<\/strong>R$ 150,00<\/li>\n\n\n\n<li><strong>M\u00e9dicos<\/strong>: R$ 300,00<\/li>\n<\/ul><p><\/p>\n\n\n\n<p>Al\u00e9m disso, a<strong>\u00a0isen\u00e7\u00e3o da taxa<\/strong>\u00a0poder\u00e1 ser solicitada por servidor p\u00fablico, doador de sangue, alunos que estudam ou conclu\u00edram seus estudos em entidades de ensino p\u00fablico; deficientes; ou alunos cujas fam\u00edlias percebam renda de at\u00e9 2 (dois) sal\u00e1rios m\u00ednimos e pessoa hipossuficiente.<\/p>\n\n\n\n<p>A isen\u00e7\u00e3o poder\u00e1 acontecer entre\u00a0<strong>12 e 14 de julho,\u00a0<\/strong>tamb\u00e9m atrav\u00e9s do site da banca organizadora.<\/p>\n\n\n\n<h2 class=\"wp-block-heading\" id=\"atribuies-e-prrequisitos-do-cargo-de-tcnico-de-enfermagem\">Atribui\u00e7\u00f5es e pr\u00e9-requisitos do cargo de T\u00e9cnico de Enfermagem<\/h2>\n\n\n\n<p>Para se candidatar a uma das vagas \u00e9 preciso apresentar os <strong>pr\u00e9-requisitos <\/strong>citados abaixo, que constam no edital. Al\u00e9m disso, \u00e9 importante que o concurseiro saiba todas as <strong>atribui\u00e7\u00f5es do cargo. <\/strong><\/p>\n\n\n\n<ul class=\"wp-block-list\"><li><strong> T\u00e9cnico de Enfermagem<\/strong>\n<ul class=\"wp-block-list\"><li>Principais atribui\u00e7\u00f5es\n<ul class=\"wp-block-list\"><li>I. Assistir ao Enfermeiro no planejamento, programa\u00e7\u00e3o e orienta\u00e7\u00e3o das atividades de enfermagem, na presta\u00e7\u00e3o de cuidados diretos de enfermagem em estado grave, na preven\u00e7\u00e3o e no controle sistem\u00e1tico da infec\u00e7\u00e3o hospitalar, na preven\u00e7\u00e3o e controle de danos f\u00edsicos que possam ser causados a pacientes durante a assist\u00eancia de sa\u00fade. <\/li>\n\n\n\n<li>II. Executar atividades de assist\u00eancia de enfermagem na sa\u00fade do idoso, do adulto, da mulher, do adolescente, da crian\u00e7a e do rec\u00e9m-nascido, excetuadas as privativas do Enfermeiro. <\/li>\n\n\n\n<li>III. Prestar cuidados de enfermagem pr\u00e9 e p\u00f3s-operat\u00f3rios. <\/li>\n\n\n\n<li>IV. Circular em sala de cirurgia e instrumentar. <\/li>\n\n\n\n<li>V. Executar atividades de desinfec\u00e7\u00e3o e esteriliza\u00e7\u00e3o. <\/li>\n\n\n\n<li>VI. Organizar o ambiente de trabalho e dar continuidade aos plant\u00f5es. <\/li>\n\n\n\n<li>VII. Trabalhar em conformidade \u00e0s boas pr\u00e1ticas, normas e procedimentos de biosseguran\u00e7a. VIII. Participar e colaborar com as atividades de ensino, pesquisa e extens\u00e3o, de acordo com as necessidades institucionais. <\/li>\n\n\n\n<li>IX. Realizar demais atividades inerentes ao emprego. <\/li>\n<\/ul><\/li>\n\n\n\n<li><strong>Pr\u00e9-requisitos<\/strong>\n<ul class=\"wp-block-list\"><li>Certificado, devidamente registrado de curso de ensino m\u00e9dio, fornecido por institui\u00e7\u00e3o educacional, reconhecida pelo Minist\u00e9rio da Educa\u00e7\u00e3o; Certificado de conclus\u00e3o de curso T\u00e9cnico em Enfermagem e registro profissional no FUNDA\u00c7\u00c3O REGIONAL DE SA\u00daDE DO ESTADO DO CEAR\u00c1 | CONCURSO P\u00daBLICO 52 Conselho Regional de Enfermagem. <\/li>\n<\/ul><\/li>\n<\/ul><\/li>\n\n\n\n<li><strong>T\u00e9cnico de Enfermagem \u2013 Sa\u00fade do Trabalhador<\/strong>\n<ul class=\"wp-block-list\"><li>Principais atribui\u00e7\u00f5es\n<ul class=\"wp-block-list\"><li>I \u2013 Auxiliar o M\u00e9dico e\/ou Enfermeiro do Trabalho nas atividades relacionadas a medicina ocupacional; <\/li>\n\n\n\n<li>II \u2013 Realizar a aplica\u00e7\u00e3o de vacinas de acordo com o programa de imuniza\u00e7\u00e3o implantado pela Medicina do Trabalho; <\/li>\n\n\n\n<li>III \u2013 Organizar o atendimento geral e di\u00e1rio dos exames admissionais, peri\u00f3dicos, demissionais e especiais; <\/li>\n\n\n\n<li>IV \u2013 Participar com o enfermeiro do planejamento, programa\u00e7\u00e3o e orienta\u00e7\u00e3o das atividades de enfermagem do trabalho nos programas de educa\u00e7\u00e3o sanit\u00e1ria, estimulando h\u00e1bitos sadios para prevenir doen\u00e7as profissionais e melhorar as condi\u00e7\u00f5es de sa\u00fade dos trabalhadores; <\/li>\n\n\n\n<li>V \u2013 Participar da execu\u00e7\u00e3o de programas na \u00e1rea de sa\u00fade ocupacional e preven\u00e7\u00e3o de acidentes; Auxiliar na organiza\u00e7\u00e3o de arquivos, prontu\u00e1rios m\u00e9dicos e registros de dados de sa\u00fade, al\u00e9m de envio e recebimento de documentos pertinentes a sua \u00e1rea de atua\u00e7\u00e3o para assegurar a pronta localiza\u00e7\u00e3o de dados; <\/li>\n\n\n\n<li>VI \u2013 Zelar pela seguran\u00e7a individual e coletiva utilizando equipamentos de prote\u00e7\u00e3o apropriados, quando da execu\u00e7\u00e3o dos servi\u00e7os; <\/li>\n\n\n\n<li>VII \u2013 Desenvolver suas atividades, aplicando normas e procedimentos biosseguran\u00e7a. <\/li>\n\n\n\n<li>VIII. Participar e colaborar com as atividades de ensino, pesquisa e extens\u00e3o, de acordo com as necessidades institucionais. <\/li>\n\n\n\n<li>IX. Realizar demais atividades inerentes ao emprego. <\/li>\n<\/ul><\/li>\n\n\n\n<li><strong>Pr\u00e9-requisitos<\/strong>\n<ul class=\"wp-block-list\"><li>Certificado, devidamente registrado de curso de ensino m\u00e9dio, fornecido por institui\u00e7\u00e3o educacional, reconhecida pelo Minist\u00e9rio da Educa\u00e7\u00e3o; Certificado de conclus\u00e3o de curso T\u00e9cnico em Enfermagem em Sa\u00fade do Trabalhador e Registro Profissional no Conselho Regional de Enfermagem. <\/li>\n<\/ul><\/li>\n<\/ul><\/li>\n<\/ul><p><\/p>\n\n\n\n<h2 class=\"wp-block-heading\" id=\"para-onde-so-as-vagas-do-concurso-funsade-ce\">Para onde s\u00e3o as vagas do concurso Funsa\u00fade CE?<\/h2>\n\n\n\n<p>O\u00a0<a href=\"https:\/\/www.novaconcursos.com.br\/portal\/concursos-abertos\/ce\/\">concurso<\/a>\u00a0Funsa\u00fade CE conta com a organiza\u00e7\u00e3o da Funda\u00e7\u00e3o Get\u00falio Vargas (<strong>FGV<\/strong>) e os aprovados poder\u00e3o atuar nas seguintes unidades:<\/p>\n\n\n\n<ul class=\"wp-block-list\"><li>Hospital Geral de Fortaleza<\/li>\n\n\n\n<li>Hospital de Messejana<\/li>\n\n\n\n<li>Hospital Infantil Albert Sabin<\/li>\n\n\n\n<li>Central de Regula\u00e7\u00e3o<\/li>\n\n\n\n<li>Centro e Especialidades Pedi\u00e1tricas<\/li>\n\n\n\n<li>Sede da Funsa\u00fade<\/li>\n<\/ul><p><\/p>\n\n\n\n<h2 class=\"wp-block-heading\" id=\"etapas\">Concurso Funsa\u00fade CE: etapas e provas<\/h2>\n\n\n\n<p>A avalia\u00e7\u00e3o dos candidatos do concurso Funsa\u00fade CE ser\u00e1 realizada atrav\u00e9s de at\u00e9 duas etapas, sendo elas:<\/p>\n\n\n\n<ul class=\"wp-block-list\"><li><strong>Prova Objetiva<\/strong>\u00a0\u2013 de car\u00e1ter eliminat\u00f3rio e classificat\u00f3rio;<\/li>\n\n\n\n<li><strong>Avalia\u00e7\u00e3o de T\u00edtulos<\/strong>\u00a0\u2013 de car\u00e1ter classificat\u00f3rio.<\/li>\n<\/ul><p><\/p>\n\n\n\n<p>Em car\u00e1ter eliminat\u00f3rio e classificat\u00f3rio, as\u00a0<strong>provas objetivas<\/strong>\u00a0ser\u00e3o aplicadas em Fortaleza. A previs\u00e3o aponta que elas acontecer\u00e3o no dia 24 de outubro, das 13h15 \u00e0s 17h.<\/p>\n\n\n\n<p>Os candidatos inscritos ser\u00e3o avaliados por meio de\u00a0<strong>60 quest\u00f5es,<\/strong>\u00a0que abordar\u00e3o as disciplinas de:<\/p>\n\n\n\n<ul class=\"wp-block-list\"><li>L\u00edngua Portuguesa \u2013 10 quest\u00f5es<\/li>\n\n\n\n<li>Racioc\u00ednio L\u00f3gico \u2013 10<\/li>\n\n\n\n<li>No\u00e7\u00f5es de Inform\u00e1tica \u2013 10<\/li>\n\n\n\n<li>Legisla\u00e7\u00e3o SUS \u2013 5<\/li>\n\n\n\n<li>Conhecimentos espec\u00edficos \u2013 25<\/li>\n<\/ul><p><\/p>","protected":false},"excerpt":{"rendered":"<p>Aten\u00e7\u00e3o concurseiros! O novo\u00a0concurso Funsa\u00fade CE\u00a0conta com a oferta de\u00a06 mil vagas imediatas\u00a0e 20 mil para forma\u00e7\u00e3o de cadastro reserva. Destas, 2.570 s\u00e3o para T\u00e9cnico de Enfermagem, que exige\u00a0n\u00edvel m\u00e9dio\/t\u00e9cnico e tem sal\u00e1rios de\u00a0R$ 2.200,00. Inscri\u00e7\u00f5es do concurso Funsa\u00fade CE v\u00e3o at\u00e9 agosto As inscri\u00e7\u00f5es do concurso Funsa\u00fade CE ser\u00e3o abertas no pr\u00f3ximo dia 12 [&hellip;]<\/p>\n","protected":false},"author":54671,"featured_media":131491,"comment_status":"closed","ping_status":"closed","sticky":false,"template":"","format":"standard","meta":{"_acf_changed":false,"footnotes":"","_wp_rev_ctl_limit":""},"categories":[228],"tags":[39650,3685,38439,2578,39648,6971,37288,39970,38431,115,39649,1105,39651],"class_list":["post-136773","post","type-post","status-publish","format-standard","has-post-thumbnail","hentry","category-noticias","tag-cargos-concurso-funsaude-ce","tag-ceara","tag-concurso-funsaude-ce","tag-concursos-publicos","tag-edital-concurso-funsaude-ce","tag-enfermagem","tag-fundacao-getulio-vargas","tag-funsaude-ce-tecnico-enfermagem","tag-governador-camilo-santana","tag-nova-concursos","tag-salario-concurso-funsaude-ce","tag-tecnico-de-enfermagem","tag-vagas-concurso-funsaude-ce"],"acf":[],"_links":{"self":[{"href":"https:\/\/www.novaconcursos.com.br\/portal\/wp-json\/wp\/v2\/posts\/136773","targetHints":{"allow":["GET"]}}],"collection":[{"href":"https:\/\/www.novaconcursos.com.br\/portal\/wp-json\/wp\/v2\/posts"}],"about":[{"href":"https:\/\/www.novaconcursos.com.br\/portal\/wp-json\/wp\/v2\/types\/post"}],"author":[{"embeddable":true,"href":"https:\/\/www.novaconcursos.com.br\/portal\/wp-json\/wp\/v2\/users\/54671"}],"replies":[{"embeddable":true,"href":"https:\/\/www.novaconcursos.com.br\/portal\/wp-json\/wp\/v2\/comments?post=136773"}],"version-history":[{"count":8,"href":"https:\/\/www.novaconcursos.com.br\/portal\/wp-json\/wp\/v2\/posts\/136773\/revisions"}],"predecessor-version":[{"id":260617,"href":"https:\/\/www.novaconcursos.com.br\/portal\/wp-json\/wp\/v2\/posts\/136773\/revisions\/260617"}],"wp:featuredmedia":[{"embeddable":true,"href":"https:\/\/www.novaconcursos.com.br\/portal\/wp-json\/wp\/v2\/media\/131491"}],"wp:attachment":[{"href":"https:\/\/www.novaconcursos.com.br\/portal\/wp-json\/wp\/v2\/media?parent=136773"}],"wp:term":[{"taxonomy":"category","embeddable":true,"href":"https:\/\/www.novaconcursos.com.br\/portal\/wp-json\/wp\/v2\/categories?post=136773"},{"taxonomy":"post_tag","embeddable":true,"href":"https:\/\/www.novaconcursos.com.br\/portal\/wp-json\/wp\/v2\/tags?post=136773"}],"curies":[{"name":"wp","href":"https:\/\/api.w.org\/{rel}","templated":true}]}}